{"id":82278,"date":"2022-06-07T14:11:24","date_gmt":"2022-06-07T14:11:24","guid":{"rendered":"https:\/\/gazetaregionalna.com\/?p=82278"},"modified":"2022-06-07T14:14:05","modified_gmt":"2022-06-07T14:14:05","slug":"gdy-idziemy-na-zakupy-swoich-pupili-nie-zostawiamy-w-aucie","status":"publish","type":"post","link":"https:\/\/gazetaregionalna.com\/?p=82278","title":{"rendered":"Policja apeluje gdy idziemy na zakupy, swoich pupili nie zostawiamy w aucie"},"content":{"rendered":"\n<h2 class=\"wp-block-heading\">Wielu z nam wiosenno-letni czas kojarzy si\u0119 ze s\u0142oneczn\u0105 pogod\u0105 oraz wypoczynkiem.<\/h2>\n\n\n\n<p>W wakacyjn\u0105 podr\u00f3\u017c cz\u0119sto zabieramy swoich czworono\u017cnych przyjaci\u00f3\u0142, ale nie mo\u017cemy \u00a0zapomnie\u0107, jak <strong>niebezpieczne <\/strong>jest <strong>zostawianie ich w aucie<\/strong>. <strong>Policja przypomina, \u017ce samoch\u00f3d nagrzewa si\u0119 bardzo szybko i stanowi \u015bmiertelne zagro\u017cenie dla naszych pupili!<\/strong><\/p>\n\n\n\n<p>W ramach kampanii <strong>\u201eNaturalnie, \u017ce chronimy&#8221;<\/strong> w trosce o czworono\u017cnych pupili, policjanci z Komendy Wojew\u00f3dzkiej Policji w Katowicach wraz z partnerami opracowali plakat profilaktyczny, zwracaj\u0105cy uwag\u0119 na to, \u017ce <strong>wn\u0119trze samochodu to \u015bmiertelne zagro\u017cenie dla zwierz\u0105t<\/strong> i <strong>nie nale\u017cy ich w nich zamyka\u0107 cho\u0107by na chwil\u0119.<\/strong><\/p>\n\n\n\n<p>Zbli\u017ca si\u0119 okres letni. Upalne dni s\u0105 trudne do zniesienia dla ludzi, ale tak\u017ce dla zwierz\u0105t. <strong>Zamkni\u0119te auto nagrzewa si\u0119 bardzo szybko<\/strong>, wystarczy dos\u0142ownie chwila by by\u0142o w nim jak w saunie. Szyby przepuszczaj\u0105 promieniowanie s\u0142oneczne, nie tylko te widzialne, ale te\u017c to podczerwone, kt\u00f3re odpowiada za wzrost temperatury s\u0105 dodatkowym izolatorem, przez co ciep\u0142o zostaje w aucie. Nawet samoch\u00f3d, kt\u00f3ry stoi w cieniu, zmienia si\u0119 bardzo szybko w piekarnik. <strong>Ju\u017c kilka minut przebywania w takich warunkach mo\u017ce doprowadzi\u0107 do przegrzania organizmu a tak\u017ce \u015bmierci<\/strong>, <strong>bez wzgl\u0119du na to, czy w aucie znajduje si\u0119 pies, kot, doros\u0142y cz\u0142owiek, czy dziecko<\/strong>. Sytuacji nie uratuje pozostawienie uchylonego okna \u2013 sch\u0142odzi ono wn\u0119trze samochodu tylko w niewielkim stopniu. Wydawa\u0107 by si\u0119 mog\u0142o, \u017ce nic z\u0142ego si\u0119 nie stanie, je\u015bli zostawimy psa tylko na chwilk\u0119, by zrobi\u0107 szybkie zakupy, czy za\u0142atwi\u0107 jak\u0105\u015b spraw\u0119. Nic bardziej mylnego. <strong>W zamkni\u0119tym aucie temperatura ro\u015bnie b\u0142yskawicznie<\/strong>.<\/p>\n\n\n\n<figure class=\"wp-block-image size-large\"><img decoding=\"async\" width=\"663\" height=\"932\" data-src=\"https:\/\/gazetaregionalna.com\/wp-content\/uploads\/2022\/06\/1-16.jpg\" alt=\"\" class=\"wp-image-82280 lazyload\" data-srcset=\"https:\/\/gazetaregionalna.com\/wp-content\/uploads\/2022\/06\/1-16.jpg 663w, https:\/\/gazetaregionalna.com\/wp-content\/uploads\/2022\/06\/1-16-213x300.jpg 213w, https:\/\/gazetaregionalna.com\/wp-content\/uploads\/2022\/06\/1-16-299x420.jpg 299w\" data-sizes=\"(max-width: 663px) 100vw, 663px\" src=\"data:image\/svg+xml;base64,PHN2ZyB3aWR0aD0iMSIgaGVpZ2h0PSIxIiB4bWxucz0iaHR0cDovL3d3dy53My5vcmcvMjAwMC9zdmciPjwvc3ZnPg==\" style=\"--smush-placeholder-width: 663px; --smush-placeholder-aspect-ratio: 663\/932;\" \/><figcaption>fot. Policja \u015al\u0105ska<\/figcaption><\/figure>\n\n\n\n<p>Nie doprowadzajmy do takich sytuacji. Przez brak naszej rozwagi mo\u017ce doj\u015b\u0107 do tragedii.<\/p>\n\n\n\n<p>Reagujmy. Widz\u0105c pozostawione w rozgrzanym samochodzie dziecko b\u0105d\u017a zwierz\u0119 natychmiast nale\u017cy skontaktowa\u0107 \u00a0si\u0119 ze s\u0142u\u017cbami ratunkowymi, wybieraj\u0105c numer alarmowy <strong>112<\/strong>. Pami\u0119tajmy te\u017c, \u017ce w przypadku, gdy widzimy, \u017ce ich \u017cycie jest zagro\u017cone, <strong>mo\u017cemy wybi\u0107 szyb\u0119<\/strong>, nie czekaj\u0105c na pomoc s\u0142u\u017cb. <strong>Nie b\u0119dziemy w\u00f3wczas poci\u0105gni\u0119ci do odpowiedzialno\u015bci za zniszczone mienie<\/strong>.<\/p>\n\n\n\n<p>Wi\u0119cej o tej kampanii mo\u017cna poczyta\u0107 <a href=\"https:\/\/slaska.policja.gov.pl\/kat\/naturalnie-ze-chronimy\/317714,NATURALNIE-ze-CHRONIMY.html\" target=\"_blank\" rel=\"noopener\">TUTAJ<\/a> .<\/p>\n\n\n\n<p><strong>K KIK <\/strong><\/p>\n","protected":false},"excerpt":{"rendered":"<p>Wielu z nam wiosenno-letni czas kojarzy si\u0119 ze s\u0142oneczn\u0105 pogod\u0105 oraz wypoczynkiem. W wakacyjn\u0105 podr\u00f3\u017c cz\u0119sto zabieramy swoich czworono\u017cnych przyjaci\u00f3\u0142, ale nie mo\u017cemy \u00a0zapomnie\u0107,<\/p>\n","protected":false},"author":21,"featured_media":82279,"comment_status":"closed","ping_status":"open","sticky":false,"template":"","format":"standard","meta":{"_monsterinsights_skip_tracking":false,"_monsterinsights_sitenote_active":false,"_monsterinsights_sitenote_note":"","_monsterinsights_sitenote_category":0,"_uf_show_specific_survey":0,"_uf_disable_surveys":false,"footnotes":""},"categories":[2,44],"tags":[103,5156,5155],"class_list":["post-82278","post","type-post","status-publish","format-standard","has-post-thumbnail","hentry","category-wiadomosci","category-bezpieczenstwo","tag-policja","tag-pupile","tag-rozgrzane-auto"],"_links":{"self":[{"href":"https:\/\/gazetaregionalna.com\/index.php?rest_route=\/wp\/v2\/posts\/82278","targetHints":{"allow":["GET"]}}],"collection":[{"href":"https:\/\/gazetaregionalna.com\/index.php?rest_route=\/wp\/v2\/posts"}],"about":[{"href":"https:\/\/gazetaregionalna.com\/index.php?rest_route=\/wp\/v2\/types\/post"}],"author":[{"embeddable":true,"href":"https:\/\/gazetaregionalna.com\/index.php?rest_route=\/wp\/v2\/users\/21"}],"replies":[{"embeddable":true,"href":"https:\/\/gazetaregionalna.com\/index.php?rest_route=%2Fwp%2Fv2%2Fcomments&post=82278"}],"version-history":[{"count":2,"href":"https:\/\/gazetaregionalna.com\/index.php?rest_route=\/wp\/v2\/posts\/82278\/revisions"}],"predecessor-version":[{"id":82282,"href":"https:\/\/gazetaregionalna.com\/index.php?rest_route=\/wp\/v2\/posts\/82278\/revisions\/82282"}],"wp:featuredmedia":[{"embeddable":true,"href":"https:\/\/gazetaregionalna.com\/index.php?rest_route=\/wp\/v2\/media\/82279"}],"wp:attachment":[{"href":"https:\/\/gazetaregionalna.com\/index.php?rest_route=%2Fwp%2Fv2%2Fmedia&parent=82278"}],"wp:term":[{"taxonomy":"category","embeddable":true,"href":"https:\/\/gazetaregionalna.com\/index.php?rest_route=%2Fwp%2Fv2%2Fcategories&post=82278"},{"taxonomy":"post_tag","embeddable":true,"href":"https:\/\/gazetaregionalna.com\/index.php?rest_route=%2Fwp%2Fv2%2Ftags&post=82278"}],"curies":[{"name":"wp","href":"https:\/\/api.w.org\/{rel}","templated":true}]}}