{"id":82271,"date":"2022-06-07T12:59:38","date_gmt":"2022-06-07T12:59:38","guid":{"rendered":"https:\/\/gazetaregionalna.com\/?p=82271"},"modified":"2022-06-07T12:59:39","modified_gmt":"2022-06-07T12:59:39","slug":"uczniowie-z-elektryka-w-radomsku-z-nowymi-umiejetnosciami-dzieki-programowi-erasmus","status":"publish","type":"post","link":"https:\/\/gazetaregionalna.com\/?p=82271","title":{"rendered":"Uczniowie z Elektryka w Radomsku z nowymi umiej\u0119tno\u015bciami dzi\u0119ki programowi Erasmus +"},"content":{"rendered":"\n<h2 class=\"wp-block-heading\">Dwudziestu czterech uczni\u00f3w z Elektryka zako\u0144czy\u0142o sta\u017c w ramach programu UE Erasmus+<\/h2>\n\n\n\n<p>Zaj\u0119cia w jakich uczestniczyli, stanowi\u0142y ciekawe <strong>wyk\u0142ady <\/strong>i <strong>zadania praktyczne<\/strong>. M\u0142odzie\u017c z radomszcza\u0144skiej szko\u0142y poszerzy\u0142a swoje umiej\u0119tno\u015bci w <strong>lutowaniu<\/strong> oraz w <strong>robotyce<\/strong>.<\/p>\n\n\n\n<p>Uczniowie w czasie zaj\u0119\u0107 w <strong>Tettnang<\/strong> odbyli <strong>kompleksowy kurs robotyki<\/strong>, w czasie kt\u00f3rego nauczyli si\u0119 przede wszystkim jak <strong>tworzy\u0107 i programowa\u0107 roboty<\/strong>. Zaj\u0119cia rozpocz\u0119\u0142y si\u0119 od zagadnie\u0144 teoretycznych i prostych uk\u0142ad\u00f3w. Poziom \u0107wicze\u0144 z czasem wzrasta\u0142, tak, aby finalnie umo\u017cliwi\u0107 stworzenie a tak\u017ce zaprogramowanie w\u0142asnego robota od podstaw. T\u0119 cz\u0119\u015b\u0107 sfinalizowa\u0142 <strong>turniej walk robot\u00f3w<\/strong>, co okaza\u0142o si\u0119 pe\u0142nym emocji prze\u017cyciem.<\/p>\n\n\n\n<p><em>\u201eZar\u00f3wno pilotowanie i konstrukcja robota mia\u0142a tutaj du\u017ce znaczenie, aczkolwiek uwa\u017cam, \u017ce sterowanie tym robotem mia\u0142o wi\u0119kszy wp\u0142yw, bo jednak si\u0142a si\u0142\u0105, ale sterowa\u0107 te\u017c trzeba potrafi\u0107\u201d<\/em>\u2013 powiedzia\u0142 ucze\u0144 ze zwyci\u0119skiej grupy.<\/p>\n\n\n\n<p>Jak przysta\u0142o na elektronik\u00f3w, nie mog\u0142o zabrakn\u0105\u0107 r\u00f3wnie\u017c <strong>zaj\u0119\u0107 z lutowania<\/strong>. Po przeszkoleniu oraz zapoznaniu ze sprz\u0119tem a tak\u017ce z zasadami lutowania sta\u017cy\u015bci przeszli do pracy. Mieli oni do wykonania wiele zada\u0144 na p\u0142ytkach, co pozwoli\u0142o im podnie\u015b\u0107 swoje umiej\u0119tno\u015bci na kolejny wy\u017cszy poziom. Uczniowie pracowali na profesjonalnym sprz\u0119cie w specjalnie zaprojektowanej do lutowania sali, kt\u00f3ra opr\u00f3cz \u015bwietnego\u00a0 wyposa\u017cenia posiada\u0142a r\u00f3wnie\u017c szereg system\u00f3w bezpiecze\u0144stwa.<\/p>\n\n\n\n<p><em>\u201eLutowanie nie by\u0142o trudne, poradzi\u0142em sobie ze wszystkim w miar\u0119 dobrze, par\u0119 razy co\u015b nie wysz\u0142o najlepiej, ale tak og\u00f3lnie, to nie by\u0142o \u017ale\u201d<\/em> \u2013 skomentowa\u0142 uczestnik projektu.<\/p>\n\n\n\n<p>Grupa uda\u0142a si\u0119 tak\u017ce na <strong>sesj\u0119 zdj\u0119ciow\u0105 w plener<\/strong> oraz do <strong>studia audiowizualnego<\/strong>. To w\u0142a\u015bnie tam odby\u0142y si\u0119 <strong>warsztaty z obs\u0142ugi lamp i aparat\u00f3w<\/strong>, kt\u00f3re s\u0105 u\u017cywane na profesjonalnych sesjach zdj\u0119ciowych. Uczniowie zdobyli te\u017c cenn\u0105 wiedz\u0119 na temat <strong>komputerowej obr\u00f3bki zdj\u0119\u0107<\/strong>.<\/p>\n\n\n\n<figure class=\"wp-block-gallery columns-4 is-cropped wp-block-gallery-1 is-layout-flex wp-block-gallery-is-layout-flex\"><ul class=\"blocks-gallery-grid\"><li class=\"blocks-gallery-item\"><figure><a href=\"https:\/\/gazetaregionalna.com\/wp-content\/uploads\/2022\/06\/1-5.png\"><img decoding=\"async\" width=\"773\" height=\"473\" data-src=\"https:\/\/gazetaregionalna.com\/wp-content\/uploads\/2022\/06\/1-5.png\" alt=\"\" data-id=\"82272\" data-link=\"https:\/\/gazetaregionalna.com\/?attachment_id=82272\" class=\"wp-image-82272 lazyload\" data-srcset=\"https:\/\/gazetaregionalna.com\/wp-content\/uploads\/2022\/06\/1-5.png 773w, https:\/\/gazetaregionalna.com\/wp-content\/uploads\/2022\/06\/1-5-300x184.png 300w, https:\/\/gazetaregionalna.com\/wp-content\/uploads\/2022\/06\/1-5-768x470.png 768w, https:\/\/gazetaregionalna.com\/wp-content\/uploads\/2022\/06\/1-5-696x426.png 696w, https:\/\/gazetaregionalna.com\/wp-content\/uploads\/2022\/06\/1-5-686x420.png 686w\" data-sizes=\"(max-width: 773px) 100vw, 773px\" src=\"data:image\/svg+xml;base64,PHN2ZyB3aWR0aD0iMSIgaGVpZ2h0PSIxIiB4bWxucz0iaHR0cDovL3d3dy53My5vcmcvMjAwMC9zdmciPjwvc3ZnPg==\" style=\"--smush-placeholder-width: 773px; --smush-placeholder-aspect-ratio: 773\/473;\" \/><\/a><\/figure><\/li><li class=\"blocks-gallery-item\"><figure><a href=\"https:\/\/gazetaregionalna.com\/wp-content\/uploads\/2022\/06\/3-4.png\"><img decoding=\"async\" width=\"904\" height=\"605\" data-src=\"https:\/\/gazetaregionalna.com\/wp-content\/uploads\/2022\/06\/3-4.png\" alt=\"\" data-id=\"82273\" data-link=\"https:\/\/gazetaregionalna.com\/?attachment_id=82273\" class=\"wp-image-82273 lazyload\" data-srcset=\"https:\/\/gazetaregionalna.com\/wp-content\/uploads\/2022\/06\/3-4.png 904w, https:\/\/gazetaregionalna.com\/wp-content\/uploads\/2022\/06\/3-4-300x201.png 300w, https:\/\/gazetaregionalna.com\/wp-content\/uploads\/2022\/06\/3-4-768x514.png 768w, https:\/\/gazetaregionalna.com\/wp-content\/uploads\/2022\/06\/3-4-696x466.png 696w, https:\/\/gazetaregionalna.com\/wp-content\/uploads\/2022\/06\/3-4-628x420.png 628w\" data-sizes=\"(max-width: 904px) 100vw, 904px\" src=\"data:image\/svg+xml;base64,PHN2ZyB3aWR0aD0iMSIgaGVpZ2h0PSIxIiB4bWxucz0iaHR0cDovL3d3dy53My5vcmcvMjAwMC9zdmciPjwvc3ZnPg==\" style=\"--smush-placeholder-width: 904px; --smush-placeholder-aspect-ratio: 904\/605;\" \/><\/a><\/figure><\/li><li class=\"blocks-gallery-item\"><figure><a href=\"https:\/\/gazetaregionalna.com\/wp-content\/uploads\/2022\/06\/4-4.png\"><img decoding=\"async\" width=\"913\" height=\"521\" data-src=\"https:\/\/gazetaregionalna.com\/wp-content\/uploads\/2022\/06\/4-4.png\" alt=\"\" data-id=\"82274\" data-link=\"https:\/\/gazetaregionalna.com\/?attachment_id=82274\" class=\"wp-image-82274 lazyload\" data-srcset=\"https:\/\/gazetaregionalna.com\/wp-content\/uploads\/2022\/06\/4-4.png 913w, https:\/\/gazetaregionalna.com\/wp-content\/uploads\/2022\/06\/4-4-300x171.png 300w, https:\/\/gazetaregionalna.com\/wp-content\/uploads\/2022\/06\/4-4-768x438.png 768w, https:\/\/gazetaregionalna.com\/wp-content\/uploads\/2022\/06\/4-4-696x397.png 696w, https:\/\/gazetaregionalna.com\/wp-content\/uploads\/2022\/06\/4-4-736x420.png 736w\" data-sizes=\"(max-width: 913px) 100vw, 913px\" src=\"data:image\/svg+xml;base64,PHN2ZyB3aWR0aD0iMSIgaGVpZ2h0PSIxIiB4bWxucz0iaHR0cDovL3d3dy53My5vcmcvMjAwMC9zdmciPjwvc3ZnPg==\" style=\"--smush-placeholder-width: 913px; --smush-placeholder-aspect-ratio: 913\/521;\" \/><\/a><\/figure><\/li><li class=\"blocks-gallery-item\"><figure><a href=\"https:\/\/gazetaregionalna.com\/wp-content\/uploads\/2022\/06\/5-4.png\"><img decoding=\"async\" width=\"940\" height=\"529\" data-src=\"https:\/\/gazetaregionalna.com\/wp-content\/uploads\/2022\/06\/5-4.png\" alt=\"\" data-id=\"82275\" data-full-url=\"https:\/\/gazetaregionalna.com\/wp-content\/uploads\/2022\/06\/5-4.png\" data-link=\"https:\/\/gazetaregionalna.com\/?attachment_id=82275\" class=\"wp-image-82275 lazyload\" data-srcset=\"https:\/\/gazetaregionalna.com\/wp-content\/uploads\/2022\/06\/5-4.png 940w, https:\/\/gazetaregionalna.com\/wp-content\/uploads\/2022\/06\/5-4-300x169.png 300w, https:\/\/gazetaregionalna.com\/wp-content\/uploads\/2022\/06\/5-4-768x432.png 768w, https:\/\/gazetaregionalna.com\/wp-content\/uploads\/2022\/06\/5-4-696x392.png 696w, https:\/\/gazetaregionalna.com\/wp-content\/uploads\/2022\/06\/5-4-746x420.png 746w\" data-sizes=\"(max-width: 940px) 100vw, 940px\" src=\"data:image\/svg+xml;base64,PHN2ZyB3aWR0aD0iMSIgaGVpZ2h0PSIxIiB4bWxucz0iaHR0cDovL3d3dy53My5vcmcvMjAwMC9zdmciPjwvc3ZnPg==\" style=\"--smush-placeholder-width: 940px; --smush-placeholder-aspect-ratio: 940\/529;\" \/><\/a><\/figure><\/li><\/ul><figcaption class=\"blocks-gallery-caption\">fot. Starostwo Powiatowe w Radomsku <\/figcaption><\/figure>\n\n\n\n<p><strong>K KIK <\/strong><\/p>\n","protected":false},"excerpt":{"rendered":"<p>Dwudziestu czterech uczni\u00f3w z Elektryka zako\u0144czy\u0142o sta\u017c w ramach programu UE Erasmus+ Zaj\u0119cia w jakich uczestniczyli, stanowi\u0142y ciekawe wyk\u0142ady i zadania praktyczne. M\u0142odzie\u017c z<\/p>\n","protected":false},"author":21,"featured_media":82276,"comment_status":"closed","ping_status":"open","sticky":false,"template":"","format":"standard","meta":{"_monsterinsights_skip_tracking":false,"_monsterinsights_sitenote_active":false,"_monsterinsights_sitenote_note":"","_monsterinsights_sitenote_category":0,"_uf_show_specific_survey":0,"_uf_disable_surveys":false,"footnotes":""},"categories":[2,28],"tags":[5153,5154,113,1806],"class_list":["post-82271","post","type-post","status-publish","format-standard","has-post-thumbnail","hentry","category-wiadomosci","category-radomsko","tag-elektryk","tag-program-erasmus","tag-radomsko","tag-uczniowie"],"_links":{"self":[{"href":"https:\/\/gazetaregionalna.com\/index.php?rest_route=\/wp\/v2\/posts\/82271","targetHints":{"allow":["GET"]}}],"collection":[{"href":"https:\/\/gazetaregionalna.com\/index.php?rest_route=\/wp\/v2\/posts"}],"about":[{"href":"https:\/\/gazetaregionalna.com\/index.php?rest_route=\/wp\/v2\/types\/post"}],"author":[{"embeddable":true,"href":"https:\/\/gazetaregionalna.com\/index.php?rest_route=\/wp\/v2\/users\/21"}],"replies":[{"embeddable":true,"href":"https:\/\/gazetaregionalna.com\/index.php?rest_route=%2Fwp%2Fv2%2Fcomments&post=82271"}],"version-history":[{"count":1,"href":"https:\/\/gazetaregionalna.com\/index.php?rest_route=\/wp\/v2\/posts\/82271\/revisions"}],"predecessor-version":[{"id":82277,"href":"https:\/\/gazetaregionalna.com\/index.php?rest_route=\/wp\/v2\/posts\/82271\/revisions\/82277"}],"wp:featuredmedia":[{"embeddable":true,"href":"https:\/\/gazetaregionalna.com\/index.php?rest_route=\/wp\/v2\/media\/82276"}],"wp:attachment":[{"href":"https:\/\/gazetaregionalna.com\/index.php?rest_route=%2Fwp%2Fv2%2Fmedia&parent=82271"}],"wp:term":[{"taxonomy":"category","embeddable":true,"href":"https:\/\/gazetaregionalna.com\/index.php?rest_route=%2Fwp%2Fv2%2Fcategories&post=82271"},{"taxonomy":"post_tag","embeddable":true,"href":"https:\/\/gazetaregionalna.com\/index.php?rest_route=%2Fwp%2Fv2%2Ftags&post=82271"}],"curies":[{"name":"wp","href":"https:\/\/api.w.org\/{rel}","templated":true}]}}