{"id":82071,"date":"2022-06-06T06:04:40","date_gmt":"2022-06-06T06:04:40","guid":{"rendered":"https:\/\/gazetaregionalna.com\/?p=82071"},"modified":"2022-06-08T15:08:04","modified_gmt":"2022-06-08T15:08:04","slug":"lubliniec-swietuje-750-lecie","status":"publish","type":"post","link":"https:\/\/gazetaregionalna.com\/?p=82071","title":{"rendered":"Lubliniec \u015bwi\u0119tuje 750-lecie"},"content":{"rendered":"\n<h2 class=\"wp-block-heading\">Jubileuszowy bieg, koncerty, sportowa rywalizacja, animacje, zabawy. Miasto Lubliniec \u015bwi\u0119tuje 750-lat istnienia. W miniony weekend wyj\u0105tkowo du\u017co si\u0119 dzia\u0142o. <\/h2>\n\n\n\n<p>O obchodach tego zacnego jubileuszu pisali\u015bmy ju\u017c wielokrotnie. Lubliniec przygotowa\u0142 dla swoich mieszka\u0144c\u00f3w ogrom atrakcji, a \u015bwi\u0119towanie b\u0119dzie trwa\u0142o ca\u0142y rok. <\/p>\n\n\n\n<p>Miniony weekend obfitowa\u0142 w szereg wydarze\u0144 plenerowych, kt\u00f3re pomimo zmiennej pogody odby\u0142y si\u0119 na Stadionie Miejskim. <\/p>\n\n\n\n<p>W Jubileuszowym Biegu wystartowa\u0142y ca\u0142e rodziny, a  na murawie boiska powsta\u0142 \u017cywy napis, uwieczniony na pami\u0105tkowych zdj\u0119ciach. Mo\u017cna by\u0142o skorzysta\u0107 z panelu bezp\u0142atnych bada\u0144 medycznych w specjalnie powsta\u0142ym miasteczku, nie zabrak\u0142o rozgrywek pi\u0142karskich, a Turniej &#8222;Od przedszkola strzelam gola&#8221; otworzy\u0142 sam \u0141ukasz Piszczek.<\/p>\n\n\n\n<p>Osoby pragn\u0105ce mocniejszych wra\u017ce\u0144 mog\u0142y wzi\u0105\u0107 udzia\u0142 w bardziej wymagaj\u0105cych rozgrywkach sportowych. Rywalizacja &#8222;Wymiataczy&#8221; przynios\u0142a wiele emocji.<\/p>\n\n\n\n<p>Oto porcja zdj\u0119\u0107 z Jubileuszowego Biegu. Warto \u015bledzi\u0107 wydarzenia w Lubli\u0144cu, poniewa\u017c zaplanowano jeszcze wiele atrakcji.<\/p>\n\n\n\n<figure class=\"wp-block-gallery columns-3 is-cropped wp-block-gallery-1 is-layout-flex wp-block-gallery-is-layout-flex\"><ul class=\"blocks-gallery-grid\"><li class=\"blocks-gallery-item\"><figure><img decoding=\"async\" width=\"1024\" height=\"576\" data-src=\"https:\/\/gazetaregionalna.com\/wp-content\/uploads\/2022\/06\/napis-1-1024x576.jpg\" alt=\"\" data-id=\"82074\" data-link=\"https:\/\/gazetaregionalna.com\/?attachment_id=82074\" class=\"wp-image-82074 lazyload\" data-srcset=\"https:\/\/gazetaregionalna.com\/wp-content\/uploads\/2022\/06\/napis-1-1024x576.jpg 1024w, https:\/\/gazetaregionalna.com\/wp-content\/uploads\/2022\/06\/napis-1-300x169.jpg 300w, https:\/\/gazetaregionalna.com\/wp-content\/uploads\/2022\/06\/napis-1-768x432.jpg 768w, https:\/\/gazetaregionalna.com\/wp-content\/uploads\/2022\/06\/napis-1-1536x864.jpg 1536w, https:\/\/gazetaregionalna.com\/wp-content\/uploads\/2022\/06\/napis-1-696x392.jpg 696w, https:\/\/gazetaregionalna.com\/wp-content\/uploads\/2022\/06\/napis-1-1068x601.jpg 1068w, https:\/\/gazetaregionalna.com\/wp-content\/uploads\/2022\/06\/napis-1-1920x1080.jpg 1920w, https:\/\/gazetaregionalna.com\/wp-content\/uploads\/2022\/06\/napis-1-747x420.jpg 747w, https:\/\/gazetaregionalna.com\/wp-content\/uploads\/2022\/06\/napis-1-scaled.jpg 1600w\" data-sizes=\"(max-width: 1024px) 100vw, 1024px\" src=\"data:image\/svg+xml;base64,PHN2ZyB3aWR0aD0iMSIgaGVpZ2h0PSIxIiB4bWxucz0iaHR0cDovL3d3dy53My5vcmcvMjAwMC9zdmciPjwvc3ZnPg==\" style=\"--smush-placeholder-width: 1024px; --smush-placeholder-aspect-ratio: 1024\/576;\" \/><\/figure><\/li><li class=\"blocks-gallery-item\"><figure><img decoding=\"async\" width=\"1024\" height=\"794\" data-src=\"https:\/\/gazetaregionalna.com\/wp-content\/uploads\/2022\/06\/napis1-1024x794.jpg\" alt=\"\" data-id=\"82075\" data-link=\"https:\/\/gazetaregionalna.com\/?attachment_id=82075\" class=\"wp-image-82075 lazyload\" data-srcset=\"https:\/\/gazetaregionalna.com\/wp-content\/uploads\/2022\/06\/napis1-1024x794.jpg 1024w, https:\/\/gazetaregionalna.com\/wp-content\/uploads\/2022\/06\/napis1-300x232.jpg 300w, https:\/\/gazetaregionalna.com\/wp-content\/uploads\/2022\/06\/napis1-768x595.jpg 768w, https:\/\/gazetaregionalna.com\/wp-content\/uploads\/2022\/06\/napis1-1536x1190.jpg 1536w, https:\/\/gazetaregionalna.com\/wp-content\/uploads\/2022\/06\/napis1-696x539.jpg 696w, https:\/\/gazetaregionalna.com\/wp-content\/uploads\/2022\/06\/napis1-1068x828.jpg 1068w, https:\/\/gazetaregionalna.com\/wp-content\/uploads\/2022\/06\/napis1-1920x1488.jpg 1920w, https:\/\/gazetaregionalna.com\/wp-content\/uploads\/2022\/06\/napis1-542x420.jpg 542w, https:\/\/gazetaregionalna.com\/wp-content\/uploads\/2022\/06\/napis1-scaled.jpg 1600w\" data-sizes=\"(max-width: 1024px) 100vw, 1024px\" src=\"data:image\/svg+xml;base64,PHN2ZyB3aWR0aD0iMSIgaGVpZ2h0PSIxIiB4bWxucz0iaHR0cDovL3d3dy53My5vcmcvMjAwMC9zdmciPjwvc3ZnPg==\" style=\"--smush-placeholder-width: 1024px; --smush-placeholder-aspect-ratio: 1024\/794;\" \/><\/figure><\/li><li class=\"blocks-gallery-item\"><figure><img decoding=\"async\" width=\"683\" height=\"1024\" data-src=\"https:\/\/gazetaregionalna.com\/wp-content\/uploads\/2022\/06\/napis-3-683x1024.jpg\" alt=\"\" data-id=\"82077\" data-link=\"https:\/\/gazetaregionalna.com\/?attachment_id=82077\" class=\"wp-image-82077 lazyload\" data-srcset=\"https:\/\/gazetaregionalna.com\/wp-content\/uploads\/2022\/06\/napis-3-683x1024.jpg 683w, https:\/\/gazetaregionalna.com\/wp-content\/uploads\/2022\/06\/napis-3-200x300.jpg 200w, https:\/\/gazetaregionalna.com\/wp-content\/uploads\/2022\/06\/napis-3-768x1152.jpg 768w, https:\/\/gazetaregionalna.com\/wp-content\/uploads\/2022\/06\/napis-3-1024x1536.jpg 1024w, https:\/\/gazetaregionalna.com\/wp-content\/uploads\/2022\/06\/napis-3-696x1044.jpg 696w, https:\/\/gazetaregionalna.com\/wp-content\/uploads\/2022\/06\/napis-3-1068x1602.jpg 1068w, https:\/\/gazetaregionalna.com\/wp-content\/uploads\/2022\/06\/napis-3-280x420.jpg 280w, https:\/\/gazetaregionalna.com\/wp-content\/uploads\/2022\/06\/napis-3-scaled.jpg 1066w\" data-sizes=\"(max-width: 683px) 100vw, 683px\" src=\"data:image\/svg+xml;base64,PHN2ZyB3aWR0aD0iMSIgaGVpZ2h0PSIxIiB4bWxucz0iaHR0cDovL3d3dy53My5vcmcvMjAwMC9zdmciPjwvc3ZnPg==\" style=\"--smush-placeholder-width: 683px; --smush-placeholder-aspect-ratio: 683\/1024;\" \/><\/figure><\/li><li class=\"blocks-gallery-item\"><figure><img decoding=\"async\" width=\"1024\" height=\"683\" data-src=\"https:\/\/gazetaregionalna.com\/wp-content\/uploads\/2022\/06\/napis5-1024x683.jpg\" alt=\"\" data-id=\"82079\" data-link=\"https:\/\/gazetaregionalna.com\/?attachment_id=82079\" class=\"wp-image-82079 lazyload\" data-srcset=\"https:\/\/gazetaregionalna.com\/wp-content\/uploads\/2022\/06\/napis5-1024x683.jpg 1024w, https:\/\/gazetaregionalna.com\/wp-content\/uploads\/2022\/06\/napis5-300x200.jpg 300w, https:\/\/gazetaregionalna.com\/wp-content\/uploads\/2022\/06\/napis5-768x512.jpg 768w, https:\/\/gazetaregionalna.com\/wp-content\/uploads\/2022\/06\/napis5-1536x1024.jpg 1536w, https:\/\/gazetaregionalna.com\/wp-content\/uploads\/2022\/06\/napis5-696x464.jpg 696w, https:\/\/gazetaregionalna.com\/wp-content\/uploads\/2022\/06\/napis5-1068x712.jpg 1068w, https:\/\/gazetaregionalna.com\/wp-content\/uploads\/2022\/06\/napis5-1920x1280.jpg 1920w, https:\/\/gazetaregionalna.com\/wp-content\/uploads\/2022\/06\/napis5-630x420.jpg 630w, https:\/\/gazetaregionalna.com\/wp-content\/uploads\/2022\/06\/napis5-scaled.jpg 1600w\" data-sizes=\"(max-width: 1024px) 100vw, 1024px\" src=\"data:image\/svg+xml;base64,PHN2ZyB3aWR0aD0iMSIgaGVpZ2h0PSIxIiB4bWxucz0iaHR0cDovL3d3dy53My5vcmcvMjAwMC9zdmciPjwvc3ZnPg==\" style=\"--smush-placeholder-width: 1024px; --smush-placeholder-aspect-ratio: 1024\/683;\" \/><\/figure><\/li><li class=\"blocks-gallery-item\"><figure><img decoding=\"async\" width=\"1024\" height=\"683\" data-src=\"https:\/\/gazetaregionalna.com\/wp-content\/uploads\/2022\/06\/napis4-1-1024x683.jpg\" alt=\"\" data-id=\"82080\" data-full-url=\"https:\/\/gazetaregionalna.com\/wp-content\/uploads\/2022\/06\/napis4-1-scaled.jpg\" data-link=\"https:\/\/gazetaregionalna.com\/?attachment_id=82080\" class=\"wp-image-82080 lazyload\" data-srcset=\"https:\/\/gazetaregionalna.com\/wp-content\/uploads\/2022\/06\/napis4-1-1024x683.jpg 1024w, https:\/\/gazetaregionalna.com\/wp-content\/uploads\/2022\/06\/napis4-1-300x200.jpg 300w, https:\/\/gazetaregionalna.com\/wp-content\/uploads\/2022\/06\/napis4-1-768x512.jpg 768w, https:\/\/gazetaregionalna.com\/wp-content\/uploads\/2022\/06\/napis4-1-1536x1024.jpg 1536w, https:\/\/gazetaregionalna.com\/wp-content\/uploads\/2022\/06\/napis4-1-696x464.jpg 696w, https:\/\/gazetaregionalna.com\/wp-content\/uploads\/2022\/06\/napis4-1-1068x712.jpg 1068w, https:\/\/gazetaregionalna.com\/wp-content\/uploads\/2022\/06\/napis4-1-1920x1280.jpg 1920w, https:\/\/gazetaregionalna.com\/wp-content\/uploads\/2022\/06\/napis4-1-630x420.jpg 630w, https:\/\/gazetaregionalna.com\/wp-content\/uploads\/2022\/06\/napis4-1-scaled.jpg 1600w\" data-sizes=\"(max-width: 1024px) 100vw, 1024px\" src=\"data:image\/svg+xml;base64,PHN2ZyB3aWR0aD0iMSIgaGVpZ2h0PSIxIiB4bWxucz0iaHR0cDovL3d3dy53My5vcmcvMjAwMC9zdmciPjwvc3ZnPg==\" style=\"--smush-placeholder-width: 1024px; --smush-placeholder-aspect-ratio: 1024\/683;\" \/><\/figure><\/li><\/ul><figcaption class=\"blocks-gallery-caption\">fot. FB Miasta Lubliniec<\/figcaption><\/figure>\n\n\n\n<p><\/p>\n","protected":false},"excerpt":{"rendered":"<p>Jubileuszowy bieg, koncerty, sportowa rywalizacja, animacje, zabawy. Miasto Lubliniec \u015bwi\u0119tuje 750-lat istnienia. W miniony weekend wyj\u0105tkowo du\u017co si\u0119 dzia\u0142o. O obchodach tego zacnego jubileuszu<\/p>\n","protected":false},"author":24,"featured_media":82074,"comment_status":"closed","ping_status":"open","sticky":false,"template":"","format":"standard","meta":{"_monsterinsights_skip_tracking":false,"_monsterinsights_sitenote_active":false,"_monsterinsights_sitenote_note":"","_monsterinsights_sitenote_category":0,"_uf_show_specific_survey":0,"_uf_disable_surveys":false,"footnotes":""},"categories":[25,4,30,37],"tags":[5139,5140,104,885],"class_list":["post-82071","post","type-post","status-publish","format-standard","has-post-thumbnail","hentry","category-lubliniec","category-region","category-wypoczynek","category-zdrowie","tag-750-lat","tag-bieg-jubileuszowy","tag-lubliniec","tag-stadion-miejski-w-lublincu"],"_links":{"self":[{"href":"https:\/\/gazetaregionalna.com\/index.php?rest_route=\/wp\/v2\/posts\/82071","targetHints":{"allow":["GET"]}}],"collection":[{"href":"https:\/\/gazetaregionalna.com\/index.php?rest_route=\/wp\/v2\/posts"}],"about":[{"href":"https:\/\/gazetaregionalna.com\/index.php?rest_route=\/wp\/v2\/types\/post"}],"author":[{"embeddable":true,"href":"https:\/\/gazetaregionalna.com\/index.php?rest_route=\/wp\/v2\/users\/24"}],"replies":[{"embeddable":true,"href":"https:\/\/gazetaregionalna.com\/index.php?rest_route=%2Fwp%2Fv2%2Fcomments&post=82071"}],"version-history":[{"count":3,"href":"https:\/\/gazetaregionalna.com\/index.php?rest_route=\/wp\/v2\/posts\/82071\/revisions"}],"predecessor-version":[{"id":82418,"href":"https:\/\/gazetaregionalna.com\/index.php?rest_route=\/wp\/v2\/posts\/82071\/revisions\/82418"}],"wp:featuredmedia":[{"embeddable":true,"href":"https:\/\/gazetaregionalna.com\/index.php?rest_route=\/wp\/v2\/media\/82074"}],"wp:attachment":[{"href":"https:\/\/gazetaregionalna.com\/index.php?rest_route=%2Fwp%2Fv2%2Fmedia&parent=82071"}],"wp:term":[{"taxonomy":"category","embeddable":true,"href":"https:\/\/gazetaregionalna.com\/index.php?rest_route=%2Fwp%2Fv2%2Fcategories&post=82071"},{"taxonomy":"post_tag","embeddable":true,"href":"https:\/\/gazetaregionalna.com\/index.php?rest_route=%2Fwp%2Fv2%2Ftags&post=82071"}],"curies":[{"name":"wp","href":"https:\/\/api.w.org\/{rel}","templated":true}]}}