{"id":82056,"date":"2022-06-05T12:09:04","date_gmt":"2022-06-05T12:09:04","guid":{"rendered":"https:\/\/gazetaregionalna.com\/?p=82056"},"modified":"2022-06-05T12:09:05","modified_gmt":"2022-06-05T12:09:05","slug":"filharmonia-czestochowska-waldemar-malicki","status":"publish","type":"post","link":"https:\/\/gazetaregionalna.com\/?p=82056","title":{"rendered":"Filharmonia Cz\u0119stochowska. Waldemar Malicki gwiazd\u0105 koncertu na fina\u0142 sezonu 2021\/2022"},"content":{"rendered":"\n<h2 class=\"wp-block-heading\">Sezon artystyczny 2021\/2022 dobiega ko\u0144ca. Filharmonia Cz\u0119stochowska zaprasza wi\u0119c na koncert fina\u0142owy. Jego gwiazd\u0105 b\u0119dzie pianista Waldemar Malicki. Wydarzenie zaplanowano na czwartek, 9 czerwca. <\/h2>\n\n\n\n<p>Waldemar Malicki jest jednym z najbardziej wszechstronnych polskich pianist\u00f3w. To solista, kameralista, improwizator. Uko\u0144czy\u0142 z wyr\u00f3\u017cnieniem Akademi\u0119 Muzyczn\u0105 w Gda\u0144sku, a nast\u0119pnie doskonali\u0142 swe umiej\u0119tno\u015bci w Wiedniu. Koncertuje w Europie, Ameryce P\u00f3\u0142nocnej i Po\u0142udniowej, Rosji i Japonii, uprawia kameralistyk\u0119 z najlepszymi polskimi skrzypkami i \u015bpiewakami. Nagra\u0142 ponad 40 p\u0142yt, z kt\u00f3rych trzy z utworami Wieniawskiego, Paderewskiego i Bacha otrzyma\u0142y w latach 1997, 2000 i 2003 nagrody polskiego przemys\u0142u fonograficznego \u201eFryderyk&#8221;.<\/p>\n\n\n\n<h4 class=\"wp-block-heading\">Wirtuozeria s\u0142owna i muzyczna<\/h4>\n\n\n\n<p>Ceniony artysta prowadzi kursy i seminaria muzyczne w Skandynawii, obu Amerykach i Japonii. Waldemar Malicki by\u0142 prezesem-za\u0142o\u017cycielem Towarzystwa im.I.J.Paderewskiego. Od 2000 r. jest dyrektorem artystycznym Festiwalu Wirtuozerii i \u017bartu Muzycznego \u201eFun and Classic&#8221; w Nowym S\u0105czu. Warto doda\u0107, \u017ce pianista jest r\u00f3wnie\u017c wsp\u00f3\u0142autorem i wykonawc\u0105 projektu \u201eFilharmonia Dowcipu&#8221;. To laureat Telekamery 2009, Wiktora 2011 oraz nagrody TVP \u201eArtysta bez granic&#8221; 2016.<\/p>\n\n\n\n<p>O sobie m\u00f3wi tak: pianista polski, \u017cyj\u0105cy. Wszechstronno\u015b\u0107 talentu pozwala mu na niespotykane w \u015bwiecie zabiegi klawiaturowe. Znany z niezwykle bliskiego kontaktu z publiczno\u015bci\u0105, w zadziwiaj\u0105cy spos\u00f3b \u0142\u0105czy wirtuozeri\u0119 muzyczn\u0105 i s\u0142own\u0105. Humor, zaskoczenie, brak granic wyobra\u017ani i delikatna pikanteria zmieszana ze swoist\u0105 elegancj\u0105. Nie traci klasy, nie wprowadza polityki, codziennie \u0107wiczy palce i fanatycznie bawi publiczno\u015b\u0107 w kraju i za granic\u0105. Wi\u0119cej o Malickim mo\u017cna przeczyta\u0107 za\u015b na stronie <a href=\"http:\/\/www.waldemarmalicki.com\/\" target=\"_blank\" rel=\"noopener\">www.waldemarmalicki.com<\/a>.<\/p>\n\n\n\n<figure class=\"wp-block-image size-large\"><img decoding=\"async\" width=\"724\" height=\"1024\" data-src=\"https:\/\/gazetaregionalna.com\/wp-content\/uploads\/2022\/06\/09062022a-724x1024.jpg\" alt=\"\" class=\"wp-image-82060 lazyload\" data-srcset=\"https:\/\/gazetaregionalna.com\/wp-content\/uploads\/2022\/06\/09062022a-724x1024.jpg 724w, https:\/\/gazetaregionalna.com\/wp-content\/uploads\/2022\/06\/09062022a-212x300.jpg 212w, https:\/\/gazetaregionalna.com\/wp-content\/uploads\/2022\/06\/09062022a-768x1086.jpg 768w, https:\/\/gazetaregionalna.com\/wp-content\/uploads\/2022\/06\/09062022a-1086x1536.jpg 1086w, https:\/\/gazetaregionalna.com\/wp-content\/uploads\/2022\/06\/09062022a-1449x2048.jpg 1449w, https:\/\/gazetaregionalna.com\/wp-content\/uploads\/2022\/06\/09062022a-696x984.jpg 696w, https:\/\/gazetaregionalna.com\/wp-content\/uploads\/2022\/06\/09062022a-1068x1510.jpg 1068w, https:\/\/gazetaregionalna.com\/wp-content\/uploads\/2022\/06\/09062022a-1920x2715.jpg 1920w, https:\/\/gazetaregionalna.com\/wp-content\/uploads\/2022\/06\/09062022a-297x420.jpg 297w, https:\/\/gazetaregionalna.com\/wp-content\/uploads\/2022\/06\/09062022a-scaled.jpg 1132w\" data-sizes=\"(max-width: 724px) 100vw, 724px\" src=\"data:image\/svg+xml;base64,PHN2ZyB3aWR0aD0iMSIgaGVpZ2h0PSIxIiB4bWxucz0iaHR0cDovL3d3dy53My5vcmcvMjAwMC9zdmciPjwvc3ZnPg==\" style=\"--smush-placeholder-width: 724px; --smush-placeholder-aspect-ratio: 724\/1024;\" \/><figcaption>mat. Filharmonii Cz\u0119stochowskiej<\/figcaption><\/figure>\n\n\n\n<h4 class=\"wp-block-heading\">W filharmonii zabrzmi m.in. &#8222;Fantazja Londy\u0144ska&#8221;<\/h4>\n\n\n\n<p>Publiczno\u015b\u0107 Filharmonii Cz\u0119stochowskiej mia\u0142a ju\u017c okazj\u0119 podziwia\u0107 kunszt artysty w sali przy ul. Wilsona 16. Tym razem Waldemar Malicki powr\u00f3ci, by koncertowo zwie\u0144czy\u0107 sezon artystyczny 2021\/2022. W Sali Koncertowej im. Wojciecha Kilara wyst\u0105pi wraz z Orkiestr\u0105 Symfoniczn\u0105 Filharmonii Cz\u0119stochowskiej, kt\u00f3r\u0105 poprowadzi Adam Klocek. Pianista zaprezentuje: \u201eFantazj\u0119 Londy\u0144sk\u0105\u201d Clive&#8217;a Richardsona, \u201eFantazj\u0119 w\u0119giersk\u0105\u201d Ferenca Liszta oraz Suit\u0119 na fortepian i smyczki na motywach \u201eP\u00f3r roku&#8221; Antonio Vivaldiego \u2013 Vivaldiana Dariusza Zbocha. Koncert rozpocznie suita \u201eMoja matka g\u0119\u015b\u201d Maurice&#8217;a Ravela.<\/p>\n\n\n\n<p>Wydarzenie odb\u0119dzie si\u0119 w czwartek, 9 czerwca o godz. 19. Bilety kosztuj\u0105 60 z\u0142 (normalny), 50 z\u0142 (ulgowy) i 40 z\u0142 (UTW). Mo\u017cna o nie pyta\u0107 w kasie. Sprzeda\u017c prowadzona jest te\u017c za po\u015brednictwem strony <a href=\"http:\/\/www.filharmonia.com.pl\" target=\"_blank\" rel=\"noreferrer noopener\">www.filharmonia.com.pl<\/a>.<\/p>\n","protected":false},"excerpt":{"rendered":"<p>Sezon artystyczny 2021\/2022 dobiega ko\u0144ca. Filharmonia Cz\u0119stochowska zaprasza wi\u0119c na koncert fina\u0142owy. Jego gwiazd\u0105 b\u0119dzie pianista Waldemar Malicki. Wydarzenie zaplanowano na czwartek, 9 czerwca.<\/p>\n","protected":false},"author":18,"featured_media":82059,"comment_status":"closed","ping_status":"open","sticky":false,"template":"","format":"standard","meta":{"_monsterinsights_skip_tracking":false,"_monsterinsights_sitenote_active":false,"_monsterinsights_sitenote_note":"","_monsterinsights_sitenote_category":0,"_uf_show_specific_survey":0,"_uf_disable_surveys":false,"footnotes":""},"categories":[12,3,94,2],"tags":[352,5136],"class_list":["post-82056","post","type-post","status-publish","format-standard","has-post-thumbnail","hentry","category-kultura-i-rozrywka","category-czestochowa-informacje","category-polecane","category-wiadomosci","tag-filharmonia-czestochowska","tag-waldemar-malicki"],"_links":{"self":[{"href":"https:\/\/gazetaregionalna.com\/index.php?rest_route=\/wp\/v2\/posts\/82056","targetHints":{"allow":["GET"]}}],"collection":[{"href":"https:\/\/gazetaregionalna.com\/index.php?rest_route=\/wp\/v2\/posts"}],"about":[{"href":"https:\/\/gazetaregionalna.com\/index.php?rest_route=\/wp\/v2\/types\/post"}],"author":[{"embeddable":true,"href":"https:\/\/gazetaregionalna.com\/index.php?rest_route=\/wp\/v2\/users\/18"}],"replies":[{"embeddable":true,"href":"https:\/\/gazetaregionalna.com\/index.php?rest_route=%2Fwp%2Fv2%2Fcomments&post=82056"}],"version-history":[{"count":3,"href":"https:\/\/gazetaregionalna.com\/index.php?rest_route=\/wp\/v2\/posts\/82056\/revisions"}],"predecessor-version":[{"id":82061,"href":"https:\/\/gazetaregionalna.com\/index.php?rest_route=\/wp\/v2\/posts\/82056\/revisions\/82061"}],"wp:featuredmedia":[{"embeddable":true,"href":"https:\/\/gazetaregionalna.com\/index.php?rest_route=\/wp\/v2\/media\/82059"}],"wp:attachment":[{"href":"https:\/\/gazetaregionalna.com\/index.php?rest_route=%2Fwp%2Fv2%2Fmedia&parent=82056"}],"wp:term":[{"taxonomy":"category","embeddable":true,"href":"https:\/\/gazetaregionalna.com\/index.php?rest_route=%2Fwp%2Fv2%2Fcategories&post=82056"},{"taxonomy":"post_tag","embeddable":true,"href":"https:\/\/gazetaregionalna.com\/index.php?rest_route=%2Fwp%2Fv2%2Ftags&post=82056"}],"curies":[{"name":"wp","href":"https:\/\/api.w.org\/{rel}","templated":true}]}}