{"id":82051,"date":"2022-06-05T11:18:16","date_gmt":"2022-06-05T11:18:16","guid":{"rendered":"https:\/\/gazetaregionalna.com\/?p=82051"},"modified":"2022-06-05T11:18:17","modified_gmt":"2022-06-05T11:18:17","slug":"scena-lokalna-wystapi-clodie","status":"publish","type":"post","link":"https:\/\/gazetaregionalna.com\/?p=82051","title":{"rendered":"&#8222;Scena Lokalna&#8221; w cz\u0119stochowskim OPK &#8222;Gaude Mater&#8221;. Wyst\u0105pi Cl\u00f6die"},"content":{"rendered":"\n<h2 class=\"wp-block-heading\">Zesp\u00f3\u0142 Cl\u00f6die b\u0119dzie kolejnym go\u015bciem cyklu &#8222;Scena Lokalna&#8221;. Koncert odb\u0119dzie si\u0119 w niedziel\u0119, 5 czerwca o godz. 18. Wst\u0119p jest wolny.<\/h2>\n\n\n\n<p>Za spraw\u0105 cyklu koncert\u00f3w pod szyldem &#8222;Scena Lokalna&#8221; O\u015brodek Promocji Kultury &#8222;Gaude Mater&#8221; oddaje przestrze\u0144 cz\u0119stochowskim artystkom i artystom. Dzi\u0119ki tym wyst\u0119pom &#8222;lokalna muzyka&#8221; mo\u017ce by\u0107 zaprezentowana szerszej publiczno\u015bci. Dotychczas w ramach koncertowej serii wyst\u0105pi\u0142y m.in. zespo\u0142y \u015aliwka i Superkocik. Wydarzenia odbywaj\u0105 si\u0119 zazwyczaj w\u00a0niedzielne wieczory (szczeg\u00f3\u0142y: <a href=\"https:\/\/gaudemater.pl\/opk\/wydarzenia\/scena-lokalna\/\" target=\"_blank\" rel=\"noopener\">gaudemater.pl<\/a>).<\/p>\n\n\n\n<p>Tak b\u0119dzie i tym razem. 5 czerwca o godz. 18 na scenie przy ul. D\u0105browskiego 1 wyst\u0105pi Cl\u00f6die. Wst\u0119p jest wolny.<\/p>\n\n\n\n<p>To rockowa formacja, na czele kt\u00f3rej stoi obdarzona charakterystycznym, drapie\u017cnym g\u0142osem wokalistka \u2013 Klaudia \u201eCl\u00f6die\u201d Trzepizur oraz kompozytor i producent muzyczny \u2013 Olaf Olszewski. Grupa przywo\u0142uje rockowe brzmienia lat 80. i 90., nadaj\u0105c im nutki nowoczesno\u015bci. <\/p>\n\n\n\n<figure class=\"wp-block-embed is-type-video is-provider-youtube wp-block-embed-youtube wp-embed-aspect-16-9 wp-has-aspect-ratio\"><div class=\"wp-block-embed__wrapper\">\n<div class=\"fitvids-video\"><iframe title=\"Zombie - Cl\u00f6die  (The Cranberries Acoustic Cover) - Dolores O\u2019Riordan\" width=\"715\" height=\"402\" data-src=\"https:\/\/www.youtube.com\/embed\/rxZG5PCoa4s?feature=oembed\" frameborder=\"0\" allow=\"accelerometer; autoplay; clipboard-write; encrypted-media; gyroscope; picture-in-picture; web-share\" allowfullscreen src=\"data:image\/svg+xml;base64,PHN2ZyB3aWR0aD0iMSIgaGVpZ2h0PSIxIiB4bWxucz0iaHR0cDovL3d3dy53My5vcmcvMjAwMC9zdmciPjwvc3ZnPg==\" class=\"lazyload\" data-load-mode=\"1\"><\/iframe><\/div>\n<\/div><\/figure>\n\n\n\n<p>Przypomnijmy, \u017ce Klaudia Trzepizur uczestniczy\u0142a w 4. edycji programu &#8222;The Voice of Poland&#8221;. A popularno\u015b\u0107 zespo\u0142u zapocz\u0105tkowa\u0142 singiel \u201eGO!\u201d \u2013 entuzjastycznie przyj\u0119ta przez fan\u00f3w propozycja zg\u0142oszona do Krajowych Eliminacji Konkursu Eurowizji w 2018 r. Ugruntowa\u0142a j\u0105 za\u015b niecodzienna aran\u017cacja utworu \u201eZombie\u201d zespo\u0142u The Cranberries. Klip ten zebra\u0142o ju\u017c ponad 32 miliony wy\u015bwietle\u0144 w serwisie YouTube (pisali\u015bmy o tym <a href=\"https:\/\/gazetaregionalna.com\/zombie-clodie-30-milionow-wyswietlen\/\">TUTAJ<\/a>).<\/p>\n\n\n\n<p>Zesp\u00f3\u0142 Cl\u00f6die zagra\u0142 dotychczas ponad 100 koncert\u00f3w w kraju i zagranic\u0105. Ma na swoim koncie wyst\u0119py w USA, Niemczech, Norwegii, Szwajcarii czy Austrii. <\/p>\n\n\n\n<p><strong>ZS<\/strong><\/p>\n","protected":false},"excerpt":{"rendered":"<p>Zesp\u00f3\u0142 Cl\u00f6die b\u0119dzie kolejnym go\u015bciem cyklu &#8222;Scena Lokalna&#8221;. Koncert odb\u0119dzie si\u0119 w niedziel\u0119, 5 czerwca o godz. 18. Wst\u0119p jest wolny. Za spraw\u0105 cyklu<\/p>\n","protected":false},"author":18,"featured_media":82054,"comment_status":"closed","ping_status":"open","sticky":false,"template":"","format":"standard","meta":{"_monsterinsights_skip_tracking":false,"_monsterinsights_sitenote_active":false,"_monsterinsights_sitenote_note":"","_monsterinsights_sitenote_category":0,"_uf_show_specific_survey":0,"_uf_disable_surveys":false,"footnotes":""},"categories":[12,3,2],"tags":[1170,716,1039,5135],"class_list":["post-82051","post","type-post","status-publish","format-standard","has-post-thumbnail","hentry","category-kultura-i-rozrywka","category-czestochowa-informacje","category-wiadomosci","tag-clodie","tag-koncert","tag-osrodek-promocji-kultury-gaude-mater","tag-scena-lokalna"],"_links":{"self":[{"href":"https:\/\/gazetaregionalna.com\/index.php?rest_route=\/wp\/v2\/posts\/82051","targetHints":{"allow":["GET"]}}],"collection":[{"href":"https:\/\/gazetaregionalna.com\/index.php?rest_route=\/wp\/v2\/posts"}],"about":[{"href":"https:\/\/gazetaregionalna.com\/index.php?rest_route=\/wp\/v2\/types\/post"}],"author":[{"embeddable":true,"href":"https:\/\/gazetaregionalna.com\/index.php?rest_route=\/wp\/v2\/users\/18"}],"replies":[{"embeddable":true,"href":"https:\/\/gazetaregionalna.com\/index.php?rest_route=%2Fwp%2Fv2%2Fcomments&post=82051"}],"version-history":[{"count":3,"href":"https:\/\/gazetaregionalna.com\/index.php?rest_route=\/wp\/v2\/posts\/82051\/revisions"}],"predecessor-version":[{"id":82055,"href":"https:\/\/gazetaregionalna.com\/index.php?rest_route=\/wp\/v2\/posts\/82051\/revisions\/82055"}],"wp:featuredmedia":[{"embeddable":true,"href":"https:\/\/gazetaregionalna.com\/index.php?rest_route=\/wp\/v2\/media\/82054"}],"wp:attachment":[{"href":"https:\/\/gazetaregionalna.com\/index.php?rest_route=%2Fwp%2Fv2%2Fmedia&parent=82051"}],"wp:term":[{"taxonomy":"category","embeddable":true,"href":"https:\/\/gazetaregionalna.com\/index.php?rest_route=%2Fwp%2Fv2%2Fcategories&post=82051"},{"taxonomy":"post_tag","embeddable":true,"href":"https:\/\/gazetaregionalna.com\/index.php?rest_route=%2Fwp%2Fv2%2Ftags&post=82051"}],"curies":[{"name":"wp","href":"https:\/\/api.w.org\/{rel}","templated":true}]}}