{"id":81597,"date":"2022-06-01T10:38:13","date_gmt":"2022-06-01T10:38:13","guid":{"rendered":"https:\/\/gazetaregionalna.com\/?p=81597"},"modified":"2022-06-01T10:38:14","modified_gmt":"2022-06-01T10:38:14","slug":"bieg-czestochowski-powraca","status":"publish","type":"post","link":"https:\/\/gazetaregionalna.com\/?p=81597","title":{"rendered":"Bieg Cz\u0119stochowski powraca po dwuletniej przerwie!"},"content":{"rendered":"\n<p><strong>Po dw\u00f3ch latach przerwy spowodowanych pandemi\u0105, wraca Bieg Cz\u0119stochowski. Jest to jego 12 ods\u0142ona! Rozpocznie si\u0119 w sobot\u0119, 11 czerwca.<\/strong><\/p>\n\n\n\n<p>Bieg Cz\u0119stochowski to impreza organizowana przez biegaczy dla biegaczy, przy wsparciu miejskich w\u0142adz, s\u0142u\u017cb, instytucji oraz licznego grona sponsor\u00f3w i wolontariuszy. Rozpocznie si\u0119 ju\u017c 11 czerwca w sobot\u0119, o godzinie 17.30.<\/p>\n\n\n\n<p>Na uczestnik\u00f3w czeka ciekawa, licz\u0105ca 10 km trasa okalaj\u0105ca Klasztor Jasnog\u00f3rski, ze startem i met\u0105 w sercu Cz\u0119stochowy &#8211; historycznych Alejach, a tak\u017ce atrakcyjny pakiet startowy, natomiast dla zwyci\u0119zc\u00f3w przewidziane s\u0105 niepowtarzalne medale, dekoracje i trofea.<\/p>\n\n\n\n<p>Na wydarzeniu b\u0119d\u0105 obecni pacemakerzy, kt\u00f3rzy poprowadz\u0105 w tempie &#8222;na \u017cyci\u00f3wk\u0119&#8221;. Na miejscu b\u0119dzie elektroniczny pomiar czasu i profesjonalne zabezpieczenie medyczne.<\/p>\n\n\n\n<figure class=\"wp-block-image size-large\"><img decoding=\"async\" width=\"595\" height=\"842\" data-src=\"https:\/\/gazetaregionalna.com\/wp-content\/uploads\/2022\/06\/12-BC-MaratonyPolskie.jpg\" alt=\"bieg\" class=\"wp-image-81626 lazyload\" data-srcset=\"https:\/\/gazetaregionalna.com\/wp-content\/uploads\/2022\/06\/12-BC-MaratonyPolskie.jpg 595w, https:\/\/gazetaregionalna.com\/wp-content\/uploads\/2022\/06\/12-BC-MaratonyPolskie-212x300.jpg 212w, https:\/\/gazetaregionalna.com\/wp-content\/uploads\/2022\/06\/12-BC-MaratonyPolskie-297x420.jpg 297w\" data-sizes=\"(max-width: 595px) 100vw, 595px\" src=\"data:image\/svg+xml;base64,PHN2ZyB3aWR0aD0iMSIgaGVpZ2h0PSIxIiB4bWxucz0iaHR0cDovL3d3dy53My5vcmcvMjAwMC9zdmciPjwvc3ZnPg==\" style=\"--smush-placeholder-width: 595px; --smush-placeholder-aspect-ratio: 595\/842;\" \/><\/figure>\n\n\n\n<p>Uczestnicy b\u0119d\u0105 mogli liczy\u0107 na gor\u0105cy doping i akustyczne atrakcje na trasie, a po biegu na liczne gratulacje, ch\u0142odne napoje i pyszny posi\u0142ek oraz liczne, atrakcyjne nagrody.<\/p>\n\n\n\n<p>Przez czas ca\u0142y b\u0119dzie panowa\u0142a niepowtarzalna atmosfera biegowego \u015bwi\u0119ta i towarzysz\u0105ce imprezie atrakcje dla uczestnik\u00f3w i kibic\u00f3w. Organizatorzy biegu &#8211; SKLA Zabiegani Cz\u0119stochowa &#8211; w\u0142o\u017c\u0105 w organizacj\u0119 biegu ca\u0142\u0105 pasj\u0119, energi\u0119 i serca.<\/p>\n\n\n\n<p>Zapisy na: <a href=\"http:\/\/www.zabiegani.czest.pl\/\" target=\"_blank\" rel=\"noopener\">www.zabiegani.czest.pl<\/a> oraz <a href=\"http:\/\/www.zmierzymyczas.pl\/\" target=\"_blank\" rel=\"noopener\">www.zmierzymyczas.pl<\/a> do 3 czerwca lub w dniu biegu w biurze zawod\u00f3w.<\/p>\n\n\n\n<p>W ramach biegu rozgrywane b\u0119d\u0105 tak\u017ce bran\u017cowe Mistrzostwa Budowlanych i Architekt\u00f3w.<\/p>\n\n\n\n<figure class=\"wp-block-image size-large\"><img decoding=\"async\" width=\"960\" height=\"640\" data-src=\"https:\/\/gazetaregionalna.com\/wp-content\/uploads\/2022\/06\/2-1.jpg\" alt=\"bieg\" class=\"wp-image-81623 lazyload\" data-srcset=\"https:\/\/gazetaregionalna.com\/wp-content\/uploads\/2022\/06\/2-1.jpg 960w, https:\/\/gazetaregionalna.com\/wp-content\/uploads\/2022\/06\/2-1-300x200.jpg 300w, https:\/\/gazetaregionalna.com\/wp-content\/uploads\/2022\/06\/2-1-768x512.jpg 768w, https:\/\/gazetaregionalna.com\/wp-content\/uploads\/2022\/06\/2-1-696x464.jpg 696w, https:\/\/gazetaregionalna.com\/wp-content\/uploads\/2022\/06\/2-1-630x420.jpg 630w\" data-sizes=\"(max-width: 960px) 100vw, 960px\" src=\"data:image\/svg+xml;base64,PHN2ZyB3aWR0aD0iMSIgaGVpZ2h0PSIxIiB4bWxucz0iaHR0cDovL3d3dy53My5vcmcvMjAwMC9zdmciPjwvc3ZnPg==\" style=\"--smush-placeholder-width: 960px; --smush-placeholder-aspect-ratio: 960\/640;\" \/><\/figure>\n\n\n\n<p><strong>red.<\/strong><\/p>\n","protected":false},"excerpt":{"rendered":"<p>Po dw\u00f3ch latach przerwy spowodowanych pandemi\u0105, wraca Bieg Cz\u0119stochowski. Jest to jego 12 ods\u0142ona! Rozpocznie si\u0119 w sobot\u0119, 11 czerwca. Bieg Cz\u0119stochowski to impreza<\/p>\n","protected":false},"author":26,"featured_media":81625,"comment_status":"closed","ping_status":"open","sticky":false,"template":"","format":"standard","meta":{"_monsterinsights_skip_tracking":false,"_monsterinsights_sitenote_active":false,"_monsterinsights_sitenote_note":"","_monsterinsights_sitenote_category":0,"_uf_show_specific_survey":0,"_uf_disable_surveys":false,"footnotes":""},"categories":[94,3,2],"tags":[2178,5078,144,5079,5080],"class_list":["post-81597","post","type-post","status-publish","format-standard","has-post-thumbnail","hentry","category-polecane","category-czestochowa-informacje","category-wiadomosci","tag-bieg","tag-bieg-czestochowski","tag-czestochowa","tag-zabiegani","tag-zmierzymy-czas"],"_links":{"self":[{"href":"https:\/\/gazetaregionalna.com\/index.php?rest_route=\/wp\/v2\/posts\/81597","targetHints":{"allow":["GET"]}}],"collection":[{"href":"https:\/\/gazetaregionalna.com\/index.php?rest_route=\/wp\/v2\/posts"}],"about":[{"href":"https:\/\/gazetaregionalna.com\/index.php?rest_route=\/wp\/v2\/types\/post"}],"author":[{"embeddable":true,"href":"https:\/\/gazetaregionalna.com\/index.php?rest_route=\/wp\/v2\/users\/26"}],"replies":[{"embeddable":true,"href":"https:\/\/gazetaregionalna.com\/index.php?rest_route=%2Fwp%2Fv2%2Fcomments&post=81597"}],"version-history":[{"count":1,"href":"https:\/\/gazetaregionalna.com\/index.php?rest_route=\/wp\/v2\/posts\/81597\/revisions"}],"predecessor-version":[{"id":81629,"href":"https:\/\/gazetaregionalna.com\/index.php?rest_route=\/wp\/v2\/posts\/81597\/revisions\/81629"}],"wp:featuredmedia":[{"embeddable":true,"href":"https:\/\/gazetaregionalna.com\/index.php?rest_route=\/wp\/v2\/media\/81625"}],"wp:attachment":[{"href":"https:\/\/gazetaregionalna.com\/index.php?rest_route=%2Fwp%2Fv2%2Fmedia&parent=81597"}],"wp:term":[{"taxonomy":"category","embeddable":true,"href":"https:\/\/gazetaregionalna.com\/index.php?rest_route=%2Fwp%2Fv2%2Fcategories&post=81597"},{"taxonomy":"post_tag","embeddable":true,"href":"https:\/\/gazetaregionalna.com\/index.php?rest_route=%2Fwp%2Fv2%2Ftags&post=81597"}],"curies":[{"name":"wp","href":"https:\/\/api.w.org\/{rel}","templated":true}]}}