{"id":8152,"date":"2019-11-20T11:05:22","date_gmt":"2019-11-20T11:05:22","guid":{"rendered":"https:\/\/gazetaregionalna.com\/?p=8152"},"modified":"2019-11-20T11:05:32","modified_gmt":"2019-11-20T11:05:32","slug":"bedzie-gdzie-wypoczywac","status":"publish","type":"post","link":"https:\/\/gazetaregionalna.com\/?p=8152","title":{"rendered":"B\u0119dzie gdzie wypoczywa\u0107"},"content":{"rendered":"\n<p>\nW\ntrzech so\u0142ectwach gminy K\u0142obuck pojawi\u0142y si\u0119 lub zosta\u0142y\nodnowione miejsca przeznaczono do rekreacji. Inwestycje by\u0142y mo\u017cliwe\ndzi\u0119ki pomocy finansowej z bud\u017cetu Wojew\u00f3dztwa \u015al\u0105skiego w\nramach konkursu \u201eInicjatywa So\u0142ecka\u201d.<\/p>\n\n\n\n<figure class=\"wp-block-image\"><img decoding=\"async\" width=\"800\" height=\"534\" data-src=\"https:\/\/gazetaregionalna.com\/wp-content\/uploads\/2019\/11\/plac2.jpg\" alt=\"\" class=\"wp-image-8153 lazyload\" data-srcset=\"https:\/\/gazetaregionalna.com\/wp-content\/uploads\/2019\/11\/plac2.jpg 800w, https:\/\/gazetaregionalna.com\/wp-content\/uploads\/2019\/11\/plac2-300x200.jpg 300w, https:\/\/gazetaregionalna.com\/wp-content\/uploads\/2019\/11\/plac2-768x513.jpg 768w, https:\/\/gazetaregionalna.com\/wp-content\/uploads\/2019\/11\/plac2-696x465.jpg 696w, https:\/\/gazetaregionalna.com\/wp-content\/uploads\/2019\/11\/plac2-629x420.jpg 629w\" data-sizes=\"(max-width: 800px) 100vw, 800px\" src=\"data:image\/svg+xml;base64,PHN2ZyB3aWR0aD0iMSIgaGVpZ2h0PSIxIiB4bWxucz0iaHR0cDovL3d3dy53My5vcmcvMjAwMC9zdmciPjwvc3ZnPg==\" style=\"--smush-placeholder-width: 800px; --smush-placeholder-aspect-ratio: 800\/534;\" \/><\/figure>\n\n\n\n<p>\nZ\ndotacji tej skorzysta\u0142y: Rybno, Bia\u0142a oraz Kamyk. W pierwszym\nso\u0142ectwie powsta\u0142a si\u0142ownia na \u015bwie\u017cym powietrzu, w pozosta\u0142ych\ndw\u00f3ch miejscowo\u015bciach zmodernizowano place zabaw dla najm\u0142odszych.<\/p>\n\n\n\n<p>\nW\nso\u0142ectwie Rybno kupiono i zamontowano kilka urz\u0105dze\u0144 do \u0107wicze\u0144:\norbitreka, tzw. wio\u015blarza, krzes\u0142o do wyciskania, steper. Przy\nsi\u0142owni pojawi\u0142y si\u0119 tak\u017ce elementy ma\u0142ej architektury \u2014 dwie\n\u0142awki parkowe, kosz na \u015bmieci oraz stojak na rowery. \n<\/p>\n\n\n\n<p>\nW\nso\u0142ectwach Bia\u0142a i Kamyk przebudowano zlokalizowane przy szko\u0142ach\nplace zabaw dla dzieci. W Kamyku plac uzupe\u0142niono o hu\u015btawk\u0119\nwagow\u0105 oraz zestaw zabawowy. Natomiast w Bia\u0142ej na placu pojawi\u0142y\nsi\u0119 hu\u015btawki, karuzela, tzw. bujak oraz zestaw zabawowy\numo\u017cliwiaj\u0105cy zaj\u0119cia ruchowe.<\/p>\n\n\n\n<p>\nKoszt\nca\u0142kowity tych zada\u0144 to 114 067,43 z\u0142, w tym wysoko\u015b\u0107 pomocy\nfinansowej ze \u015brodk\u00f3w bud\u017cetu Wojew\u00f3dztwa \u015al\u0105skiego 44 565,04\nz\u0142.<\/p>\n\n\n\n<p>\n(\u0179r\u00f3d\u0142o:\nUM K\u0142obuck)<\/p>\n","protected":false},"excerpt":{"rendered":"<p>W trzech so\u0142ectwach gminy K\u0142obuck pojawi\u0142y si\u0119 lub zosta\u0142y odnowione miejsca przeznaczono do rekreacji. Inwestycje by\u0142y mo\u017cliwe dzi\u0119ki pomocy finansowej z bud\u017cetu Wojew\u00f3dztwa \u015al\u0105skiego<\/p>\n","protected":false},"author":7,"featured_media":8154,"comment_status":"open","ping_status":"open","sticky":false,"template":"","format":"standard","meta":{"_monsterinsights_skip_tracking":false,"_monsterinsights_sitenote_active":false,"_monsterinsights_sitenote_note":"","_monsterinsights_sitenote_category":0,"_uf_show_specific_survey":0,"_uf_disable_surveys":false,"footnotes":""},"categories":[33,27,94,2],"tags":[],"class_list":["post-8152","post","type-post","status-publish","format-standard","has-post-thumbnail","hentry","category-inwestycje","category-klobuck-informacje","category-polecane","category-wiadomosci"],"_links":{"self":[{"href":"https:\/\/gazetaregionalna.com\/index.php?rest_route=\/wp\/v2\/posts\/8152","targetHints":{"allow":["GET"]}}],"collection":[{"href":"https:\/\/gazetaregionalna.com\/index.php?rest_route=\/wp\/v2\/posts"}],"about":[{"href":"https:\/\/gazetaregionalna.com\/index.php?rest_route=\/wp\/v2\/types\/post"}],"author":[{"embeddable":true,"href":"https:\/\/gazetaregionalna.com\/index.php?rest_route=\/wp\/v2\/users\/7"}],"replies":[{"embeddable":true,"href":"https:\/\/gazetaregionalna.com\/index.php?rest_route=%2Fwp%2Fv2%2Fcomments&post=8152"}],"version-history":[{"count":1,"href":"https:\/\/gazetaregionalna.com\/index.php?rest_route=\/wp\/v2\/posts\/8152\/revisions"}],"predecessor-version":[{"id":8155,"href":"https:\/\/gazetaregionalna.com\/index.php?rest_route=\/wp\/v2\/posts\/8152\/revisions\/8155"}],"wp:featuredmedia":[{"embeddable":true,"href":"https:\/\/gazetaregionalna.com\/index.php?rest_route=\/wp\/v2\/media\/8154"}],"wp:attachment":[{"href":"https:\/\/gazetaregionalna.com\/index.php?rest_route=%2Fwp%2Fv2%2Fmedia&parent=8152"}],"wp:term":[{"taxonomy":"category","embeddable":true,"href":"https:\/\/gazetaregionalna.com\/index.php?rest_route=%2Fwp%2Fv2%2Fcategories&post=8152"},{"taxonomy":"post_tag","embeddable":true,"href":"https:\/\/gazetaregionalna.com\/index.php?rest_route=%2Fwp%2Fv2%2Ftags&post=8152"}],"curies":[{"name":"wp","href":"https:\/\/api.w.org\/{rel}","templated":true}]}}