{"id":8138,"date":"2019-11-19T12:08:09","date_gmt":"2019-11-19T12:08:09","guid":{"rendered":"https:\/\/gazetaregionalna.com\/?p=8138"},"modified":"2019-11-19T12:08:16","modified_gmt":"2019-11-19T12:08:16","slug":"awaria-projektora","status":"publish","type":"post","link":"https:\/\/gazetaregionalna.com\/?p=8138","title":{"rendered":"Awaria projektora"},"content":{"rendered":"\n<h2 class=\"wp-block-heading\">Z powodu awarii projektora wstrzymano projekcje film\u00f3w w lublinieckim kinie &#8222;Karolinka&#8221;. Kto kupi\u0142 ju\u017c wcze\u015bniej bilety na projekcje film\u00f3w, mo\u017ce zwr\u00f3ci\u0107 wej\u015bci\u00f3wki codziennie po godzinie 15 w kasie Miejskiego Domu Kultury.<\/h2>\n\n\n\n<ul class=\"wp-block-list\"><li><em>Projektor pojecha\u0142 do serwisu, teraz czekamy na wiadomo\u015b\u0107, jak d\u0142ugo potrwa jego naprawa<\/em> \u2014 m\u00f3wi Paulina Pielarz z MDK w Lubli\u0144cu. &#8211; <em>Mamy nadziej\u0119, \u017ce to b\u0119dzie kwestia dni, a nie tygodni. Bardzo \u017ca\u0142ujemy, \u017ce dosz\u0142o do takiej sytuacji, zw\u0142aszcza teraz, gdy szykowali\u015bmy si\u0119 do premiery drugiej cz\u0119\u015bci &#8222;Krainy lodu&#8221;. B\u0119dziemy na bie\u017c\u0105co informowa\u0107, jaka jest sytuacja.<\/em><br> Jak informuje Paulina Pielarz, projektor mia\u0142 prawo si\u0119 zepsu\u0107, bo jest ju\u017c mocno wys\u0142u\u017cony. W &#8222;Karolince&#8221; seanse odbywaj\u0105 si\u0119 cz\u0119sto i urz\u0105dzenie jest stale eksploatowane.<\/li><li><em>Nasze kino cieszy si\u0119 du\u017c\u0105 popularno\u015bci\u0105 w\u015br\u00f3d mieszka\u0144c\u00f3w Lubli\u0144ca i okolic<\/em> \u2014 opowiada przedstawicielka MDK-u. &#8211;<em> \u0141atwiej im dotrze\u0107 do naszego kina ni\u017c na przyk\u0142ad jecha\u0107 do Cz\u0119stochowy. Poza tym staramy si\u0119 by\u0107 na bie\u017c\u0105co z nowo\u015bciami, pokazujemy te filmy, kt\u00f3re aktualnie s\u0105 prezentowane w du\u017cych salach kinowych. <\/em><\/li><\/ul>\n","protected":false},"excerpt":{"rendered":"<p>Z powodu awarii projektora wstrzymano projekcje film\u00f3w w lublinieckim kinie &#8222;Karolinka&#8221;. Kto kupi\u0142 ju\u017c wcze\u015bniej bilety na projekcje film\u00f3w, mo\u017ce zwr\u00f3ci\u0107 wej\u015bci\u00f3wki codziennie po<\/p>\n","protected":false},"author":7,"featured_media":8139,"comment_status":"open","ping_status":"open","sticky":false,"template":"","format":"standard","meta":{"_monsterinsights_skip_tracking":false,"_monsterinsights_sitenote_active":false,"_monsterinsights_sitenote_note":"","_monsterinsights_sitenote_category":0,"_uf_show_specific_survey":0,"_uf_disable_surveys":false,"footnotes":""},"categories":[25,94,2],"tags":[],"class_list":["post-8138","post","type-post","status-publish","format-standard","has-post-thumbnail","hentry","category-lubliniec","category-polecane","category-wiadomosci"],"_links":{"self":[{"href":"https:\/\/gazetaregionalna.com\/index.php?rest_route=\/wp\/v2\/posts\/8138","targetHints":{"allow":["GET"]}}],"collection":[{"href":"https:\/\/gazetaregionalna.com\/index.php?rest_route=\/wp\/v2\/posts"}],"about":[{"href":"https:\/\/gazetaregionalna.com\/index.php?rest_route=\/wp\/v2\/types\/post"}],"author":[{"embeddable":true,"href":"https:\/\/gazetaregionalna.com\/index.php?rest_route=\/wp\/v2\/users\/7"}],"replies":[{"embeddable":true,"href":"https:\/\/gazetaregionalna.com\/index.php?rest_route=%2Fwp%2Fv2%2Fcomments&post=8138"}],"version-history":[{"count":1,"href":"https:\/\/gazetaregionalna.com\/index.php?rest_route=\/wp\/v2\/posts\/8138\/revisions"}],"predecessor-version":[{"id":8140,"href":"https:\/\/gazetaregionalna.com\/index.php?rest_route=\/wp\/v2\/posts\/8138\/revisions\/8140"}],"wp:featuredmedia":[{"embeddable":true,"href":"https:\/\/gazetaregionalna.com\/index.php?rest_route=\/wp\/v2\/media\/8139"}],"wp:attachment":[{"href":"https:\/\/gazetaregionalna.com\/index.php?rest_route=%2Fwp%2Fv2%2Fmedia&parent=8138"}],"wp:term":[{"taxonomy":"category","embeddable":true,"href":"https:\/\/gazetaregionalna.com\/index.php?rest_route=%2Fwp%2Fv2%2Fcategories&post=8138"},{"taxonomy":"post_tag","embeddable":true,"href":"https:\/\/gazetaregionalna.com\/index.php?rest_route=%2Fwp%2Fv2%2Ftags&post=8138"}],"curies":[{"name":"wp","href":"https:\/\/api.w.org\/{rel}","templated":true}]}}