{"id":81191,"date":"2022-05-28T16:06:00","date_gmt":"2022-05-28T16:06:00","guid":{"rendered":"https:\/\/gazetaregionalna.com\/?p=81191"},"modified":"2022-05-28T17:06:18","modified_gmt":"2022-05-28T17:06:18","slug":"kiermasz-ksiazki-dla-festiwalu-czytaj","status":"publish","type":"post","link":"https:\/\/gazetaregionalna.com\/?p=81191","title":{"rendered":"W cz\u0119stochowskiej Szypu\u0142ce odb\u0119dzie si\u0119 &#8222;Kiermasz Ksi\u0105\u017cki dla Festiwalu Czytaj!&#8221;"},"content":{"rendered":"\n<h2 class=\"wp-block-heading\">W niedziel\u0119, 29 maja b\u0119dzie mo\u017cna wesprze\u0107 organizacj\u0119 tegorocznego Festiwalu Dekonstrukcji S\u0142owa &#8222;Czytaj&#8221;. Na ten cel przekazany zostanie doch\u00f3d z kiermaszu ksi\u0105\u017cki.<\/h2>\n\n\n\n<p>&#8222;Kiermasz Ksi\u0105\u017cki dla Festiwalu Czytaj!&#8221; odb\u0119dzie si\u0119 w <a href=\"https:\/\/www.facebook.com\/events\/1178729709619737\" target=\"_blank\" rel=\"noopener\">Wega\u0144skiej Pracowni Cukierniczej &#8222;Szypu\u0142ka&#8221; <\/a>(ul. \u015al\u0105ska 3\/5). Warto doda\u0107, \u017ce r\u00f3wnie\u017c w ubieg\u0142ym roku przeprowadzano w tym lokalu podobne akcje. Ch\u0119tnych, by zakupi\u0107 tom i tym samym do\u0142o\u017cy\u0107 swoj\u0105 cegie\u0142k\u0119 do organizacji literackiej imprezy, nie brakowa\u0142o.<\/p>\n\n\n\n<p>Tegoroczny kiermasz zaplanowano na 29 maja. Uczestnicy b\u0119d\u0105 mogli wybiera\u0107 w\u015br\u00f3d ksi\u0105\u017cek u\u017cywanych, ale w \u015bwietnym stanie. <\/p>\n\n\n\n<figure class=\"wp-block-image size-large\"><img decoding=\"async\" width=\"959\" height=\"720\" data-src=\"https:\/\/gazetaregionalna.com\/wp-content\/uploads\/2022\/05\/czytaj2.jpg\" alt=\"\" class=\"wp-image-81194 lazyload\" data-srcset=\"https:\/\/gazetaregionalna.com\/wp-content\/uploads\/2022\/05\/czytaj2.jpg 959w, https:\/\/gazetaregionalna.com\/wp-content\/uploads\/2022\/05\/czytaj2-300x225.jpg 300w, https:\/\/gazetaregionalna.com\/wp-content\/uploads\/2022\/05\/czytaj2-768x577.jpg 768w, https:\/\/gazetaregionalna.com\/wp-content\/uploads\/2022\/05\/czytaj2-696x523.jpg 696w, https:\/\/gazetaregionalna.com\/wp-content\/uploads\/2022\/05\/czytaj2-559x420.jpg 559w, https:\/\/gazetaregionalna.com\/wp-content\/uploads\/2022\/05\/czytaj2-80x60.jpg 80w, https:\/\/gazetaregionalna.com\/wp-content\/uploads\/2022\/05\/czytaj2-265x198.jpg 265w\" data-sizes=\"(max-width: 959px) 100vw, 959px\" src=\"data:image\/svg+xml;base64,PHN2ZyB3aWR0aD0iMSIgaGVpZ2h0PSIxIiB4bWxucz0iaHR0cDovL3d3dy53My5vcmcvMjAwMC9zdmciPjwvc3ZnPg==\" style=\"--smush-placeholder-width: 959px; --smush-placeholder-aspect-ratio: 959\/720;\" \/><figcaption>mat. prasowe<\/figcaption><\/figure>\n\n\n\n<p>&#8211; Przygotowujemy dla Was, jak zawsze, wiele tytu\u0142\u00f3w: bestseller\u00f3w, klasyk\u00f3w, a tak\u017ce nowo\u015bci. W\u015br\u00f3d ksi\u0105\u017cek s\u0105 r\u00f3\u017cne gatunki literackie, tytu\u0142y polskie i \u015bwiatowe, w tym te niedawno nagradzane presti\u017cowymi nagrodami, ale tak\u017ce l\u017cejsza literatura gatunkowa &#8211; zach\u0119caj\u0105 organizatorzy festiwalu.<\/p>\n\n\n\n<p>Wszystkie ksi\u0105\u017cki wyceniane s\u0105 na symboliczne 5, 10 lub 15 z\u0142. Zebrane \u015brodki przekazane wespr\u0105 organizacj\u0119 tegorocznej ods\u0142ony &#8222;Czytaj!&#8221;. Wi\u0119cej o festiwalu na: <a href=\"https:\/\/www.facebook.com\/czytaj\" target=\"_blank\" rel=\"noopener\">www.facebook.com\/czytaj<\/a>.<\/p>\n\n\n\n<p><strong>ZS<\/strong><\/p>\n","protected":false},"excerpt":{"rendered":"<p>W niedziel\u0119, 29 maja b\u0119dzie mo\u017cna wesprze\u0107 organizacj\u0119 tegorocznego Festiwalu Dekonstrukcji S\u0142owa &#8222;Czytaj&#8221;. Na ten cel przekazany zostanie doch\u00f3d z kiermaszu ksi\u0105\u017cki. &#8222;Kiermasz Ksi\u0105\u017cki<\/p>\n","protected":false},"author":18,"featured_media":81193,"comment_status":"closed","ping_status":"open","sticky":false,"template":"","format":"standard","meta":{"_monsterinsights_skip_tracking":false,"_monsterinsights_sitenote_active":false,"_monsterinsights_sitenote_note":"","_monsterinsights_sitenote_category":0,"_uf_show_specific_survey":0,"_uf_disable_surveys":false,"footnotes":""},"categories":[12,3,2],"tags":[2067,2221,1050],"class_list":["post-81191","post","type-post","status-publish","format-standard","has-post-thumbnail","hentry","category-kultura-i-rozrywka","category-czestochowa-informacje","category-wiadomosci","tag-festiwal-dekonstrukcji-slowa-czytaj","tag-kiermasz-ksiazki","tag-literatura"],"_links":{"self":[{"href":"https:\/\/gazetaregionalna.com\/index.php?rest_route=\/wp\/v2\/posts\/81191","targetHints":{"allow":["GET"]}}],"collection":[{"href":"https:\/\/gazetaregionalna.com\/index.php?rest_route=\/wp\/v2\/posts"}],"about":[{"href":"https:\/\/gazetaregionalna.com\/index.php?rest_route=\/wp\/v2\/types\/post"}],"author":[{"embeddable":true,"href":"https:\/\/gazetaregionalna.com\/index.php?rest_route=\/wp\/v2\/users\/18"}],"replies":[{"embeddable":true,"href":"https:\/\/gazetaregionalna.com\/index.php?rest_route=%2Fwp%2Fv2%2Fcomments&post=81191"}],"version-history":[{"count":2,"href":"https:\/\/gazetaregionalna.com\/index.php?rest_route=\/wp\/v2\/posts\/81191\/revisions"}],"predecessor-version":[{"id":81195,"href":"https:\/\/gazetaregionalna.com\/index.php?rest_route=\/wp\/v2\/posts\/81191\/revisions\/81195"}],"wp:featuredmedia":[{"embeddable":true,"href":"https:\/\/gazetaregionalna.com\/index.php?rest_route=\/wp\/v2\/media\/81193"}],"wp:attachment":[{"href":"https:\/\/gazetaregionalna.com\/index.php?rest_route=%2Fwp%2Fv2%2Fmedia&parent=81191"}],"wp:term":[{"taxonomy":"category","embeddable":true,"href":"https:\/\/gazetaregionalna.com\/index.php?rest_route=%2Fwp%2Fv2%2Fcategories&post=81191"},{"taxonomy":"post_tag","embeddable":true,"href":"https:\/\/gazetaregionalna.com\/index.php?rest_route=%2Fwp%2Fv2%2Ftags&post=81191"}],"curies":[{"name":"wp","href":"https:\/\/api.w.org\/{rel}","templated":true}]}}