{"id":81183,"date":"2022-05-28T12:09:10","date_gmt":"2022-05-28T12:09:10","guid":{"rendered":"https:\/\/gazetaregionalna.com\/?p=81183"},"modified":"2022-05-28T12:09:10","modified_gmt":"2022-05-28T12:09:10","slug":"inauguracja-sgp2-w-pradze-miskowiak-najlepszy-z-lwow","status":"publish","type":"post","link":"https:\/\/gazetaregionalna.com\/?p=81183","title":{"rendered":"Inauguracja SGP2 w Pradze. Mi\u015bkowiak najlepszy z &#8222;Lw\u00f3w&#8221;"},"content":{"rendered":"\n<p>W pi\u0105tek, zainaugurowano cykl Speedway Grand Prix 2, czyli rywalizacj\u0119 o miano najlepszego m\u0142odzie\u017cowca na \u015bwiecie. Pierwsz\u0105 z trzech rund rozegrano w Pradze. W stawce nie zabrak\u0142o oczywi\u015bcie zawodnik\u00f3w zielona-energia.com W\u0142\u00f3kniarza Cz\u0119stochowa. &#8222;Bia\u0142o-Zielonych&#8221; w stolicy Czech reprezentowali ubieg\u0142oroczny mistrz \u2013 Jakub Mi\u015bkowiak oraz Mateusz \u015awidnicki (w sezonie 2021 \u2013 4. miejsce).<\/p>\n\n\n\n<p>Zmagania na praskiej Markecie ruszy\u0142y z drobnym op\u00f3\u017anieniem. Wszystko przez opady deszczu, kt\u00f3re pojawi\u0142y si\u0119 nad stadionem na kilka godzin przed oficjalnym rozpocz\u0119ciem zawod\u00f3w. Organizatorom uda\u0142o si\u0119 jednak przygotowa\u0107 nawierzchni\u0119, dzi\u0119ki czemu pierwszy wy\u015bcig rozegrano o 19:30. W nim pewne zwyci\u0119stwo odni\u00f3s\u0142 Mateusz \u015awidnicki.<\/p>\n\n\n\n<p>Kolejne biegi, to w g\u0142\u00f3wnej mierze walka zawodnik\u00f3w z torem, kt\u00f3ry nie by\u0142 tego dnia sprzymierze\u0144cem \u017cu\u017clowc\u00f3w. Gro\u017anie wygl\u0105daj\u0105ce upadki zaliczyli mi\u0119dzy innymi Mateusz Cierniak, czy Kevin Juhl Pedersen. Po trzech seriach start\u00f3w najlepiej punktowa\u0142 Jan Kvech (8 pkt). Z kolei Mateusz, jak i Kuba mieli na swoim koncie po 4 &#8222;oczka&#8221;.<\/p>\n\n\n\n<p>W wy\u015bcigu numer 13 pod ta\u015bm\u0105 ustawi\u0142o si\u0119 dw\u00f3ch reprezentant\u00f3w zielona-energia.com W\u0142\u00f3kniarza. Obsad\u0119 dope\u0142nili Matous Kamenik oraz Timi Salonen. Ze startu znakomicie wyskoczy\u0142 Mi\u015bkowiak, kt\u00f3ry pewnie dojecha\u0142 do mety na pierwszym miejscu. Jeden punkt wywalczy\u0142 za\u015b \u015awidnicki.<\/p>\n\n\n\n<p>Po fazie zasadniczej w najlepszej &#8222;\u00f3semce&#8221; zameldowa\u0142 si\u0119 Jakub Mi\u015bkowiak. O sporym pechu m\u00f3g\u0142 m\u00f3wi\u0107 Mateusz \u015awidnicki, kt\u00f3ry jad\u0105c na prowadzeniu w 17. biegu \u2013 upad\u0142 na tor. Na ca\u0142e szcz\u0119\u015bcie wychowankowi W\u0142\u00f3kniarza nie sta\u0142o si\u0119 nic powa\u017cnego. Tym samym zako\u0144czy\u0142 on zmagania w Pradze na 10. miejscu.<\/p>\n\n\n\n<p>W drugim p\u00f3\u0142finale awansu do najwa\u017cniejszego wy\u015bcigu nie uda\u0142o si\u0119 uzyska\u0107 Mi\u015bkowiakowi. Ostatecznie ponad 3-godzina rywalizacja w Czechach zako\u0144czy\u0142a si\u0119 zwyci\u0119stwem Mateusza Cierniaka. Drugie miejsce zaj\u0105\u0142 Francis Gusts, a na najni\u017cszym stopniu podium stan\u0105\u0142 Petr Chulpac.<\/p>\n\n\n\n<p>Wyniki:<\/p>\n\n\n\n<p>1. Mateusz Cierniak (Polska) \u2013 15 (3,2,w,2,3,2,3) \u2013 20 pkt GP2<\/p>\n\n\n\n<p>2. Francis Gusts (\u0141otwa) \u2013 17 (2,2,3,3,2,3,2) \u2013 18<\/p>\n\n\n\n<p>3. Petr Chlupac (Czechy) \u2013 14 (2,3,1,2,3,2,1) \u2013 16<\/p>\n\n\n\n<p>4. Jan Kvech (Czechy) \u2013 16 (3,3,2,3,2,3,d) \u2013 14<\/p>\n\n\n\n<p>5. Timi Salonen (Finlandia) \u2013 12 (3,1,3,2,2,1) \u2013 12<\/p>\n\n\n\n<p>6. Benjamin Basso (Dania) \u2013 10 (2,2,2,1,3,w) \u2013 11<\/p>\n\n\n\n<p>7. Jakub Mi\u015bkowiak (Polska) \u2013 9 (1,0,3,3,2,0) \u2013 10<\/p>\n\n\n\n<p>8. Jonas Knudsen (Dania) \u2013 9 (2,1,3,0,3,w) \u2013 9<\/p>\n\n\n\n<p>9. Wiktor Lampart (Polska) \u2013 8 (0,3,2,2,1) \u2013 8<\/p>\n\n\n\n<p>10. Mateusz \u015awidnicki (Polska) \u2013 5 (3,d,1,1,w) \u2013 7<\/p>\n\n\n\n<p>11. Casper Henriksson (Szwecja) \u2013 5 (1,2,1,1,0) \u2013 6<\/p>\n\n\n\n<p>12. Gustav Grahn (Szwecja) \u2013 4 (0,t,0,3,1) \u2013 5<\/p>\n\n\n\n<p>13. Kevin Juhl Pedersen (Dania) \u2013 4 (1,3,w,-,-) \u2013 4<\/p>\n\n\n\n<p>14. Celina Liebmann (Niemcy) \u2013 4 (0,0,2,1,1) \u2013 3<\/p>\n\n\n\n<p>15. Daniel Klima (Czechy) \u2013 2 (1,1,w,-,-) \u2013 2<\/p>\n\n\n\n<p>16. Wiktor Przyjemski (Polska) \u2013 1 (w,d,0,d,1) \u2013 1<\/p>\n\n\n\n<p>17. Bruno Belan (Czechy) \u2013 1 (1,0,0) \u2013 0<\/p>\n\n\n\n<p>18. Matous Kamenik (Czechy) \u2013 0 (d,0,0) \u2013 0<\/p>\n\n\n\n<p>Bieg po biegu:<\/p>\n\n\n\n<p>1. (65,01) \u015awidnicki, Basso, Henriksson, Liebmann<\/p>\n\n\n\n<p>2. (63,62) Cierniak, Gusts, Mi\u015bkowiak, Kamen\u00edk (d)<\/p>\n\n\n\n<p>3. (64,05) Kvech, Chlupac, Pedersen, Lampart<\/p>\n\n\n\n<p>4. (64,54) Salonen, Knudsen, Klima, Grahn<\/p>\n\n\n\n<p>5. (63,68) Chlupac, Cierniak, Belan, \u015awidnicki (d)<\/p>\n\n\n\n<p>6. (64,41) Kvech, Gusts, Salonen, Liebmann<\/p>\n\n\n\n<p>7. (64,66) Lampart, Basso, Knudsen, Mi\u015bkowiak<\/p>\n\n\n\n<p>8. (66,80) Pedersen, Henriksson, Klima, Przyjemski (d)<\/p>\n\n\n\n<p>9. (63,11) Gusts, Lampart, \u015awidnicki, Klima (w)<\/p>\n\n\n\n<p>10. (66,05) Knudsen, Liebmann, Pedersen (w), Cierniak (w)<\/p>\n\n\n\n<p>11. (63,79) Salonen, Basso, Chlupac, Przyjemski<\/p>\n\n\n\n<p>12. (63,78) Mi\u015bkowiak, Kvech, Henriksson, Grahn<\/p>\n\n\n\n<p>13. (64,52) Mi\u015bkowiak, Salonen, \u015awidnicki, Kamen\u00edk<\/p>\n\n\n\n<p>14. (65,53) Grahn, Lampart, Liebmann, Przyjemski (d)<\/p>\n\n\n\n<p>15. (64,11) Kvech, Cierniak, Basso, Belan<\/p>\n\n\n\n<p>16. (64,24) Gusts, Chlupac, Henriksson, Knudsen<\/p>\n\n\n\n<p>17. (65,35) Knudsen, Kvech, Przyjemski, \u015awidnicki (w)<\/p>\n\n\n\n<p>18. (65,17) Chlupac, Mi\u015bkowiak, Liebmann, Kamen\u00edk<\/p>\n\n\n\n<p>19. (64,84) Basso, Gusts, Grahn, Belan<\/p>\n\n\n\n<p>20. (64,55) Cierniak, Salonen, Lampart, Henriksson<\/p>\n\n\n\n<p>P\u00f3\u0142fina\u0142y:<\/p>\n\n\n\n<p>21. (65,81) Kvech, Chlupac, Basso (w\/u), Knudsen (w)<\/p>\n\n\n\n<p>22. (65,03) Gusts, Cierniak, Salonen, Mi\u015bkowiak<\/p>\n\n\n\n<p>Fina\u0142:<\/p>\n\n\n\n<p>23. (65,30) Cierniak, Gusts, Chlupac, Kvech (d)<\/p>\n\n\n\n<p>Materia\u0142y prasowe W\u0142\u00f3kniarza (foto: Grzegorz Przygodzi\u0144ski)<\/p>\n\n\n\n<figure class=\"wp-block-image size-large\"><img decoding=\"async\" width=\"1024\" height=\"683\" data-src=\"https:\/\/gazetaregionalna.com\/wp-content\/uploads\/2022\/05\/speedway-grand-prix-2-praga-foto-grzegorz-przygodzinski-1_1653718349_8349-1024x683.jpg\" alt=\"\" class=\"wp-image-81184 lazyload\" data-srcset=\"https:\/\/gazetaregionalna.com\/wp-content\/uploads\/2022\/05\/speedway-grand-prix-2-praga-foto-grzegorz-przygodzinski-1_1653718349_8349-1024x683.jpg 1024w, https:\/\/gazetaregionalna.com\/wp-content\/uploads\/2022\/05\/speedway-grand-prix-2-praga-foto-grzegorz-przygodzinski-1_1653718349_8349-300x200.jpg 300w, https:\/\/gazetaregionalna.com\/wp-content\/uploads\/2022\/05\/speedway-grand-prix-2-praga-foto-grzegorz-przygodzinski-1_1653718349_8349-768x512.jpg 768w, https:\/\/gazetaregionalna.com\/wp-content\/uploads\/2022\/05\/speedway-grand-prix-2-praga-foto-grzegorz-przygodzinski-1_1653718349_8349-1536x1024.jpg 1536w, https:\/\/gazetaregionalna.com\/wp-content\/uploads\/2022\/05\/speedway-grand-prix-2-praga-foto-grzegorz-przygodzinski-1_1653718349_8349-2048x1366.jpg 2048w, https:\/\/gazetaregionalna.com\/wp-content\/uploads\/2022\/05\/speedway-grand-prix-2-praga-foto-grzegorz-przygodzinski-1_1653718349_8349-696x464.jpg 696w, https:\/\/gazetaregionalna.com\/wp-content\/uploads\/2022\/05\/speedway-grand-prix-2-praga-foto-grzegorz-przygodzinski-1_1653718349_8349-1068x712.jpg 1068w, https:\/\/gazetaregionalna.com\/wp-content\/uploads\/2022\/05\/speedway-grand-prix-2-praga-foto-grzegorz-przygodzinski-1_1653718349_8349-1920x1280.jpg 1920w, https:\/\/gazetaregionalna.com\/wp-content\/uploads\/2022\/05\/speedway-grand-prix-2-praga-foto-grzegorz-przygodzinski-1_1653718349_8349-630x420.jpg 630w, https:\/\/gazetaregionalna.com\/wp-content\/uploads\/2022\/05\/speedway-grand-prix-2-praga-foto-grzegorz-przygodzinski-1_1653718349_8349-scaled.jpg 1600w\" data-sizes=\"(max-width: 1024px) 100vw, 1024px\" src=\"data:image\/svg+xml;base64,PHN2ZyB3aWR0aD0iMSIgaGVpZ2h0PSIxIiB4bWxucz0iaHR0cDovL3d3dy53My5vcmcvMjAwMC9zdmciPjwvc3ZnPg==\" style=\"--smush-placeholder-width: 1024px; --smush-placeholder-aspect-ratio: 1024\/683;\" \/><\/figure>\n\n\n\n<figure class=\"wp-block-image size-large\"><img decoding=\"async\" width=\"1024\" height=\"683\" data-src=\"https:\/\/gazetaregionalna.com\/wp-content\/uploads\/2022\/05\/speedway-grand-prix-2-praga-foto-grzegorz-przygodzinski-2_1653718352_8352-1024x683.jpg\" alt=\"\" class=\"wp-image-81185 lazyload\" data-srcset=\"https:\/\/gazetaregionalna.com\/wp-content\/uploads\/2022\/05\/speedway-grand-prix-2-praga-foto-grzegorz-przygodzinski-2_1653718352_8352-1024x683.jpg 1024w, https:\/\/gazetaregionalna.com\/wp-content\/uploads\/2022\/05\/speedway-grand-prix-2-praga-foto-grzegorz-przygodzinski-2_1653718352_8352-300x200.jpg 300w, https:\/\/gazetaregionalna.com\/wp-content\/uploads\/2022\/05\/speedway-grand-prix-2-praga-foto-grzegorz-przygodzinski-2_1653718352_8352-768x512.jpg 768w, https:\/\/gazetaregionalna.com\/wp-content\/uploads\/2022\/05\/speedway-grand-prix-2-praga-foto-grzegorz-przygodzinski-2_1653718352_8352-1536x1024.jpg 1536w, https:\/\/gazetaregionalna.com\/wp-content\/uploads\/2022\/05\/speedway-grand-prix-2-praga-foto-grzegorz-przygodzinski-2_1653718352_8352-2048x1366.jpg 2048w, https:\/\/gazetaregionalna.com\/wp-content\/uploads\/2022\/05\/speedway-grand-prix-2-praga-foto-grzegorz-przygodzinski-2_1653718352_8352-696x464.jpg 696w, https:\/\/gazetaregionalna.com\/wp-content\/uploads\/2022\/05\/speedway-grand-prix-2-praga-foto-grzegorz-przygodzinski-2_1653718352_8352-1068x712.jpg 1068w, https:\/\/gazetaregionalna.com\/wp-content\/uploads\/2022\/05\/speedway-grand-prix-2-praga-foto-grzegorz-przygodzinski-2_1653718352_8352-1920x1280.jpg 1920w, https:\/\/gazetaregionalna.com\/wp-content\/uploads\/2022\/05\/speedway-grand-prix-2-praga-foto-grzegorz-przygodzinski-2_1653718352_8352-630x420.jpg 630w, https:\/\/gazetaregionalna.com\/wp-content\/uploads\/2022\/05\/speedway-grand-prix-2-praga-foto-grzegorz-przygodzinski-2_1653718352_8352-scaled.jpg 1600w\" data-sizes=\"(max-width: 1024px) 100vw, 1024px\" src=\"data:image\/svg+xml;base64,PHN2ZyB3aWR0aD0iMSIgaGVpZ2h0PSIxIiB4bWxucz0iaHR0cDovL3d3dy53My5vcmcvMjAwMC9zdmciPjwvc3ZnPg==\" style=\"--smush-placeholder-width: 1024px; --smush-placeholder-aspect-ratio: 1024\/683;\" \/><\/figure>\n\n\n\n<figure class=\"wp-block-image size-large\"><img decoding=\"async\" width=\"300\" height=\"250\" data-src=\"https:\/\/gazetaregionalna.com\/wp-content\/uploads\/2022\/04\/DMK-7.jpg\" alt=\"\" class=\"wp-image-77214 lazyload\" src=\"data:image\/svg+xml;base64,PHN2ZyB3aWR0aD0iMSIgaGVpZ2h0PSIxIiB4bWxucz0iaHR0cDovL3d3dy53My5vcmcvMjAwMC9zdmciPjwvc3ZnPg==\" style=\"--smush-placeholder-width: 300px; --smush-placeholder-aspect-ratio: 300\/250;\"><\/figure>\n\n\n\n<figure class=\"wp-block-image size-large\"><img decoding=\"async\" width=\"1024\" height=\"683\" data-src=\"https:\/\/gazetaregionalna.com\/wp-content\/uploads\/2022\/05\/speedway-grand-prix-2-praga-foto-grzegorz-przygodzinski-4_1653718357_83571-1024x683.jpg\" alt=\"\" class=\"wp-image-81186 lazyload\" data-srcset=\"https:\/\/gazetaregionalna.com\/wp-content\/uploads\/2022\/05\/speedway-grand-prix-2-praga-foto-grzegorz-przygodzinski-4_1653718357_83571-1024x683.jpg 1024w, https:\/\/gazetaregionalna.com\/wp-content\/uploads\/2022\/05\/speedway-grand-prix-2-praga-foto-grzegorz-przygodzinski-4_1653718357_83571-300x200.jpg 300w, https:\/\/gazetaregionalna.com\/wp-content\/uploads\/2022\/05\/speedway-grand-prix-2-praga-foto-grzegorz-przygodzinski-4_1653718357_83571-768x512.jpg 768w, https:\/\/gazetaregionalna.com\/wp-content\/uploads\/2022\/05\/speedway-grand-prix-2-praga-foto-grzegorz-przygodzinski-4_1653718357_83571-1536x1024.jpg 1536w, https:\/\/gazetaregionalna.com\/wp-content\/uploads\/2022\/05\/speedway-grand-prix-2-praga-foto-grzegorz-przygodzinski-4_1653718357_83571-2048x1365.jpg 2048w, https:\/\/gazetaregionalna.com\/wp-content\/uploads\/2022\/05\/speedway-grand-prix-2-praga-foto-grzegorz-przygodzinski-4_1653718357_83571-696x464.jpg 696w, https:\/\/gazetaregionalna.com\/wp-content\/uploads\/2022\/05\/speedway-grand-prix-2-praga-foto-grzegorz-przygodzinski-4_1653718357_83571-1068x712.jpg 1068w, https:\/\/gazetaregionalna.com\/wp-content\/uploads\/2022\/05\/speedway-grand-prix-2-praga-foto-grzegorz-przygodzinski-4_1653718357_83571-1920x1280.jpg 1920w, https:\/\/gazetaregionalna.com\/wp-content\/uploads\/2022\/05\/speedway-grand-prix-2-praga-foto-grzegorz-przygodzinski-4_1653718357_83571-630x420.jpg 630w, https:\/\/gazetaregionalna.com\/wp-content\/uploads\/2022\/05\/speedway-grand-prix-2-praga-foto-grzegorz-przygodzinski-4_1653718357_83571-scaled.jpg 1600w\" data-sizes=\"(max-width: 1024px) 100vw, 1024px\" src=\"data:image\/svg+xml;base64,PHN2ZyB3aWR0aD0iMSIgaGVpZ2h0PSIxIiB4bWxucz0iaHR0cDovL3d3dy53My5vcmcvMjAwMC9zdmciPjwvc3ZnPg==\" style=\"--smush-placeholder-width: 1024px; --smush-placeholder-aspect-ratio: 1024\/683;\" \/><\/figure>\n\n\n\n<figure class=\"wp-block-image size-large\"><img decoding=\"async\" width=\"683\" height=\"1024\" data-src=\"https:\/\/gazetaregionalna.com\/wp-content\/uploads\/2022\/05\/speedway-grand-prix-2-praga-foto-grzegorz-przygodzinski-6_1653718360_8360-683x1024.jpg\" alt=\"\" class=\"wp-image-81187 lazyload\" data-srcset=\"https:\/\/gazetaregionalna.com\/wp-content\/uploads\/2022\/05\/speedway-grand-prix-2-praga-foto-grzegorz-przygodzinski-6_1653718360_8360-683x1024.jpg 683w, https:\/\/gazetaregionalna.com\/wp-content\/uploads\/2022\/05\/speedway-grand-prix-2-praga-foto-grzegorz-przygodzinski-6_1653718360_8360-200x300.jpg 200w, https:\/\/gazetaregionalna.com\/wp-content\/uploads\/2022\/05\/speedway-grand-prix-2-praga-foto-grzegorz-przygodzinski-6_1653718360_8360-768x1151.jpg 768w, https:\/\/gazetaregionalna.com\/wp-content\/uploads\/2022\/05\/speedway-grand-prix-2-praga-foto-grzegorz-przygodzinski-6_1653718360_8360-1025x1536.jpg 1025w, https:\/\/gazetaregionalna.com\/wp-content\/uploads\/2022\/05\/speedway-grand-prix-2-praga-foto-grzegorz-przygodzinski-6_1653718360_8360-696x1043.jpg 696w, https:\/\/gazetaregionalna.com\/wp-content\/uploads\/2022\/05\/speedway-grand-prix-2-praga-foto-grzegorz-przygodzinski-6_1653718360_8360-1068x1601.jpg 1068w, https:\/\/gazetaregionalna.com\/wp-content\/uploads\/2022\/05\/speedway-grand-prix-2-praga-foto-grzegorz-przygodzinski-6_1653718360_8360-280x420.jpg 280w, https:\/\/gazetaregionalna.com\/wp-content\/uploads\/2022\/05\/speedway-grand-prix-2-praga-foto-grzegorz-przygodzinski-6_1653718360_8360-scaled.jpg 1067w\" data-sizes=\"(max-width: 683px) 100vw, 683px\" src=\"data:image\/svg+xml;base64,PHN2ZyB3aWR0aD0iMSIgaGVpZ2h0PSIxIiB4bWxucz0iaHR0cDovL3d3dy53My5vcmcvMjAwMC9zdmciPjwvc3ZnPg==\" style=\"--smush-placeholder-width: 683px; --smush-placeholder-aspect-ratio: 683\/1024;\" \/><\/figure>\n\n\n\n<figure class=\"wp-block-image size-large\"><img decoding=\"async\" width=\"768\" height=\"1024\" data-src=\"https:\/\/gazetaregionalna.com\/wp-content\/uploads\/2022\/05\/speedway-grand-prix-2-praga-foto-grzegorz-przygodzinski-7_1653718361_83611-768x1024.jpg\" alt=\"\" class=\"wp-image-81188 lazyload\" data-srcset=\"https:\/\/gazetaregionalna.com\/wp-content\/uploads\/2022\/05\/speedway-grand-prix-2-praga-foto-grzegorz-przygodzinski-7_1653718361_83611-768x1024.jpg 768w, https:\/\/gazetaregionalna.com\/wp-content\/uploads\/2022\/05\/speedway-grand-prix-2-praga-foto-grzegorz-przygodzinski-7_1653718361_83611-225x300.jpg 225w, https:\/\/gazetaregionalna.com\/wp-content\/uploads\/2022\/05\/speedway-grand-prix-2-praga-foto-grzegorz-przygodzinski-7_1653718361_83611-1152x1536.jpg 1152w, https:\/\/gazetaregionalna.com\/wp-content\/uploads\/2022\/05\/speedway-grand-prix-2-praga-foto-grzegorz-przygodzinski-7_1653718361_83611-696x928.jpg 696w, https:\/\/gazetaregionalna.com\/wp-content\/uploads\/2022\/05\/speedway-grand-prix-2-praga-foto-grzegorz-przygodzinski-7_1653718361_83611-1068x1424.jpg 1068w, https:\/\/gazetaregionalna.com\/wp-content\/uploads\/2022\/05\/speedway-grand-prix-2-praga-foto-grzegorz-przygodzinski-7_1653718361_83611-315x420.jpg 315w, https:\/\/gazetaregionalna.com\/wp-content\/uploads\/2022\/05\/speedway-grand-prix-2-praga-foto-grzegorz-przygodzinski-7_1653718361_83611-scaled.jpg 1200w\" data-sizes=\"(max-width: 768px) 100vw, 768px\" src=\"data:image\/svg+xml;base64,PHN2ZyB3aWR0aD0iMSIgaGVpZ2h0PSIxIiB4bWxucz0iaHR0cDovL3d3dy53My5vcmcvMjAwMC9zdmciPjwvc3ZnPg==\" style=\"--smush-placeholder-width: 768px; --smush-placeholder-aspect-ratio: 768\/1024;\" \/><\/figure>\n\n\n\n<figure class=\"wp-block-image size-large\"><img decoding=\"async\" width=\"300\" height=\"250\" data-src=\"https:\/\/gazetaregionalna.com\/wp-content\/uploads\/2022\/04\/DMK-1.jpg\" alt=\"\" class=\"wp-image-77209 lazyload\" src=\"data:image\/svg+xml;base64,PHN2ZyB3aWR0aD0iMSIgaGVpZ2h0PSIxIiB4bWxucz0iaHR0cDovL3d3dy53My5vcmcvMjAwMC9zdmciPjwvc3ZnPg==\" style=\"--smush-placeholder-width: 300px; --smush-placeholder-aspect-ratio: 300\/250;\"><\/figure>\n","protected":false},"excerpt":{"rendered":"<p>W pi\u0105tek, zainaugurowano cykl Speedway Grand Prix 2, czyli rywalizacj\u0119 o miano najlepszego m\u0142odzie\u017cowca na \u015bwiecie. Pierwsz\u0105 z trzech rund rozegrano w Pradze. W<\/p>\n","protected":false},"author":15,"featured_media":81184,"comment_status":"closed","ping_status":"open","sticky":false,"template":"","format":"standard","meta":{"_monsterinsights_skip_tracking":false,"_monsterinsights_sitenote_active":false,"_monsterinsights_sitenote_note":"","_monsterinsights_sitenote_category":0,"_uf_show_specific_survey":0,"_uf_disable_surveys":false,"footnotes":""},"categories":[5,7],"tags":[],"class_list":["post-81183","post","type-post","status-publish","format-standard","has-post-thumbnail","hentry","category-sport","category-zuzel"],"_links":{"self":[{"href":"https:\/\/gazetaregionalna.com\/index.php?rest_route=\/wp\/v2\/posts\/81183","targetHints":{"allow":["GET"]}}],"collection":[{"href":"https:\/\/gazetaregionalna.com\/index.php?rest_route=\/wp\/v2\/posts"}],"about":[{"href":"https:\/\/gazetaregionalna.com\/index.php?rest_route=\/wp\/v2\/types\/post"}],"author":[{"embeddable":true,"href":"https:\/\/gazetaregionalna.com\/index.php?rest_route=\/wp\/v2\/users\/15"}],"replies":[{"embeddable":true,"href":"https:\/\/gazetaregionalna.com\/index.php?rest_route=%2Fwp%2Fv2%2Fcomments&post=81183"}],"version-history":[{"count":1,"href":"https:\/\/gazetaregionalna.com\/index.php?rest_route=\/wp\/v2\/posts\/81183\/revisions"}],"predecessor-version":[{"id":81189,"href":"https:\/\/gazetaregionalna.com\/index.php?rest_route=\/wp\/v2\/posts\/81183\/revisions\/81189"}],"wp:featuredmedia":[{"embeddable":true,"href":"https:\/\/gazetaregionalna.com\/index.php?rest_route=\/wp\/v2\/media\/81184"}],"wp:attachment":[{"href":"https:\/\/gazetaregionalna.com\/index.php?rest_route=%2Fwp%2Fv2%2Fmedia&parent=81183"}],"wp:term":[{"taxonomy":"category","embeddable":true,"href":"https:\/\/gazetaregionalna.com\/index.php?rest_route=%2Fwp%2Fv2%2Fcategories&post=81183"},{"taxonomy":"post_tag","embeddable":true,"href":"https:\/\/gazetaregionalna.com\/index.php?rest_route=%2Fwp%2Fv2%2Ftags&post=81183"}],"curies":[{"name":"wp","href":"https:\/\/api.w.org\/{rel}","templated":true}]}}