{"id":81151,"date":"2022-05-28T00:03:28","date_gmt":"2022-05-28T00:03:28","guid":{"rendered":"https:\/\/gazetaregionalna.com\/?p=81151"},"modified":"2022-05-28T00:03:28","modified_gmt":"2022-05-28T00:03:28","slug":"dzien-dziecka-w-plenerze","status":"publish","type":"post","link":"https:\/\/gazetaregionalna.com\/?p=81151","title":{"rendered":"Dzie\u0144 dziecka w plenerze \u2013 podrzucamy kilka pomys\u0142\u00f3w na sp\u0119dzenie 1 czerwca na \u015bwie\u017cym powietrzu"},"content":{"rendered":"\n<p><strong>Ju\u017c 1 czerwca podaruj swojemu dziecku aktywnie sp\u0119dzony czas przepe\u0142niony zabaw\u0105 w rodzinnym gronie. Taki dzie\u0144 dziecka z pewno\u015bci\u0105 zapami\u0119ta lepiej, ni\u017c prezenty, kt\u00f3re zapewne tak\u017ce dostanie.<\/strong><\/p>\n\n\n\n<p>Aby sp\u0119dzi\u0107 dzie\u0144 dziecka aktywnie, nie potrzeba zbyt wiele. Tak naprawd\u0119 wystarcz\u0105 g\u0142\u00f3wnie szczere ch\u0119ci oraz kilka pomys\u0142\u00f3w, kt\u00f3re znajdziesz poni\u017cej.<\/p>\n\n\n\n<p><strong>Piknik<\/strong><\/p>\n\n\n\n<p>Jedzenie na \u015bwie\u017cym powietrzu smakuje inaczej, wed\u0142ug niekt\u00f3rych nawet lepiej&#8230;chyba nie trzeba do tego nikogo przekonywa\u0107. Ponadto dzieci lubi\u0105 wszelkie odst\u0105pienia od codziennej rutyny, wi\u0119c koc i kilka przek\u0105sek rozstawionych w plenerze, mog\u0105 okaza\u0107 si\u0119 sposobem na niejadk\u00f3w, a przede wszystkim na mi\u0142o sp\u0119dzony czas i wspomnienia na lata.<\/p>\n\n\n\n<p>Aby zrobi\u0107 piknik, wystarczy wcze\u015bniej ju\u017c wspomniany koc, co\u015b do picia, np. bidon z wod\u0105 czy kompotem oraz co\u015b do jedzenia (tutaj mo\u017cna nieco zaszale\u0107, oczywi\u015bcie je\u015bli masz wi\u0119cej czasu, ale najlepiej sprawdz\u0105 si\u0119 kanapki czy pokrojone owoce lub jakie\u015b gotowe przek\u0105ski, takie jak ciastka, chrupki itp.).<\/p>\n\n\n\n<p>Najlepsz\u0105 przestrzeni\u0105 na roz\u0142o\u017cenie koca z koszem piknikowym jest oczywi\u015bcie miejsce oddalone od miejskiego zgie\u0142ku, w sercu przyrody. \u015awietnym miejscem jest \u0142\u0105ka, park na obrze\u017cach miasta, czy le\u015bna polana. Piknik bardzo dobrze sprawdzi si\u0119 tak\u017ce w przydomowym ogr\u00f3dku lub na dzia\u0142ce.<\/p>\n\n\n\n<p><strong>Podchody<\/strong><\/p>\n\n\n\n<p>Je\u015bli nie pami\u0119tasz, lub zwyczajnie nie wiesz, czym s\u0105 podchody \u2013 przybywamy z pomoc\u0105. W du\u017cym skr\u00f3cie gra polega na tym, \u017ce jedna dru\u017cyna ucieka, zostawiaj\u0105c za sob\u0105 rozmaite wskaz\u00f3wki i zadania, kt\u00f3re do nich prowadz\u0105, a druga ich szuka.<\/p>\n\n\n\n<p>Zabawa podczas podchod\u00f3w jest naprawd\u0119 przednia. Do gry wystarcz\u0105 ju\u017c dwie osoby, ale im wi\u0119cej, tym lepiej. Zabawa odbywa si\u0119 najcz\u0119\u015bciej w terenie, dlatego przeznaczona jest raczej dla starszych dzieci, a je\u015bli chcesz, by uczestniczy\u0142y w niej tak\u017ce m\u0142odsze \u2013 w\u00f3wczas koniecznie pod opiek\u0105 doros\u0142ych, bowiem najlepszym miejscem do podchod\u00f3w s\u0105 tereny le\u015bne, czy rozleg\u0142y park.<\/p>\n\n\n\n<p>Opr\u00f3cz odpowiedniej ilo\u015bci os\u00f3b oraz terenu do podchod\u00f3w potrzebna jeszcze b\u0119dzie pomys\u0142owo\u015b\u0107 graczy, szczeg\u00f3lnie w przypadku dru\u017cyny uciekaj\u0105cej. Znaki, kt\u00f3re maj\u0105 u\u0142atwi\u0107 pod\u0105\u017canie za pierwsza grup\u0105, wymagaj\u0105 nieco kreatywno\u015bci przy ich tworzeniu. Do zrobienia rozmaitych strza\u0142ek itp. wystarcz\u0105 szyszki, patyki, kamyki lub piach \u2013 co tylko znajdzie si\u0119 po drodze.<\/p>\n\n\n\n<p>Na trasie powinny znale\u017a\u0107 si\u0119 tak\u017ce zadania do wykonania. W\u00f3wczas mo\u017cna np. narysowa\u0107 na ziemi krzy\u017cyk, daj\u0105c tym samym znak, \u017ce w pobli\u017cu jest ukryte zadanie. Mo\u017cna doda\u0107 r\u00f3wnie\u017c strza\u0142k\u0119, pokazuj\u0105c\u0105 kierunek ukrycia zadania. Kartki z zadaniami mo\u017cna wiesza\u0107 na ga\u0142\u0119ziach drzew, ukrywa\u0107 pod kamieniami itp. Do takich zada\u0144 mog\u0105 nale\u017ce\u0107 proste \u0107wiczenia fizyczne lub znalezienie czego\u015b, np. czarnego kamienia czy okre\u015blonego gatunku kwiatka.<\/p>\n\n\n\n<p><strong>Spacer do lasu<\/strong><\/p>\n\n\n\n<p>Dzie\u0144 dziecka to ju\u017c niemal pora letnia,w tym dniu mog\u0105 wi\u0119c zdarzy\u0107 si\u0119 upa\u0142y, w\u00f3wczas warto wi\u0119c postawi\u0107 na wycieczk\u0119 do lasu, gdzie dzi\u0119ki rosn\u0105cym tam drzewom, mo\u017cna nieco odetchn\u0105c w ich cieniu. Poza tym las sprzyja poprawie odporno\u015bci dziecka, a odrobina ruchu na \u015bwie\u017cym powietrzu przyda si\u0119 tak\u017ce rodzicom.<\/p>\n\n\n\n<p>Jedyne, o czym musisz pami\u0119ta\u0107 podczas takiej wyprawy to odpowiedni ubi\u00f3r dla siebie i dziecka. Las ma bowiem jedn\u0105 wad\u0119 \u2013 grasuj\u0105 w nim niebezpieczne dla zdrowia kleszcze, przed kt\u00f3rymi mo\u017cna si\u0119 jednak ustrzec, zak\u0142adaj\u0105c w\u0142a\u015bciwy ubi\u00f3r czy stosuj\u0105c odpowiednie \u015brodki. Nie warto si\u0119 zra\u017ca\u0107 \u2013 las to tak\u017ce \u015bwietne miejsce do podziwiania przyrody, w tym rozmaitego ptactwa czy ro\u015blin.<\/p>\n\n\n\n<p><strong>Pami\u0119taj&#8230;<\/strong><\/p>\n\n\n\n<p>Niewa\u017cne jak b\u0119dzie wygl\u0105da\u0142 1 czerwca. Najwa\u017cniejsze, by\u015bcie w tym dniu sp\u0119dzili czas razem z dzieckiem, kt\u00f3re z tego faktu b\u0119dzie du\u017co bardziej usatysfakcjonowane, ni\u017c z pi\u0119knych, zapewne te\u017c d\u0142ugo wyczekiwanych prezent\u00f3w.<\/p>\n\n\n\n<figure class=\"wp-block-image size-large\"><img decoding=\"async\" width=\"1024\" height=\"682\" data-src=\"https:\/\/gazetaregionalna.com\/wp-content\/uploads\/2022\/05\/path-2291385_1920-1024x682.jpg\" alt=\"pomys\u0142y\" class=\"wp-image-81179 lazyload\" data-srcset=\"https:\/\/gazetaregionalna.com\/wp-content\/uploads\/2022\/05\/path-2291385_1920-1024x682.jpg 1024w, https:\/\/gazetaregionalna.com\/wp-content\/uploads\/2022\/05\/path-2291385_1920-300x200.jpg 300w, https:\/\/gazetaregionalna.com\/wp-content\/uploads\/2022\/05\/path-2291385_1920-768x512.jpg 768w, https:\/\/gazetaregionalna.com\/wp-content\/uploads\/2022\/05\/path-2291385_1920-1536x1023.jpg 1536w, https:\/\/gazetaregionalna.com\/wp-content\/uploads\/2022\/05\/path-2291385_1920-696x464.jpg 696w, https:\/\/gazetaregionalna.com\/wp-content\/uploads\/2022\/05\/path-2291385_1920-1068x711.jpg 1068w, https:\/\/gazetaregionalna.com\/wp-content\/uploads\/2022\/05\/path-2291385_1920-630x420.jpg 630w, https:\/\/gazetaregionalna.com\/wp-content\/uploads\/2022\/05\/path-2291385_1920-scaled.jpg 1600w\" data-sizes=\"(max-width: 1024px) 100vw, 1024px\" src=\"data:image\/svg+xml;base64,PHN2ZyB3aWR0aD0iMSIgaGVpZ2h0PSIxIiB4bWxucz0iaHR0cDovL3d3dy53My5vcmcvMjAwMC9zdmciPjwvc3ZnPg==\" style=\"--smush-placeholder-width: 1024px; --smush-placeholder-aspect-ratio: 1024\/682;\" \/><figcaption>Pixabay<\/figcaption><\/figure>\n\n\n\n<p><strong>Linda Noco\u0144<\/strong><\/p>\n","protected":false},"excerpt":{"rendered":"<p>Ju\u017c 1 czerwca podaruj swojemu dziecku aktywnie sp\u0119dzony czas przepe\u0142niony zabaw\u0105 w rodzinnym gronie. Taki dzie\u0144 dziecka z pewno\u015bci\u0105 zapami\u0119ta lepiej, ni\u017c prezenty, kt\u00f3re<\/p>\n","protected":false},"author":26,"featured_media":81180,"comment_status":"closed","ping_status":"open","sticky":false,"template":"","format":"standard","meta":{"_monsterinsights_skip_tracking":false,"_monsterinsights_sitenote_active":false,"_monsterinsights_sitenote_note":"","_monsterinsights_sitenote_category":0,"_uf_show_specific_survey":0,"_uf_disable_surveys":false,"footnotes":""},"categories":[17,15,97],"tags":[1820,2377,2688,5037,4978],"class_list":["post-81151","post","type-post","status-publish","format-standard","has-post-thumbnail","hentry","category-dom","category-dla-dzieci","category-rodzina","tag-dzien-dziecka","tag-piknik","tag-plener","tag-pomysly","tag-zabawy"],"_links":{"self":[{"href":"https:\/\/gazetaregionalna.com\/index.php?rest_route=\/wp\/v2\/posts\/81151","targetHints":{"allow":["GET"]}}],"collection":[{"href":"https:\/\/gazetaregionalna.com\/index.php?rest_route=\/wp\/v2\/posts"}],"about":[{"href":"https:\/\/gazetaregionalna.com\/index.php?rest_route=\/wp\/v2\/types\/post"}],"author":[{"embeddable":true,"href":"https:\/\/gazetaregionalna.com\/index.php?rest_route=\/wp\/v2\/users\/26"}],"replies":[{"embeddable":true,"href":"https:\/\/gazetaregionalna.com\/index.php?rest_route=%2Fwp%2Fv2%2Fcomments&post=81151"}],"version-history":[{"count":2,"href":"https:\/\/gazetaregionalna.com\/index.php?rest_route=\/wp\/v2\/posts\/81151\/revisions"}],"predecessor-version":[{"id":81181,"href":"https:\/\/gazetaregionalna.com\/index.php?rest_route=\/wp\/v2\/posts\/81151\/revisions\/81181"}],"wp:featuredmedia":[{"embeddable":true,"href":"https:\/\/gazetaregionalna.com\/index.php?rest_route=\/wp\/v2\/media\/81180"}],"wp:attachment":[{"href":"https:\/\/gazetaregionalna.com\/index.php?rest_route=%2Fwp%2Fv2%2Fmedia&parent=81151"}],"wp:term":[{"taxonomy":"category","embeddable":true,"href":"https:\/\/gazetaregionalna.com\/index.php?rest_route=%2Fwp%2Fv2%2Fcategories&post=81151"},{"taxonomy":"post_tag","embeddable":true,"href":"https:\/\/gazetaregionalna.com\/index.php?rest_route=%2Fwp%2Fv2%2Ftags&post=81151"}],"curies":[{"name":"wp","href":"https:\/\/api.w.org\/{rel}","templated":true}]}}