{"id":81050,"date":"2022-05-27T04:46:56","date_gmt":"2022-05-27T04:46:56","guid":{"rendered":"https:\/\/gazetaregionalna.com\/?p=81050"},"modified":"2022-05-27T04:47:46","modified_gmt":"2022-05-27T04:47:46","slug":"komandosi-swietuja","status":"publish","type":"post","link":"https:\/\/gazetaregionalna.com\/?p=81050","title":{"rendered":"Lublinieccy Komandosi \u015bwi\u0119tuj\u0105."},"content":{"rendered":"\n<h2 class=\"wp-block-heading\">Jednostka Wojskowa Komandos\u00f3w z Lubli\u0144ca obchodzi 15-lecie uzyskania statusu odr\u0119bnego rodzaju Si\u0142 Zbrojnych.<\/h2>\n\n\n\n<p>Dok\u0142adnie 24 maja 2007 roku, Wojska Specjalne uzyska\u0142y status odr\u0119bnego Rodzaju Si\u0142 Zbrojnych. Minister Obrony Narodowej ustanowi\u0142 t\u0119 dat\u0119 \u015awi\u0119tem Wojsk Specjalnych.<\/p>\n\n\n\n<p>Lubliniecka jednostka przygotowana jest do najtrudniejszych zada\u0144 wojskowych. To pierwsza jednostka wojsk specjalnych, kt\u00f3ra swoj\u0105 zdolno\u015b\u0107 do zapobiegania rozprzestrzeniania broni masowego ra\u017cenia, certyfikowa\u0142a w NATO. Najstarsza jednostka \u201especjals\u00f3w\u201d w Wojsku Polskim.<\/p>\n\n\n\n<p>Formowanie jednostki rozpocz\u0119to w pa\u017adzierniku 1993\u00a0na bazie 1\u00a0Batalionu Szturmowego, dwa lata p\u00f3\u017aniej Minister Obrony Narodowej nada\u0142 jej wyr\u00f3\u017cniaj\u0105c\u0105 nazw\u0119 \u201eKomandos\u00f3w\u201d. Jednostka otrzyma\u0142a sztandar wojskowy ufundowany przez spo\u0142eczno\u015b\u0107 ziemi lublinieckiej.<\/p>\n\n\n\n<p>Od pocz\u0105tku istnienia komandosi byli wsparciem militarnym najtrudniejszych akcji, prowadz\u0105c niekonwencjonalne dzia\u0142ania. Brali udzia\u0142 w operacjach wojskowych w Afganistanie, Czadzie, Kongo, Macedonii, Pakistanie i Syrii, gdzie wielokrotnie dowiedli perfekcyjnego wyszkolenia. Lublinieccy komandosi prowadzili rozpoznanie specjalne, zatrzymywali najgro\u017aniejszych przest\u0119pc\u00f3w, rozbijali siatki terrorystyczne, likwidowali sk\u0142ady broni i materia\u0142\u00f3w wybuchowych.<\/p>\n\n\n\n<p>Z okazji \u015bwi\u0119ta, starosta Joachim Smy\u0142a podzi\u0119kowa\u0142 \u201especjalsom\u201d za trud ich s\u0142u\u017cby:<strong> <\/strong><em>Jeste\u015bcie chlub\u0105 naszych si\u0142 zbrojnych. Dzi\u0119kuj\u0119 za to,\u00a0co robicie na co dzie\u0144,\u00a0doskonal\u0105c sw\u00f3j operatorski kunszt i profesjonalizm na licznych poligonach i w o\u015brodkach szkolenia w kraju i za granic\u0105, czy realizuj\u0105c misje najwy\u017cszego ryzyka na ca\u0142ym \u015bwiecie.<\/em><\/p>\n\n\n\n<p>Od stycznia tego roku lubliniecka jednostka ma nowego dow\u00f3dc\u0119. Zosta\u0142 nim pp\u0142k Wojciech Danisiewicz, kt\u00f3ry od pocz\u0105tku swojej s\u0142u\u017cby wojskowej zwi\u0105zany by\u0142 jednostk\u0105 komandos\u00f3w. Z dniem obj\u0119cia obowi\u0105zk\u00f3w na nowym stanowisku s\u0142u\u017cbowym zosta\u0142 mianowany na stopie\u0144 pu\u0142kownika.<\/p>\n","protected":false},"excerpt":{"rendered":"<p>Jednostka Wojskowa Komandos\u00f3w z Lubli\u0144ca obchodzi 15-lecie uzyskania statusu odr\u0119bnego rodzaju Si\u0142 Zbrojnych. Dok\u0142adnie 24 maja 2007 roku, Wojska Specjalne uzyska\u0142y status odr\u0119bnego Rodzaju<\/p>\n","protected":false},"author":24,"featured_media":81052,"comment_status":"closed","ping_status":"open","sticky":false,"template":"","format":"standard","meta":{"_monsterinsights_skip_tracking":false,"_monsterinsights_sitenote_active":false,"_monsterinsights_sitenote_note":"","_monsterinsights_sitenote_category":0,"_uf_show_specific_survey":0,"_uf_disable_surveys":false,"footnotes":""},"categories":[25,44,4],"tags":[2835,104,5021,5022,5023],"class_list":["post-81050","post","type-post","status-publish","format-standard","has-post-thumbnail","hentry","category-lubliniec","category-bezpieczenstwo","category-region","tag-jednostka-wojskowa-komandosow","tag-lubliniec","tag-lublinieccy-komandosi","tag-wojska-specjalne","tag-wojsko-polskie"],"_links":{"self":[{"href":"https:\/\/gazetaregionalna.com\/index.php?rest_route=\/wp\/v2\/posts\/81050","targetHints":{"allow":["GET"]}}],"collection":[{"href":"https:\/\/gazetaregionalna.com\/index.php?rest_route=\/wp\/v2\/posts"}],"about":[{"href":"https:\/\/gazetaregionalna.com\/index.php?rest_route=\/wp\/v2\/types\/post"}],"author":[{"embeddable":true,"href":"https:\/\/gazetaregionalna.com\/index.php?rest_route=\/wp\/v2\/users\/24"}],"replies":[{"embeddable":true,"href":"https:\/\/gazetaregionalna.com\/index.php?rest_route=%2Fwp%2Fv2%2Fcomments&post=81050"}],"version-history":[{"count":2,"href":"https:\/\/gazetaregionalna.com\/index.php?rest_route=\/wp\/v2\/posts\/81050\/revisions"}],"predecessor-version":[{"id":81053,"href":"https:\/\/gazetaregionalna.com\/index.php?rest_route=\/wp\/v2\/posts\/81050\/revisions\/81053"}],"wp:featuredmedia":[{"embeddable":true,"href":"https:\/\/gazetaregionalna.com\/index.php?rest_route=\/wp\/v2\/media\/81052"}],"wp:attachment":[{"href":"https:\/\/gazetaregionalna.com\/index.php?rest_route=%2Fwp%2Fv2%2Fmedia&parent=81050"}],"wp:term":[{"taxonomy":"category","embeddable":true,"href":"https:\/\/gazetaregionalna.com\/index.php?rest_route=%2Fwp%2Fv2%2Fcategories&post=81050"},{"taxonomy":"post_tag","embeddable":true,"href":"https:\/\/gazetaregionalna.com\/index.php?rest_route=%2Fwp%2Fv2%2Ftags&post=81050"}],"curies":[{"name":"wp","href":"https:\/\/api.w.org\/{rel}","templated":true}]}}