{"id":81039,"date":"2022-05-26T12:25:57","date_gmt":"2022-05-26T12:25:57","guid":{"rendered":"https:\/\/gazetaregionalna.com\/?p=81039"},"modified":"2022-05-26T12:25:58","modified_gmt":"2022-05-26T12:25:58","slug":"wiosenny-pokaz-mody-u-lesnych-skrzatow-w-poraju","status":"publish","type":"post","link":"https:\/\/gazetaregionalna.com\/?p=81039","title":{"rendered":"Wiosenny Pokaz Mody u Le\u015bnych Skrzat\u00f3w w Poraju"},"content":{"rendered":"\n<h2 class=\"wp-block-heading\">W tym roku po raz pierwszy w Przedszkolu zosta\u0142 zorganizowany \u201eWiosenny Pokaz Mody\u201d.<\/h2>\n\n\n\n<p>Jedna z sal zamieni\u0142a si\u0119 w <strong>prawdziwy wybieg z czerwonym dywanem<\/strong>, pi\u0119kn\u0105 dekoracj\u0105 oraz o\u015bwietleniem, publiczno\u015bci\u0105 i Jury.<\/p>\n\n\n\n<p>Pomys\u0142odawczyni\u0105 tego wydarzenia by\u0142a Dyrektor Przedszkola Beata Rajczyk, a koordynatorami nauczyciele: Karolina Duda, Joanna Ciesielska, Kamila \u015awito\u0144 i Paulina Piszcza\u0142a.<\/p>\n\n\n\n<p>W tym jak\u017ce wyj\u0105tkowym wydarzeniu bra\u0142y udzia\u0142 modelki oraz modele, ze wszystkich grup przedszkolnych i \u017c\u0142obka, czyli: Biedronki, Pszcz\u00f3\u0142ki, Jag\u00f3dki, Zaj\u0105czki, Motylki, Misie, Poziomki i S\u00f3wki.<\/p>\n\n\n\n<p><strong>Uczestnicy kroczyli wzd\u0142u\u017c czerwonego dywanu<\/strong> przy <strong>muzyce najwi\u0119kszych \u015bwiatowych przeboj\u00f3w<\/strong>. Nie zawiod\u0142a <strong>pomys\u0142owo\u015b\u0107<\/strong> oraz <strong>kreatywno\u015b\u0107 rodzic\u00f3w<\/strong>, gdy\u017c przedszkolaki prezentowa\u0142y si\u0119 w strojach wyj\u0105tkowych i oryginalnych, zaprojektowanych wed\u0142ug w\u0142asnych pomys\u0142\u00f3w\u00a0zaczerpni\u0119tych ze \u015bwiata mody. By\u0142y to <strong>stylizacje wiosenne<\/strong>, <strong>egzotyczne<\/strong>, <strong>podr\u00f3\u017cnicze<\/strong>, <strong>ekologiczne<\/strong>, <strong>klasyczne <\/strong>a tak\u017ce <strong>codzienne<\/strong>. Nie zbrak\u0142o <strong>kapeluszy<\/strong>, <strong>torebek <\/strong>i <strong>okular\u00f3w przeciws\u0142onecznych <\/strong>czy <strong>wiosennych<\/strong> <strong>kwiat\u00f3w<\/strong>. Wszyscy uczestnicy pokazu byli nagradzani du\u017cymi brawami.<\/p>\n\n\n\n<p>W Jury zasiedli mi\u0119dzy innymi: dyrektor Beata Rajczyk oraz Katarzyna Ch\u0142osta, Paulina Zbirek &#8211; Chwist i Agnieszka Chrobot \u2013 Rarok \u2013 przedstawiciele Rodzic\u00f3w. Oceniali ma\u0142ych modeli za oryginalno\u015b\u0107, poczucie stylu, dob\u00f3r dodatk\u00f3w i p\u0142ynno\u015b\u0107 ruch\u00f3w.<\/p>\n\n\n\n<p><strong>Pokaz Mody Wiosennej<\/strong> <strong>zako\u0144czy\u0142 si\u0119 wr\u0119czeniem drobnych upomink\u00f3w<\/strong> <strong>dla ka\u017cdego uczestnika oraz pami\u0105tkowym zdj\u0119ciem<\/strong>. Na koniec Jury postanowi\u0142o przyzna\u0107 <strong>nagrody specjalne dla dzieci<\/strong>, kt\u00f3re na czerwonym dywanie <strong>zaprezentowa\u0142y si\u0119 jak mali profesjonali\u015bci<\/strong>.<\/p>\n\n\n\n<p><em>&#8222;Mamy nadziej\u0119, \u017ce ta barwna ciekawa impreza rozbudzi\u0142a wyobra\u017ani\u0119 dzieci oraz pozwoli\u0142a im odkry\u0107 w sobie odwag\u0119, odsuwaj\u0105c l\u0119k przed publiczn\u0105 autoprezentacj\u0105 i zainspirowa\u0142a je do dalszej tw\u00f3rczej aktywno\u015bci&#8221;<\/em> \u2013 podsumowa\u0142a Beata Rajczyk, dyrektor Przedszkola i \u017b\u0142obka.<\/p>\n\n\n\n<figure class=\"wp-block-gallery columns-3 is-cropped wp-block-gallery-1 is-layout-flex wp-block-gallery-is-layout-flex\"><ul class=\"blocks-gallery-grid\"><li class=\"blocks-gallery-item\"><figure><a href=\"https:\/\/gazetaregionalna.com\/wp-content\/uploads\/2022\/05\/2-36.jpg\"><img decoding=\"async\" width=\"1024\" height=\"684\" data-src=\"https:\/\/gazetaregionalna.com\/wp-content\/uploads\/2022\/05\/2-36.jpg\" alt=\"\" data-id=\"81040\" data-link=\"https:\/\/gazetaregionalna.com\/?attachment_id=81040\" class=\"wp-image-81040 lazyload\" data-srcset=\"https:\/\/gazetaregionalna.com\/wp-content\/uploads\/2022\/05\/2-36.jpg 1024w, https:\/\/gazetaregionalna.com\/wp-content\/uploads\/2022\/05\/2-36-300x200.jpg 300w, https:\/\/gazetaregionalna.com\/wp-content\/uploads\/2022\/05\/2-36-768x513.jpg 768w, https:\/\/gazetaregionalna.com\/wp-content\/uploads\/2022\/05\/2-36-696x465.jpg 696w, https:\/\/gazetaregionalna.com\/wp-content\/uploads\/2022\/05\/2-36-629x420.jpg 629w\" data-sizes=\"(max-width: 1024px) 100vw, 1024px\" src=\"data:image\/svg+xml;base64,PHN2ZyB3aWR0aD0iMSIgaGVpZ2h0PSIxIiB4bWxucz0iaHR0cDovL3d3dy53My5vcmcvMjAwMC9zdmciPjwvc3ZnPg==\" style=\"--smush-placeholder-width: 1024px; --smush-placeholder-aspect-ratio: 1024\/684;\" \/><\/a><\/figure><\/li><li class=\"blocks-gallery-item\"><figure><a href=\"https:\/\/gazetaregionalna.com\/wp-content\/uploads\/2022\/05\/3-31.jpg\"><img decoding=\"async\" width=\"1024\" height=\"684\" data-src=\"https:\/\/gazetaregionalna.com\/wp-content\/uploads\/2022\/05\/3-31.jpg\" alt=\"\" data-id=\"81041\" data-link=\"https:\/\/gazetaregionalna.com\/?attachment_id=81041\" class=\"wp-image-81041 lazyload\" data-srcset=\"https:\/\/gazetaregionalna.com\/wp-content\/uploads\/2022\/05\/3-31.jpg 1024w, https:\/\/gazetaregionalna.com\/wp-content\/uploads\/2022\/05\/3-31-300x200.jpg 300w, https:\/\/gazetaregionalna.com\/wp-content\/uploads\/2022\/05\/3-31-768x513.jpg 768w, https:\/\/gazetaregionalna.com\/wp-content\/uploads\/2022\/05\/3-31-696x465.jpg 696w, https:\/\/gazetaregionalna.com\/wp-content\/uploads\/2022\/05\/3-31-629x420.jpg 629w\" data-sizes=\"(max-width: 1024px) 100vw, 1024px\" src=\"data:image\/svg+xml;base64,PHN2ZyB3aWR0aD0iMSIgaGVpZ2h0PSIxIiB4bWxucz0iaHR0cDovL3d3dy53My5vcmcvMjAwMC9zdmciPjwvc3ZnPg==\" style=\"--smush-placeholder-width: 1024px; --smush-placeholder-aspect-ratio: 1024\/684;\" \/><\/a><\/figure><\/li><li class=\"blocks-gallery-item\"><figure><a href=\"https:\/\/gazetaregionalna.com\/wp-content\/uploads\/2022\/05\/4-25.jpg\"><img decoding=\"async\" width=\"1024\" height=\"684\" data-src=\"https:\/\/gazetaregionalna.com\/wp-content\/uploads\/2022\/05\/4-25.jpg\" alt=\"\" data-id=\"81042\" data-link=\"https:\/\/gazetaregionalna.com\/?attachment_id=81042\" class=\"wp-image-81042 lazyload\" data-srcset=\"https:\/\/gazetaregionalna.com\/wp-content\/uploads\/2022\/05\/4-25.jpg 1024w, https:\/\/gazetaregionalna.com\/wp-content\/uploads\/2022\/05\/4-25-300x200.jpg 300w, https:\/\/gazetaregionalna.com\/wp-content\/uploads\/2022\/05\/4-25-768x513.jpg 768w, https:\/\/gazetaregionalna.com\/wp-content\/uploads\/2022\/05\/4-25-696x465.jpg 696w, https:\/\/gazetaregionalna.com\/wp-content\/uploads\/2022\/05\/4-25-629x420.jpg 629w\" data-sizes=\"(max-width: 1024px) 100vw, 1024px\" src=\"data:image\/svg+xml;base64,PHN2ZyB3aWR0aD0iMSIgaGVpZ2h0PSIxIiB4bWxucz0iaHR0cDovL3d3dy53My5vcmcvMjAwMC9zdmciPjwvc3ZnPg==\" style=\"--smush-placeholder-width: 1024px; --smush-placeholder-aspect-ratio: 1024\/684;\" \/><\/a><\/figure><\/li><li class=\"blocks-gallery-item\"><figure><a href=\"https:\/\/gazetaregionalna.com\/wp-content\/uploads\/2022\/05\/5-20.jpg\"><img decoding=\"async\" width=\"1024\" height=\"684\" data-src=\"https:\/\/gazetaregionalna.com\/wp-content\/uploads\/2022\/05\/5-20.jpg\" alt=\"\" data-id=\"81043\" data-link=\"https:\/\/gazetaregionalna.com\/?attachment_id=81043\" class=\"wp-image-81043 lazyload\" data-srcset=\"https:\/\/gazetaregionalna.com\/wp-content\/uploads\/2022\/05\/5-20.jpg 1024w, https:\/\/gazetaregionalna.com\/wp-content\/uploads\/2022\/05\/5-20-300x200.jpg 300w, https:\/\/gazetaregionalna.com\/wp-content\/uploads\/2022\/05\/5-20-768x513.jpg 768w, https:\/\/gazetaregionalna.com\/wp-content\/uploads\/2022\/05\/5-20-696x465.jpg 696w, https:\/\/gazetaregionalna.com\/wp-content\/uploads\/2022\/05\/5-20-629x420.jpg 629w\" data-sizes=\"(max-width: 1024px) 100vw, 1024px\" src=\"data:image\/svg+xml;base64,PHN2ZyB3aWR0aD0iMSIgaGVpZ2h0PSIxIiB4bWxucz0iaHR0cDovL3d3dy53My5vcmcvMjAwMC9zdmciPjwvc3ZnPg==\" style=\"--smush-placeholder-width: 1024px; --smush-placeholder-aspect-ratio: 1024\/684;\" \/><\/a><\/figure><\/li><li class=\"blocks-gallery-item\"><figure><a href=\"https:\/\/gazetaregionalna.com\/wp-content\/uploads\/2022\/05\/6-20.jpg\"><img decoding=\"async\" width=\"1024\" height=\"684\" data-src=\"https:\/\/gazetaregionalna.com\/wp-content\/uploads\/2022\/05\/6-20.jpg\" alt=\"\" data-id=\"81044\" data-link=\"https:\/\/gazetaregionalna.com\/?attachment_id=81044\" class=\"wp-image-81044 lazyload\" data-srcset=\"https:\/\/gazetaregionalna.com\/wp-content\/uploads\/2022\/05\/6-20.jpg 1024w, https:\/\/gazetaregionalna.com\/wp-content\/uploads\/2022\/05\/6-20-300x200.jpg 300w, https:\/\/gazetaregionalna.com\/wp-content\/uploads\/2022\/05\/6-20-768x513.jpg 768w, https:\/\/gazetaregionalna.com\/wp-content\/uploads\/2022\/05\/6-20-696x465.jpg 696w, https:\/\/gazetaregionalna.com\/wp-content\/uploads\/2022\/05\/6-20-629x420.jpg 629w\" data-sizes=\"(max-width: 1024px) 100vw, 1024px\" src=\"data:image\/svg+xml;base64,PHN2ZyB3aWR0aD0iMSIgaGVpZ2h0PSIxIiB4bWxucz0iaHR0cDovL3d3dy53My5vcmcvMjAwMC9zdmciPjwvc3ZnPg==\" style=\"--smush-placeholder-width: 1024px; --smush-placeholder-aspect-ratio: 1024\/684;\" \/><\/a><\/figure><\/li><li class=\"blocks-gallery-item\"><figure><a href=\"https:\/\/gazetaregionalna.com\/wp-content\/uploads\/2022\/05\/7-18.jpg\"><img decoding=\"async\" width=\"1024\" height=\"684\" data-src=\"https:\/\/gazetaregionalna.com\/wp-content\/uploads\/2022\/05\/7-18.jpg\" alt=\"\" data-id=\"81045\" data-full-url=\"https:\/\/gazetaregionalna.com\/wp-content\/uploads\/2022\/05\/7-18.jpg\" data-link=\"https:\/\/gazetaregionalna.com\/?attachment_id=81045\" class=\"wp-image-81045 lazyload\" data-srcset=\"https:\/\/gazetaregionalna.com\/wp-content\/uploads\/2022\/05\/7-18.jpg 1024w, https:\/\/gazetaregionalna.com\/wp-content\/uploads\/2022\/05\/7-18-300x200.jpg 300w, https:\/\/gazetaregionalna.com\/wp-content\/uploads\/2022\/05\/7-18-768x513.jpg 768w, https:\/\/gazetaregionalna.com\/wp-content\/uploads\/2022\/05\/7-18-696x465.jpg 696w, https:\/\/gazetaregionalna.com\/wp-content\/uploads\/2022\/05\/7-18-629x420.jpg 629w\" data-sizes=\"(max-width: 1024px) 100vw, 1024px\" src=\"data:image\/svg+xml;base64,PHN2ZyB3aWR0aD0iMSIgaGVpZ2h0PSIxIiB4bWxucz0iaHR0cDovL3d3dy53My5vcmcvMjAwMC9zdmciPjwvc3ZnPg==\" style=\"--smush-placeholder-width: 1024px; --smush-placeholder-aspect-ratio: 1024\/684;\" \/><\/a><\/figure><\/li><\/ul><figcaption class=\"blocks-gallery-caption\">fot. UG w Poraju <\/figcaption><\/figure>\n\n\n\n<p><strong>K KIK <\/strong><\/p>\n","protected":false},"excerpt":{"rendered":"<p>W tym roku po raz pierwszy w Przedszkolu zosta\u0142 zorganizowany \u201eWiosenny Pokaz Mody\u201d. Jedna z sal zamieni\u0142a si\u0119 w prawdziwy wybieg z czerwonym dywanem,<\/p>\n","protected":false},"author":21,"featured_media":81046,"comment_status":"closed","ping_status":"open","sticky":false,"template":"","format":"standard","meta":{"_monsterinsights_skip_tracking":false,"_monsterinsights_sitenote_active":false,"_monsterinsights_sitenote_note":"","_monsterinsights_sitenote_category":0,"_uf_show_specific_survey":0,"_uf_disable_surveys":false,"footnotes":""},"categories":[2,26,4],"tags":[5020,561,3138,3718],"class_list":["post-81039","post","type-post","status-publish","format-standard","has-post-thumbnail","hentry","category-wiadomosci","category-myszkow","category-region","tag-pokaz-mody","tag-poraj","tag-przedszkole","tag-zlobek"],"_links":{"self":[{"href":"https:\/\/gazetaregionalna.com\/index.php?rest_route=\/wp\/v2\/posts\/81039","targetHints":{"allow":["GET"]}}],"collection":[{"href":"https:\/\/gazetaregionalna.com\/index.php?rest_route=\/wp\/v2\/posts"}],"about":[{"href":"https:\/\/gazetaregionalna.com\/index.php?rest_route=\/wp\/v2\/types\/post"}],"author":[{"embeddable":true,"href":"https:\/\/gazetaregionalna.com\/index.php?rest_route=\/wp\/v2\/users\/21"}],"replies":[{"embeddable":true,"href":"https:\/\/gazetaregionalna.com\/index.php?rest_route=%2Fwp%2Fv2%2Fcomments&post=81039"}],"version-history":[{"count":1,"href":"https:\/\/gazetaregionalna.com\/index.php?rest_route=\/wp\/v2\/posts\/81039\/revisions"}],"predecessor-version":[{"id":81047,"href":"https:\/\/gazetaregionalna.com\/index.php?rest_route=\/wp\/v2\/posts\/81039\/revisions\/81047"}],"wp:featuredmedia":[{"embeddable":true,"href":"https:\/\/gazetaregionalna.com\/index.php?rest_route=\/wp\/v2\/media\/81046"}],"wp:attachment":[{"href":"https:\/\/gazetaregionalna.com\/index.php?rest_route=%2Fwp%2Fv2%2Fmedia&parent=81039"}],"wp:term":[{"taxonomy":"category","embeddable":true,"href":"https:\/\/gazetaregionalna.com\/index.php?rest_route=%2Fwp%2Fv2%2Fcategories&post=81039"},{"taxonomy":"post_tag","embeddable":true,"href":"https:\/\/gazetaregionalna.com\/index.php?rest_route=%2Fwp%2Fv2%2Ftags&post=81039"}],"curies":[{"name":"wp","href":"https:\/\/api.w.org\/{rel}","templated":true}]}}