{"id":80885,"date":"2022-05-25T09:09:42","date_gmt":"2022-05-25T09:09:42","guid":{"rendered":"https:\/\/gazetaregionalna.com\/?p=80885"},"modified":"2022-05-25T10:23:00","modified_gmt":"2022-05-25T10:23:00","slug":"miasto-moje-spektakl-o-lublincu","status":"publish","type":"post","link":"https:\/\/gazetaregionalna.com\/?p=80885","title":{"rendered":"\u201eMiasto moje\u201d, czyli premierowy metaforyczny spektakl plenerowy o Lubli\u0144cu"},"content":{"rendered":"\n<h2 class=\"wp-block-heading\">Plenerowy spektakl &#8222;Miasto moje&#8221; przygotowali Teatr po Pracy i M\u0142odzie\u017cowa Sekcja Teatralna MDK. Wszystko to w ramach obchod\u00f3w jubileuszu 750-lecia Lubli\u0144ca. Premiera odby\u0142a si\u0119 22 maja na Rynku Miejskim.<\/h2>\n\n\n\n<p>Plener to historycznie najstarsza forma teatru. Sceneri\u0119 dla przedstawienia stanowi naturalny krajobraz miejski, a akcja toczy si\u0119 w centrum \u017cycia lokalnych spo\u0142eczno\u015bci. Tu scenografi\u0119 stanowi architektura miasta, bruk, drzewa, ruch, ha\u0142as ulicy, pogoda. To teatr, kt\u00f3ry przychodzi do widza i go zaskakuje, nios\u0105c pot\u0119\u017cny \u0142adunek emocjonalny. I tak by\u0142o w przypadku spektaklu \u201eMiasto moje\u201d, kt\u00f3ry swoj\u0105 premier\u0119 mia\u0142 22 maja na Rynku Miejskim. Efekt dope\u0142ni\u0142a muzyka w wykonaniu Kapeli Loben.<\/p>\n\n\n\n<figure class=\"wp-block-image size-large\"><img decoding=\"async\" width=\"1024\" height=\"681\" data-src=\"https:\/\/gazetaregionalna.com\/wp-content\/uploads\/2022\/05\/atelier-104-1024x681.jpg\" alt=\"\" class=\"wp-image-80903 lazyload\" data-srcset=\"https:\/\/gazetaregionalna.com\/wp-content\/uploads\/2022\/05\/atelier-104-1024x681.jpg 1024w, https:\/\/gazetaregionalna.com\/wp-content\/uploads\/2022\/05\/atelier-104-300x200.jpg 300w, https:\/\/gazetaregionalna.com\/wp-content\/uploads\/2022\/05\/atelier-104-768x511.jpg 768w, https:\/\/gazetaregionalna.com\/wp-content\/uploads\/2022\/05\/atelier-104-1536x1022.jpg 1536w, https:\/\/gazetaregionalna.com\/wp-content\/uploads\/2022\/05\/atelier-104-2048x1363.jpg 2048w, https:\/\/gazetaregionalna.com\/wp-content\/uploads\/2022\/05\/atelier-104-696x463.jpg 696w, https:\/\/gazetaregionalna.com\/wp-content\/uploads\/2022\/05\/atelier-104-1068x711.jpg 1068w, https:\/\/gazetaregionalna.com\/wp-content\/uploads\/2022\/05\/atelier-104-1920x1277.jpg 1920w, https:\/\/gazetaregionalna.com\/wp-content\/uploads\/2022\/05\/atelier-104-631x420.jpg 631w, https:\/\/gazetaregionalna.com\/wp-content\/uploads\/2022\/05\/atelier-104-scaled.jpg 1600w\" data-sizes=\"(max-width: 1024px) 100vw, 1024px\" src=\"data:image\/svg+xml;base64,PHN2ZyB3aWR0aD0iMSIgaGVpZ2h0PSIxIiB4bWxucz0iaHR0cDovL3d3dy53My5vcmcvMjAwMC9zdmciPjwvc3ZnPg==\" style=\"--smush-placeholder-width: 1024px; --smush-placeholder-aspect-ratio: 1024\/681;\" \/><figcaption>Spektakl &#8222;Miasto moje&#8221; (fot. MDK Lubliniec)<\/figcaption><\/figure>\n\n\n\n<p>W \u201eMie\u015bcie moim\u201d razem z Teatrem po Pracy wyst\u0105pili m\u0142odzi aktorzy M\u0142odzie\u017cowej Sekcji Teatralnej lublinieckiego MDK. Go\u015bcinnie towarzyszy\u0142a im Formacja Ta\u0144ca Wsp\u00f3\u0142czesnego LARUM z Olesna. J\u0119zykiem teatru, ta\u0144ca i metafory wsp\u00f3lnie opowiadali histori\u0119 Lubli\u0144ca, kt\u00f3ra stawa\u0142a pretekstem do stawiania sobie pyta\u0144 o w\u0142asn\u0105 to\u017csamo\u015b\u0107 \u2013 kim my jeste\u015bmy jako mieszka\u0144cy? Tre\u015b\u0107 dope\u0142ni\u0142a wymowna scenografia, usytuowana wok\u00f3\u0142 Krzywej Sceny.<\/p>\n\n\n\n<p>To pierwszy, plenerowy spektakl o Lubli\u0144cu, kt\u00f3ry u\u015bwietnia jego tegoroczny jubileusz 750-lecia. Autork\u0105 scenariusza i re\u017cyserk\u0105 przedsi\u0119wzi\u0119cia by\u0142a Agnieszka Raj-Kubat. To ona przeprowadzi\u0142a widz\u00f3w przez r\u00f3\u017cne historie zwi\u0105zane z miastem. Wojna, posta\u0107 Edyty Stein, lublinieckie ulice, wsp\u00f3\u0142czesno\u015b\u0107 wype\u0142niona po\u015bpiechem i gwarem, mi\u0142o\u015b\u0107, religia, zabawa, samotno\u015b\u0107 \u2013 to wszystko po\u0142\u0105czy\u0142a w tej sztuce.<\/p>\n\n\n\n<figure class=\"wp-block-image size-large\"><img decoding=\"async\" width=\"1024\" height=\"681\" data-src=\"https:\/\/gazetaregionalna.com\/wp-content\/uploads\/2022\/05\/atelier-43-1024x681.jpg\" alt=\"\" class=\"wp-image-80896 lazyload\" data-srcset=\"https:\/\/gazetaregionalna.com\/wp-content\/uploads\/2022\/05\/atelier-43-1024x681.jpg 1024w, https:\/\/gazetaregionalna.com\/wp-content\/uploads\/2022\/05\/atelier-43-300x200.jpg 300w, https:\/\/gazetaregionalna.com\/wp-content\/uploads\/2022\/05\/atelier-43-768x511.jpg 768w, https:\/\/gazetaregionalna.com\/wp-content\/uploads\/2022\/05\/atelier-43-1536x1022.jpg 1536w, https:\/\/gazetaregionalna.com\/wp-content\/uploads\/2022\/05\/atelier-43-2048x1363.jpg 2048w, https:\/\/gazetaregionalna.com\/wp-content\/uploads\/2022\/05\/atelier-43-696x463.jpg 696w, https:\/\/gazetaregionalna.com\/wp-content\/uploads\/2022\/05\/atelier-43-1068x711.jpg 1068w, https:\/\/gazetaregionalna.com\/wp-content\/uploads\/2022\/05\/atelier-43-1920x1278.jpg 1920w, https:\/\/gazetaregionalna.com\/wp-content\/uploads\/2022\/05\/atelier-43-631x420.jpg 631w, https:\/\/gazetaregionalna.com\/wp-content\/uploads\/2022\/05\/atelier-43-scaled.jpg 1600w\" data-sizes=\"(max-width: 1024px) 100vw, 1024px\" src=\"data:image\/svg+xml;base64,PHN2ZyB3aWR0aD0iMSIgaGVpZ2h0PSIxIiB4bWxucz0iaHR0cDovL3d3dy53My5vcmcvMjAwMC9zdmciPjwvc3ZnPg==\" style=\"--smush-placeholder-width: 1024px; --smush-placeholder-aspect-ratio: 1024\/681;\" \/><figcaption>Spektakl &#8222;Miasto moje&#8221; (fot. MDK Lubliniec)<\/figcaption><\/figure>\n\n\n\n<p>Na zako\u0144czenie zabrzmia\u0142a piosenka Natalii Lubrano \u201eCzekam na Ciebie\u201d. Jednak Wroc\u0142aw, o kt\u00f3rym \u015bpiewa w oryginale artystka, zast\u0105pi\u0142 oczywi\u015bcie Lubliniec. S\u0142owa ostatniej zwrotki m\u00f3wi\u0105ce o tym mie\u015bcie u\u0142o\u017cy\u0142a Katarzyna Suchara. Wraz z piosenk\u0105 wzni\u00f3s\u0142 si\u0119 kolorowy dym, a w niebo poszybowa\u0142y barwne balony.<\/p>\n\n\n\n<p>W przygotowanie plenerowego spektaklu w\u0142\u0105czy\u0142o si\u0119 wiele os\u00f3b. Katarzyna Suchara wraz z Karolin\u0105 Wieczorek pracowa\u0142y nad wokalnym przygotowaniem aktor\u00f3w. \u0141ukasz K\u0119dzia zaj\u0105\u0142 si\u0119 realizacj\u0105 d\u017awi\u0119ku, a Szymon Michlewicz-Sowa odpowiada\u0142 za ruch sceniczny. Autork\u0105 scenografii by\u0142a za\u015b Monika Klimza-Gryc.<\/p>\n\n\n\n<figure class=\"wp-block-image size-large\"><img decoding=\"async\" width=\"1024\" height=\"681\" data-src=\"https:\/\/gazetaregionalna.com\/wp-content\/uploads\/2022\/05\/atelier-92-1024x681.jpg\" alt=\"\" class=\"wp-image-80902 lazyload\" data-srcset=\"https:\/\/gazetaregionalna.com\/wp-content\/uploads\/2022\/05\/atelier-92-1024x681.jpg 1024w, https:\/\/gazetaregionalna.com\/wp-content\/uploads\/2022\/05\/atelier-92-300x200.jpg 300w, https:\/\/gazetaregionalna.com\/wp-content\/uploads\/2022\/05\/atelier-92-768x511.jpg 768w, https:\/\/gazetaregionalna.com\/wp-content\/uploads\/2022\/05\/atelier-92-1536x1022.jpg 1536w, https:\/\/gazetaregionalna.com\/wp-content\/uploads\/2022\/05\/atelier-92-2048x1363.jpg 2048w, https:\/\/gazetaregionalna.com\/wp-content\/uploads\/2022\/05\/atelier-92-696x463.jpg 696w, https:\/\/gazetaregionalna.com\/wp-content\/uploads\/2022\/05\/atelier-92-1068x711.jpg 1068w, https:\/\/gazetaregionalna.com\/wp-content\/uploads\/2022\/05\/atelier-92-1920x1277.jpg 1920w, https:\/\/gazetaregionalna.com\/wp-content\/uploads\/2022\/05\/atelier-92-631x420.jpg 631w, https:\/\/gazetaregionalna.com\/wp-content\/uploads\/2022\/05\/atelier-92-scaled.jpg 1600w\" data-sizes=\"(max-width: 1024px) 100vw, 1024px\" src=\"data:image\/svg+xml;base64,PHN2ZyB3aWR0aD0iMSIgaGVpZ2h0PSIxIiB4bWxucz0iaHR0cDovL3d3dy53My5vcmcvMjAwMC9zdmciPjwvc3ZnPg==\" style=\"--smush-placeholder-width: 1024px; --smush-placeholder-aspect-ratio: 1024\/681;\" \/><figcaption>Spektakl &#8222;Miasto moje&#8221; (fot. MDK Lubliniec)<\/figcaption><\/figure>\n\n\n\n<p>&#8211; Trudno uj\u0105\u0107 histori\u0119 miasta w godzinnym, plenerowym spektaklu, co uda\u0142o si\u0119 pi\u0119knie Agnieszce Raj-Kubat. Kluczem do powodzenia tego przedsi\u0119wzi\u0119cia by\u0142o odwo\u0142anie si\u0119 do symboli: na scenie ca\u0142y czas towarzyszy\u0142a nam prz\u0105\u015bniczka i ko\u0142owrotek jako symbol pewnej cykliczno\u015bci, up\u0142ywaj\u0105cego czasu, pochodnie jako symbol trawi\u0105cych nasze miasto po\u017car\u00f3w, obraz Matki Boskiej Cz\u0119stochowskiej na pami\u0105tk\u0119 jego pobytu w Lubli\u0144cu podczas potopu szwedzkiego. K\u0142\u0119bki we\u0142ny to nici naszego \u017cycia, \u017cycia mieszka\u0144c\u00f3w, kt\u00f3re splataj\u0105 si\u0119 na nasz 750-letni Lubliniec, bo miasto tworz\u0105 ludzie i od nas zale\u017cy, jakie ono b\u0119dzie \u2013 powiedzia\u0142a po spektaklu Agata Wo\u017aniak-Rybka, dyrektor Miejskiego Domu Kultury.<\/p>\n\n\n\n<p>Przed Teatrem po Pracy pracowity czas. Ju\u017c 9 czerwca zobaczymy go w recitalu \u201eWcale nie, ale\u017c tak\u201d podczas g\u0142\u00f3wnych obchod\u00f3w Jubileuszu 750-lecia Lubli\u0144ca. Arty\u015bci dostali r\u00f3wnie\u017c zaproszenie do wzi\u0119cia udzia\u0142u w Festiwalu \u201e\u0179r\u00f3d\u0142o\u201d w Dobrodzieniu. W sierpniu tego roku Teatr po Pracy wyst\u0105pi ze spektaklem plenerowym \u201eAlejchem szalom\u201d w Lubli\u0144cu i Wroc\u0142awiu. Przedsi\u0119wzi\u0119cie zostanie dofinansowane ze \u015brodk\u00f3w Ministra Kultury i Dziedzictwa Narodowego w ramach programu Narodowego Centrum Kultury \u201eKultura \u2013 Interwencje. Edycja 2022\u201d.<\/p>\n\n\n\n<p><strong>mat. MDK w Lubli\u0144cu<\/strong><\/p>\n\n\n\n<figure class=\"wp-block-gallery columns-3 is-cropped wp-block-gallery-1 is-layout-flex wp-block-gallery-is-layout-flex\"><ul class=\"blocks-gallery-grid\"><li class=\"blocks-gallery-item\"><figure><a href=\"https:\/\/gazetaregionalna.com\/wp-content\/uploads\/2022\/05\/atelier-115-scaled.jpg\"><img decoding=\"async\" width=\"1024\" height=\"681\" data-src=\"https:\/\/gazetaregionalna.com\/wp-content\/uploads\/2022\/05\/atelier-115-1024x681.jpg\" alt=\"\" data-id=\"80905\" data-full-url=\"https:\/\/gazetaregionalna.com\/wp-content\/uploads\/2022\/05\/atelier-115-scaled.jpg\" data-link=\"https:\/\/gazetaregionalna.com\/?attachment_id=80905\" class=\"wp-image-80905 lazyload\" data-srcset=\"https:\/\/gazetaregionalna.com\/wp-content\/uploads\/2022\/05\/atelier-115-1024x681.jpg 1024w, https:\/\/gazetaregionalna.com\/wp-content\/uploads\/2022\/05\/atelier-115-300x200.jpg 300w, https:\/\/gazetaregionalna.com\/wp-content\/uploads\/2022\/05\/atelier-115-768x511.jpg 768w, https:\/\/gazetaregionalna.com\/wp-content\/uploads\/2022\/05\/atelier-115-1536x1022.jpg 1536w, https:\/\/gazetaregionalna.com\/wp-content\/uploads\/2022\/05\/atelier-115-2048x1363.jpg 2048w, https:\/\/gazetaregionalna.com\/wp-content\/uploads\/2022\/05\/atelier-115-696x463.jpg 696w, https:\/\/gazetaregionalna.com\/wp-content\/uploads\/2022\/05\/atelier-115-1068x711.jpg 1068w, https:\/\/gazetaregionalna.com\/wp-content\/uploads\/2022\/05\/atelier-115-1920x1277.jpg 1920w, https:\/\/gazetaregionalna.com\/wp-content\/uploads\/2022\/05\/atelier-115-631x420.jpg 631w, https:\/\/gazetaregionalna.com\/wp-content\/uploads\/2022\/05\/atelier-115-scaled.jpg 1600w\" data-sizes=\"(max-width: 1024px) 100vw, 1024px\" src=\"data:image\/svg+xml;base64,PHN2ZyB3aWR0aD0iMSIgaGVpZ2h0PSIxIiB4bWxucz0iaHR0cDovL3d3dy53My5vcmcvMjAwMC9zdmciPjwvc3ZnPg==\" style=\"--smush-placeholder-width: 1024px; --smush-placeholder-aspect-ratio: 1024\/681;\" \/><\/a><\/figure><\/li><li class=\"blocks-gallery-item\"><figure><a href=\"https:\/\/gazetaregionalna.com\/wp-content\/uploads\/2022\/05\/atelier-114-scaled.jpg\"><img decoding=\"async\" width=\"1024\" height=\"681\" data-src=\"https:\/\/gazetaregionalna.com\/wp-content\/uploads\/2022\/05\/atelier-114-1024x681.jpg\" alt=\"\" data-id=\"80904\" data-full-url=\"https:\/\/gazetaregionalna.com\/wp-content\/uploads\/2022\/05\/atelier-114-scaled.jpg\" data-link=\"https:\/\/gazetaregionalna.com\/?attachment_id=80904\" class=\"wp-image-80904 lazyload\" data-srcset=\"https:\/\/gazetaregionalna.com\/wp-content\/uploads\/2022\/05\/atelier-114-1024x681.jpg 1024w, https:\/\/gazetaregionalna.com\/wp-content\/uploads\/2022\/05\/atelier-114-300x200.jpg 300w, https:\/\/gazetaregionalna.com\/wp-content\/uploads\/2022\/05\/atelier-114-768x511.jpg 768w, https:\/\/gazetaregionalna.com\/wp-content\/uploads\/2022\/05\/atelier-114-1536x1022.jpg 1536w, https:\/\/gazetaregionalna.com\/wp-content\/uploads\/2022\/05\/atelier-114-2048x1363.jpg 2048w, https:\/\/gazetaregionalna.com\/wp-content\/uploads\/2022\/05\/atelier-114-696x463.jpg 696w, https:\/\/gazetaregionalna.com\/wp-content\/uploads\/2022\/05\/atelier-114-1068x711.jpg 1068w, https:\/\/gazetaregionalna.com\/wp-content\/uploads\/2022\/05\/atelier-114-1920x1278.jpg 1920w, https:\/\/gazetaregionalna.com\/wp-content\/uploads\/2022\/05\/atelier-114-631x420.jpg 631w, https:\/\/gazetaregionalna.com\/wp-content\/uploads\/2022\/05\/atelier-114-scaled.jpg 1600w\" data-sizes=\"(max-width: 1024px) 100vw, 1024px\" src=\"data:image\/svg+xml;base64,PHN2ZyB3aWR0aD0iMSIgaGVpZ2h0PSIxIiB4bWxucz0iaHR0cDovL3d3dy53My5vcmcvMjAwMC9zdmciPjwvc3ZnPg==\" style=\"--smush-placeholder-width: 1024px; --smush-placeholder-aspect-ratio: 1024\/681;\" \/><\/a><\/figure><\/li><li class=\"blocks-gallery-item\"><figure><a href=\"https:\/\/gazetaregionalna.com\/wp-content\/uploads\/2022\/05\/atelier-88-scaled.jpg\"><img decoding=\"async\" width=\"1024\" height=\"681\" data-src=\"https:\/\/gazetaregionalna.com\/wp-content\/uploads\/2022\/05\/atelier-88-1024x681.jpg\" alt=\"\" data-id=\"80901\" data-full-url=\"https:\/\/gazetaregionalna.com\/wp-content\/uploads\/2022\/05\/atelier-88-scaled.jpg\" data-link=\"https:\/\/gazetaregionalna.com\/?attachment_id=80901\" class=\"wp-image-80901 lazyload\" data-srcset=\"https:\/\/gazetaregionalna.com\/wp-content\/uploads\/2022\/05\/atelier-88-1024x681.jpg 1024w, https:\/\/gazetaregionalna.com\/wp-content\/uploads\/2022\/05\/atelier-88-300x200.jpg 300w, https:\/\/gazetaregionalna.com\/wp-content\/uploads\/2022\/05\/atelier-88-768x511.jpg 768w, https:\/\/gazetaregionalna.com\/wp-content\/uploads\/2022\/05\/atelier-88-1536x1022.jpg 1536w, https:\/\/gazetaregionalna.com\/wp-content\/uploads\/2022\/05\/atelier-88-2048x1363.jpg 2048w, https:\/\/gazetaregionalna.com\/wp-content\/uploads\/2022\/05\/atelier-88-696x463.jpg 696w, https:\/\/gazetaregionalna.com\/wp-content\/uploads\/2022\/05\/atelier-88-1068x711.jpg 1068w, https:\/\/gazetaregionalna.com\/wp-content\/uploads\/2022\/05\/atelier-88-1920x1277.jpg 1920w, https:\/\/gazetaregionalna.com\/wp-content\/uploads\/2022\/05\/atelier-88-631x420.jpg 631w, https:\/\/gazetaregionalna.com\/wp-content\/uploads\/2022\/05\/atelier-88-scaled.jpg 1600w\" data-sizes=\"(max-width: 1024px) 100vw, 1024px\" src=\"data:image\/svg+xml;base64,PHN2ZyB3aWR0aD0iMSIgaGVpZ2h0PSIxIiB4bWxucz0iaHR0cDovL3d3dy53My5vcmcvMjAwMC9zdmciPjwvc3ZnPg==\" style=\"--smush-placeholder-width: 1024px; --smush-placeholder-aspect-ratio: 1024\/681;\" \/><\/a><\/figure><\/li><li class=\"blocks-gallery-item\"><figure><a href=\"https:\/\/gazetaregionalna.com\/wp-content\/uploads\/2022\/05\/atelier-76-scaled.jpg\"><img decoding=\"async\" width=\"1024\" height=\"681\" data-src=\"https:\/\/gazetaregionalna.com\/wp-content\/uploads\/2022\/05\/atelier-76-1024x681.jpg\" alt=\"\" data-id=\"80900\" data-full-url=\"https:\/\/gazetaregionalna.com\/wp-content\/uploads\/2022\/05\/atelier-76-scaled.jpg\" data-link=\"https:\/\/gazetaregionalna.com\/?attachment_id=80900\" class=\"wp-image-80900 lazyload\" data-srcset=\"https:\/\/gazetaregionalna.com\/wp-content\/uploads\/2022\/05\/atelier-76-1024x681.jpg 1024w, https:\/\/gazetaregionalna.com\/wp-content\/uploads\/2022\/05\/atelier-76-300x200.jpg 300w, https:\/\/gazetaregionalna.com\/wp-content\/uploads\/2022\/05\/atelier-76-768x511.jpg 768w, https:\/\/gazetaregionalna.com\/wp-content\/uploads\/2022\/05\/atelier-76-1536x1022.jpg 1536w, https:\/\/gazetaregionalna.com\/wp-content\/uploads\/2022\/05\/atelier-76-2048x1363.jpg 2048w, https:\/\/gazetaregionalna.com\/wp-content\/uploads\/2022\/05\/atelier-76-696x463.jpg 696w, https:\/\/gazetaregionalna.com\/wp-content\/uploads\/2022\/05\/atelier-76-1068x711.jpg 1068w, https:\/\/gazetaregionalna.com\/wp-content\/uploads\/2022\/05\/atelier-76-1920x1278.jpg 1920w, https:\/\/gazetaregionalna.com\/wp-content\/uploads\/2022\/05\/atelier-76-631x420.jpg 631w, https:\/\/gazetaregionalna.com\/wp-content\/uploads\/2022\/05\/atelier-76-scaled.jpg 1600w\" data-sizes=\"(max-width: 1024px) 100vw, 1024px\" src=\"data:image\/svg+xml;base64,PHN2ZyB3aWR0aD0iMSIgaGVpZ2h0PSIxIiB4bWxucz0iaHR0cDovL3d3dy53My5vcmcvMjAwMC9zdmciPjwvc3ZnPg==\" style=\"--smush-placeholder-width: 1024px; --smush-placeholder-aspect-ratio: 1024\/681;\" \/><\/a><\/figure><\/li><li class=\"blocks-gallery-item\"><figure><a href=\"https:\/\/gazetaregionalna.com\/wp-content\/uploads\/2022\/05\/atelier-62-scaled.jpg\"><img decoding=\"async\" width=\"1024\" height=\"681\" data-src=\"https:\/\/gazetaregionalna.com\/wp-content\/uploads\/2022\/05\/atelier-62-1024x681.jpg\" alt=\"\" data-id=\"80899\" data-full-url=\"https:\/\/gazetaregionalna.com\/wp-content\/uploads\/2022\/05\/atelier-62-scaled.jpg\" data-link=\"https:\/\/gazetaregionalna.com\/?attachment_id=80899\" class=\"wp-image-80899 lazyload\" data-srcset=\"https:\/\/gazetaregionalna.com\/wp-content\/uploads\/2022\/05\/atelier-62-1024x681.jpg 1024w, https:\/\/gazetaregionalna.com\/wp-content\/uploads\/2022\/05\/atelier-62-300x200.jpg 300w, https:\/\/gazetaregionalna.com\/wp-content\/uploads\/2022\/05\/atelier-62-768x511.jpg 768w, https:\/\/gazetaregionalna.com\/wp-content\/uploads\/2022\/05\/atelier-62-1536x1022.jpg 1536w, https:\/\/gazetaregionalna.com\/wp-content\/uploads\/2022\/05\/atelier-62-2048x1363.jpg 2048w, https:\/\/gazetaregionalna.com\/wp-content\/uploads\/2022\/05\/atelier-62-696x463.jpg 696w, https:\/\/gazetaregionalna.com\/wp-content\/uploads\/2022\/05\/atelier-62-1068x711.jpg 1068w, https:\/\/gazetaregionalna.com\/wp-content\/uploads\/2022\/05\/atelier-62-1920x1278.jpg 1920w, https:\/\/gazetaregionalna.com\/wp-content\/uploads\/2022\/05\/atelier-62-631x420.jpg 631w, https:\/\/gazetaregionalna.com\/wp-content\/uploads\/2022\/05\/atelier-62-scaled.jpg 1600w\" data-sizes=\"(max-width: 1024px) 100vw, 1024px\" src=\"data:image\/svg+xml;base64,PHN2ZyB3aWR0aD0iMSIgaGVpZ2h0PSIxIiB4bWxucz0iaHR0cDovL3d3dy53My5vcmcvMjAwMC9zdmciPjwvc3ZnPg==\" style=\"--smush-placeholder-width: 1024px; --smush-placeholder-aspect-ratio: 1024\/681;\" \/><\/a><\/figure><\/li><li class=\"blocks-gallery-item\"><figure><a href=\"https:\/\/gazetaregionalna.com\/wp-content\/uploads\/2022\/05\/atelier-58-scaled.jpg\"><img decoding=\"async\" width=\"1024\" height=\"681\" data-src=\"https:\/\/gazetaregionalna.com\/wp-content\/uploads\/2022\/05\/atelier-58-1024x681.jpg\" alt=\"\" data-id=\"80898\" data-full-url=\"https:\/\/gazetaregionalna.com\/wp-content\/uploads\/2022\/05\/atelier-58-scaled.jpg\" data-link=\"https:\/\/gazetaregionalna.com\/?attachment_id=80898\" class=\"wp-image-80898 lazyload\" data-srcset=\"https:\/\/gazetaregionalna.com\/wp-content\/uploads\/2022\/05\/atelier-58-1024x681.jpg 1024w, https:\/\/gazetaregionalna.com\/wp-content\/uploads\/2022\/05\/atelier-58-300x200.jpg 300w, https:\/\/gazetaregionalna.com\/wp-content\/uploads\/2022\/05\/atelier-58-768x511.jpg 768w, https:\/\/gazetaregionalna.com\/wp-content\/uploads\/2022\/05\/atelier-58-1536x1022.jpg 1536w, https:\/\/gazetaregionalna.com\/wp-content\/uploads\/2022\/05\/atelier-58-2048x1363.jpg 2048w, https:\/\/gazetaregionalna.com\/wp-content\/uploads\/2022\/05\/atelier-58-696x463.jpg 696w, https:\/\/gazetaregionalna.com\/wp-content\/uploads\/2022\/05\/atelier-58-1068x711.jpg 1068w, https:\/\/gazetaregionalna.com\/wp-content\/uploads\/2022\/05\/atelier-58-1920x1278.jpg 1920w, https:\/\/gazetaregionalna.com\/wp-content\/uploads\/2022\/05\/atelier-58-631x420.jpg 631w, https:\/\/gazetaregionalna.com\/wp-content\/uploads\/2022\/05\/atelier-58-scaled.jpg 1600w\" data-sizes=\"(max-width: 1024px) 100vw, 1024px\" src=\"data:image\/svg+xml;base64,PHN2ZyB3aWR0aD0iMSIgaGVpZ2h0PSIxIiB4bWxucz0iaHR0cDovL3d3dy53My5vcmcvMjAwMC9zdmciPjwvc3ZnPg==\" style=\"--smush-placeholder-width: 1024px; --smush-placeholder-aspect-ratio: 1024\/681;\" \/><\/a><\/figure><\/li><li class=\"blocks-gallery-item\"><figure><a href=\"https:\/\/gazetaregionalna.com\/wp-content\/uploads\/2022\/05\/atelier-54-scaled.jpg\"><img decoding=\"async\" width=\"1024\" height=\"681\" data-src=\"https:\/\/gazetaregionalna.com\/wp-content\/uploads\/2022\/05\/atelier-54-1024x681.jpg\" alt=\"\" data-id=\"80897\" data-full-url=\"https:\/\/gazetaregionalna.com\/wp-content\/uploads\/2022\/05\/atelier-54-scaled.jpg\" data-link=\"https:\/\/gazetaregionalna.com\/?attachment_id=80897\" class=\"wp-image-80897 lazyload\" data-srcset=\"https:\/\/gazetaregionalna.com\/wp-content\/uploads\/2022\/05\/atelier-54-1024x681.jpg 1024w, https:\/\/gazetaregionalna.com\/wp-content\/uploads\/2022\/05\/atelier-54-300x200.jpg 300w, https:\/\/gazetaregionalna.com\/wp-content\/uploads\/2022\/05\/atelier-54-768x511.jpg 768w, https:\/\/gazetaregionalna.com\/wp-content\/uploads\/2022\/05\/atelier-54-1536x1022.jpg 1536w, https:\/\/gazetaregionalna.com\/wp-content\/uploads\/2022\/05\/atelier-54-2048x1363.jpg 2048w, https:\/\/gazetaregionalna.com\/wp-content\/uploads\/2022\/05\/atelier-54-696x463.jpg 696w, https:\/\/gazetaregionalna.com\/wp-content\/uploads\/2022\/05\/atelier-54-1068x711.jpg 1068w, https:\/\/gazetaregionalna.com\/wp-content\/uploads\/2022\/05\/atelier-54-1920x1277.jpg 1920w, https:\/\/gazetaregionalna.com\/wp-content\/uploads\/2022\/05\/atelier-54-631x420.jpg 631w, https:\/\/gazetaregionalna.com\/wp-content\/uploads\/2022\/05\/atelier-54-scaled.jpg 1600w\" data-sizes=\"(max-width: 1024px) 100vw, 1024px\" src=\"data:image\/svg+xml;base64,PHN2ZyB3aWR0aD0iMSIgaGVpZ2h0PSIxIiB4bWxucz0iaHR0cDovL3d3dy53My5vcmcvMjAwMC9zdmciPjwvc3ZnPg==\" style=\"--smush-placeholder-width: 1024px; --smush-placeholder-aspect-ratio: 1024\/681;\" \/><\/a><\/figure><\/li><li class=\"blocks-gallery-item\"><figure><a href=\"https:\/\/gazetaregionalna.com\/wp-content\/uploads\/2022\/05\/atelier-36-scaled.jpg\"><img decoding=\"async\" width=\"1024\" height=\"681\" data-src=\"https:\/\/gazetaregionalna.com\/wp-content\/uploads\/2022\/05\/atelier-36-1024x681.jpg\" alt=\"\" data-id=\"80895\" data-full-url=\"https:\/\/gazetaregionalna.com\/wp-content\/uploads\/2022\/05\/atelier-36-scaled.jpg\" data-link=\"https:\/\/gazetaregionalna.com\/?attachment_id=80895\" class=\"wp-image-80895 lazyload\" data-srcset=\"https:\/\/gazetaregionalna.com\/wp-content\/uploads\/2022\/05\/atelier-36-1024x681.jpg 1024w, https:\/\/gazetaregionalna.com\/wp-content\/uploads\/2022\/05\/atelier-36-300x200.jpg 300w, https:\/\/gazetaregionalna.com\/wp-content\/uploads\/2022\/05\/atelier-36-768x511.jpg 768w, https:\/\/gazetaregionalna.com\/wp-content\/uploads\/2022\/05\/atelier-36-1536x1022.jpg 1536w, https:\/\/gazetaregionalna.com\/wp-content\/uploads\/2022\/05\/atelier-36-2048x1363.jpg 2048w, https:\/\/gazetaregionalna.com\/wp-content\/uploads\/2022\/05\/atelier-36-696x463.jpg 696w, https:\/\/gazetaregionalna.com\/wp-content\/uploads\/2022\/05\/atelier-36-1068x711.jpg 1068w, https:\/\/gazetaregionalna.com\/wp-content\/uploads\/2022\/05\/atelier-36-1920x1277.jpg 1920w, https:\/\/gazetaregionalna.com\/wp-content\/uploads\/2022\/05\/atelier-36-631x420.jpg 631w, https:\/\/gazetaregionalna.com\/wp-content\/uploads\/2022\/05\/atelier-36-scaled.jpg 1600w\" data-sizes=\"(max-width: 1024px) 100vw, 1024px\" src=\"data:image\/svg+xml;base64,PHN2ZyB3aWR0aD0iMSIgaGVpZ2h0PSIxIiB4bWxucz0iaHR0cDovL3d3dy53My5vcmcvMjAwMC9zdmciPjwvc3ZnPg==\" style=\"--smush-placeholder-width: 1024px; --smush-placeholder-aspect-ratio: 1024\/681;\" \/><\/a><\/figure><\/li><li class=\"blocks-gallery-item\"><figure><a href=\"https:\/\/gazetaregionalna.com\/wp-content\/uploads\/2022\/05\/atelier-12-scaled.jpg\"><img decoding=\"async\" width=\"1024\" height=\"681\" data-src=\"https:\/\/gazetaregionalna.com\/wp-content\/uploads\/2022\/05\/atelier-12-1024x681.jpg\" alt=\"\" data-id=\"80894\" data-full-url=\"https:\/\/gazetaregionalna.com\/wp-content\/uploads\/2022\/05\/atelier-12-scaled.jpg\" data-link=\"https:\/\/gazetaregionalna.com\/?attachment_id=80894\" class=\"wp-image-80894 lazyload\" data-srcset=\"https:\/\/gazetaregionalna.com\/wp-content\/uploads\/2022\/05\/atelier-12-1024x681.jpg 1024w, https:\/\/gazetaregionalna.com\/wp-content\/uploads\/2022\/05\/atelier-12-300x200.jpg 300w, https:\/\/gazetaregionalna.com\/wp-content\/uploads\/2022\/05\/atelier-12-768x511.jpg 768w, https:\/\/gazetaregionalna.com\/wp-content\/uploads\/2022\/05\/atelier-12-1536x1022.jpg 1536w, https:\/\/gazetaregionalna.com\/wp-content\/uploads\/2022\/05\/atelier-12-2048x1363.jpg 2048w, https:\/\/gazetaregionalna.com\/wp-content\/uploads\/2022\/05\/atelier-12-696x463.jpg 696w, https:\/\/gazetaregionalna.com\/wp-content\/uploads\/2022\/05\/atelier-12-1068x711.jpg 1068w, https:\/\/gazetaregionalna.com\/wp-content\/uploads\/2022\/05\/atelier-12-1920x1277.jpg 1920w, https:\/\/gazetaregionalna.com\/wp-content\/uploads\/2022\/05\/atelier-12-631x420.jpg 631w, https:\/\/gazetaregionalna.com\/wp-content\/uploads\/2022\/05\/atelier-12-scaled.jpg 1600w\" data-sizes=\"(max-width: 1024px) 100vw, 1024px\" src=\"data:image\/svg+xml;base64,PHN2ZyB3aWR0aD0iMSIgaGVpZ2h0PSIxIiB4bWxucz0iaHR0cDovL3d3dy53My5vcmcvMjAwMC9zdmciPjwvc3ZnPg==\" style=\"--smush-placeholder-width: 1024px; --smush-placeholder-aspect-ratio: 1024\/681;\" \/><\/a><\/figure><\/li><li class=\"blocks-gallery-item\"><figure><a href=\"https:\/\/gazetaregionalna.com\/wp-content\/uploads\/2022\/05\/atelier-10-scaled.jpg\"><img decoding=\"async\" width=\"1024\" height=\"681\" data-src=\"https:\/\/gazetaregionalna.com\/wp-content\/uploads\/2022\/05\/atelier-10-1024x681.jpg\" alt=\"\" data-id=\"80893\" data-full-url=\"https:\/\/gazetaregionalna.com\/wp-content\/uploads\/2022\/05\/atelier-10-scaled.jpg\" data-link=\"https:\/\/gazetaregionalna.com\/?attachment_id=80893\" class=\"wp-image-80893 lazyload\" data-srcset=\"https:\/\/gazetaregionalna.com\/wp-content\/uploads\/2022\/05\/atelier-10-1024x681.jpg 1024w, https:\/\/gazetaregionalna.com\/wp-content\/uploads\/2022\/05\/atelier-10-300x200.jpg 300w, https:\/\/gazetaregionalna.com\/wp-content\/uploads\/2022\/05\/atelier-10-768x511.jpg 768w, https:\/\/gazetaregionalna.com\/wp-content\/uploads\/2022\/05\/atelier-10-1536x1022.jpg 1536w, https:\/\/gazetaregionalna.com\/wp-content\/uploads\/2022\/05\/atelier-10-2048x1363.jpg 2048w, https:\/\/gazetaregionalna.com\/wp-content\/uploads\/2022\/05\/atelier-10-696x463.jpg 696w, https:\/\/gazetaregionalna.com\/wp-content\/uploads\/2022\/05\/atelier-10-1068x711.jpg 1068w, https:\/\/gazetaregionalna.com\/wp-content\/uploads\/2022\/05\/atelier-10-1920x1278.jpg 1920w, https:\/\/gazetaregionalna.com\/wp-content\/uploads\/2022\/05\/atelier-10-631x420.jpg 631w, https:\/\/gazetaregionalna.com\/wp-content\/uploads\/2022\/05\/atelier-10-scaled.jpg 1600w\" data-sizes=\"(max-width: 1024px) 100vw, 1024px\" src=\"data:image\/svg+xml;base64,PHN2ZyB3aWR0aD0iMSIgaGVpZ2h0PSIxIiB4bWxucz0iaHR0cDovL3d3dy53My5vcmcvMjAwMC9zdmciPjwvc3ZnPg==\" style=\"--smush-placeholder-width: 1024px; --smush-placeholder-aspect-ratio: 1024\/681;\" \/><\/a><\/figure><\/li><\/ul><figcaption class=\"blocks-gallery-caption\">Spektakl &#8222;Miasto moje&#8221; (fot. MDK Lubliniec)<\/figcaption><\/figure>\n","protected":false},"excerpt":{"rendered":"<p>Plenerowy spektakl &#8222;Miasto moje&#8221; przygotowali Teatr po Pracy i M\u0142odzie\u017cowa Sekcja Teatralna MDK. Wszystko to w ramach obchod\u00f3w jubileuszu 750-lecia Lubli\u0144ca. Premiera odby\u0142a si\u0119<\/p>\n","protected":false},"author":18,"featured_media":80892,"comment_status":"closed","ping_status":"open","sticky":false,"template":"","format":"standard","meta":{"_monsterinsights_skip_tracking":false,"_monsterinsights_sitenote_active":false,"_monsterinsights_sitenote_note":"","_monsterinsights_sitenote_category":0,"_uf_show_specific_survey":0,"_uf_disable_surveys":false,"footnotes":""},"categories":[25,41,12,4,2],"tags":[1169,417,1750,900,4991],"class_list":["post-80885","post","type-post","status-publish","format-standard","has-post-thumbnail","hentry","category-lubliniec","category-edukacja","category-kultura-i-rozrywka","category-region","category-wiadomosci","tag-jubileusz","tag-miejski-dom-kultury-w-lublincu","tag-premiera","tag-spektakl","tag-teatr-po-pracy"],"_links":{"self":[{"href":"https:\/\/gazetaregionalna.com\/index.php?rest_route=\/wp\/v2\/posts\/80885","targetHints":{"allow":["GET"]}}],"collection":[{"href":"https:\/\/gazetaregionalna.com\/index.php?rest_route=\/wp\/v2\/posts"}],"about":[{"href":"https:\/\/gazetaregionalna.com\/index.php?rest_route=\/wp\/v2\/types\/post"}],"author":[{"embeddable":true,"href":"https:\/\/gazetaregionalna.com\/index.php?rest_route=\/wp\/v2\/users\/18"}],"replies":[{"embeddable":true,"href":"https:\/\/gazetaregionalna.com\/index.php?rest_route=%2Fwp%2Fv2%2Fcomments&post=80885"}],"version-history":[{"count":3,"href":"https:\/\/gazetaregionalna.com\/index.php?rest_route=\/wp\/v2\/posts\/80885\/revisions"}],"predecessor-version":[{"id":80906,"href":"https:\/\/gazetaregionalna.com\/index.php?rest_route=\/wp\/v2\/posts\/80885\/revisions\/80906"}],"wp:featuredmedia":[{"embeddable":true,"href":"https:\/\/gazetaregionalna.com\/index.php?rest_route=\/wp\/v2\/media\/80892"}],"wp:attachment":[{"href":"https:\/\/gazetaregionalna.com\/index.php?rest_route=%2Fwp%2Fv2%2Fmedia&parent=80885"}],"wp:term":[{"taxonomy":"category","embeddable":true,"href":"https:\/\/gazetaregionalna.com\/index.php?rest_route=%2Fwp%2Fv2%2Fcategories&post=80885"},{"taxonomy":"post_tag","embeddable":true,"href":"https:\/\/gazetaregionalna.com\/index.php?rest_route=%2Fwp%2Fv2%2Ftags&post=80885"}],"curies":[{"name":"wp","href":"https:\/\/api.w.org\/{rel}","templated":true}]}}