{"id":8051,"date":"2019-11-16T09:24:30","date_gmt":"2019-11-16T09:24:30","guid":{"rendered":"https:\/\/gazetaregionalna.com\/?p=8051"},"modified":"2019-11-16T09:24:35","modified_gmt":"2019-11-16T09:24:35","slug":"spotkajmy-sie-w-galerii","status":"publish","type":"post","link":"https:\/\/gazetaregionalna.com\/?p=8051","title":{"rendered":"Spotkajmy si\u0119 w Galerii!"},"content":{"rendered":"\n<h2 class=\"wp-block-heading\">W listopadowym kalendarzu Galerii pod Glinianym Anio\u0142em pojawia si\u0119 wiele okazji do spotka\u0144: Akademia Kreatywno\u015bci, Emdek po Japo\u0144sku. Propozycji jest du\u017co \u2013 warto wybra\u0107 co\u015b dla siebie. <\/h2>\n\n\n\n<p><br> W Akademii Kreatywno\u015bci w Miejskim Domu Kultury w Lubli\u0144cu wida\u0107 ju\u017c \u015bwi\u0105teczne przygotowania. Na najbli\u017cszych warsztatach plastycznych uczestnicy b\u0119d\u0105 tworzy\u0107 bo\u017conarodzeniowe kartki i wie\u0144ce.  To rzeczy, kt\u00f3rymi warto si\u0119 zaj\u0105\u0107 zanim wpadniemy w wir \u015bwi\u0105tecznych zakup\u00f3w i sprz\u0105tania.<br>  Warsztaty \u201eKartka \u015bwi\u0105teczna w pude\u0142ku\u201d odb\u0119d\u0105 si\u0119 19 listopada o godz. 17.30. Koszt materia\u0142\u00f3w: 35 z\u0142. Zaj\u0119cia pod has\u0142em: \u201eWieniec bo\u017conarodzeniowy\u201d zaplanowano na 26 listopada, tak\u017ce na  godz. 17.30. Koszt materia\u0142\u00f3w: 45 z\u0142. Na te spotkania obowi\u0105zuj\u0105 wcze\u015bniejsze zapisy w Galerii pod Glinianym Anio\u0142em. <\/p>\n\n\n\n<figure class=\"wp-block-image\"><img decoding=\"async\" width=\"565\" height=\"800\" data-src=\"https:\/\/gazetaregionalna.com\/wp-content\/uploads\/2019\/11\/warsztaty-kartka_www.png\" alt=\"\" class=\"wp-image-8052 lazyload\" data-srcset=\"https:\/\/gazetaregionalna.com\/wp-content\/uploads\/2019\/11\/warsztaty-kartka_www.png 565w, https:\/\/gazetaregionalna.com\/wp-content\/uploads\/2019\/11\/warsztaty-kartka_www-212x300.png 212w, https:\/\/gazetaregionalna.com\/wp-content\/uploads\/2019\/11\/warsztaty-kartka_www-297x420.png 297w\" data-sizes=\"(max-width: 565px) 100vw, 565px\" src=\"data:image\/svg+xml;base64,PHN2ZyB3aWR0aD0iMSIgaGVpZ2h0PSIxIiB4bWxucz0iaHR0cDovL3d3dy53My5vcmcvMjAwMC9zdmciPjwvc3ZnPg==\" style=\"--smush-placeholder-width: 565px; --smush-placeholder-aspect-ratio: 565\/800;\" \/><\/figure>\n\n\n\n<p><br> Wszystkich wielbicieli japo\u0144skiej kultury, ale r\u00f3wnie\u017c tych, kt\u00f3rzy lubi\u0105 ciekawostki ze \u015bwiata, MDK zaprasza na spotkanie z cyklu \u201eEmdek po japo\u0144sku\u201d. 22 listopada (17.30) prelekcj\u0119 o tym, co \u0142\u0105czy Polak\u00f3w i Japo\u0144czyk\u00f3w wyg\u0142osi Miros\u0142aw B\u0142aszczak \u2013 by\u0142y dyrektor Instytutu Polskiego w Tokio. Spotkanie wpisuje si\u0119 w obchody 100-lecia dyplomatycznych stosunk\u00f3w naszych kraj\u00f3w. <br> Ca\u0142y czas jest r\u00f3wnie\u017c aktualne zaproszenie Miejskiego Domu Kultury do Galerii na kaw\u0119, herbat\u0119 i ciastko. Galeria czynna od godziny 15.00 do 21.00. <\/p>\n","protected":false},"excerpt":{"rendered":"<p>W listopadowym kalendarzu Galerii pod Glinianym Anio\u0142em pojawia si\u0119 wiele okazji do spotka\u0144: Akademia Kreatywno\u015bci, Emdek po Japo\u0144sku. Propozycji jest du\u017co \u2013 warto wybra\u0107<\/p>\n","protected":false},"author":7,"featured_media":8052,"comment_status":"open","ping_status":"open","sticky":false,"template":"","format":"standard","meta":{"_monsterinsights_skip_tracking":false,"_monsterinsights_sitenote_active":false,"_monsterinsights_sitenote_note":"","_monsterinsights_sitenote_category":0,"_uf_show_specific_survey":0,"_uf_disable_surveys":false,"footnotes":""},"categories":[12,25,94,2,13],"tags":[],"class_list":["post-8051","post","type-post","status-publish","format-standard","has-post-thumbnail","hentry","category-kultura-i-rozrywka","category-lubliniec","category-polecane","category-wiadomosci","category-wydarzenia"],"_links":{"self":[{"href":"https:\/\/gazetaregionalna.com\/index.php?rest_route=\/wp\/v2\/posts\/8051","targetHints":{"allow":["GET"]}}],"collection":[{"href":"https:\/\/gazetaregionalna.com\/index.php?rest_route=\/wp\/v2\/posts"}],"about":[{"href":"https:\/\/gazetaregionalna.com\/index.php?rest_route=\/wp\/v2\/types\/post"}],"author":[{"embeddable":true,"href":"https:\/\/gazetaregionalna.com\/index.php?rest_route=\/wp\/v2\/users\/7"}],"replies":[{"embeddable":true,"href":"https:\/\/gazetaregionalna.com\/index.php?rest_route=%2Fwp%2Fv2%2Fcomments&post=8051"}],"version-history":[{"count":1,"href":"https:\/\/gazetaregionalna.com\/index.php?rest_route=\/wp\/v2\/posts\/8051\/revisions"}],"predecessor-version":[{"id":8053,"href":"https:\/\/gazetaregionalna.com\/index.php?rest_route=\/wp\/v2\/posts\/8051\/revisions\/8053"}],"wp:featuredmedia":[{"embeddable":true,"href":"https:\/\/gazetaregionalna.com\/index.php?rest_route=\/wp\/v2\/media\/8052"}],"wp:attachment":[{"href":"https:\/\/gazetaregionalna.com\/index.php?rest_route=%2Fwp%2Fv2%2Fmedia&parent=8051"}],"wp:term":[{"taxonomy":"category","embeddable":true,"href":"https:\/\/gazetaregionalna.com\/index.php?rest_route=%2Fwp%2Fv2%2Fcategories&post=8051"},{"taxonomy":"post_tag","embeddable":true,"href":"https:\/\/gazetaregionalna.com\/index.php?rest_route=%2Fwp%2Fv2%2Ftags&post=8051"}],"curies":[{"name":"wp","href":"https:\/\/api.w.org\/{rel}","templated":true}]}}