{"id":8046,"date":"2019-11-15T10:52:25","date_gmt":"2019-11-15T10:52:25","guid":{"rendered":"https:\/\/gazetaregionalna.com\/?p=8046"},"modified":"2019-11-15T10:52:32","modified_gmt":"2019-11-15T10:52:32","slug":"zeby-medyk-mogl-sie-dobrze-komunikowac","status":"publish","type":"post","link":"https:\/\/gazetaregionalna.com\/?p=8046","title":{"rendered":"\u017beby medyk m\u00f3g\u0142 si\u0119 dobrze komunikowa\u0107"},"content":{"rendered":"\n<p> Wy\u017csza Szko\u0142a Zarz\u0105dzania w Cz\u0119stochowie  zaprasza do udzia\u0142u w\u00a0III Mi\u0119dzynarodowej Konferencji Naukowej zatytu\u0142owanej \u201eProces komunikacji i jego znaczenie<br> \u00a0w nowoczesnym spo\u0142ecze\u0144stwie kadr medycznych\u201d,\u00a0kt\u00f3ra\u00a0<strong>odb\u0119dzie si\u0119 16 listopada 2019 roku .<\/strong><\/p>\n\n\n\n<figure class=\"wp-block-image\"><img decoding=\"async\" width=\"724\" height=\"1024\" data-src=\"https:\/\/gazetaregionalna.com\/wp-content\/uploads\/2019\/11\/Plakat-11_2019-724x1024.jpg\" alt=\"\" class=\"wp-image-8047 lazyload\" data-srcset=\"https:\/\/gazetaregionalna.com\/wp-content\/uploads\/2019\/11\/Plakat-11_2019-724x1024.jpg 724w, https:\/\/gazetaregionalna.com\/wp-content\/uploads\/2019\/11\/Plakat-11_2019-212x300.jpg 212w, https:\/\/gazetaregionalna.com\/wp-content\/uploads\/2019\/11\/Plakat-11_2019-768x1086.jpg 768w, https:\/\/gazetaregionalna.com\/wp-content\/uploads\/2019\/11\/Plakat-11_2019-696x984.jpg 696w, https:\/\/gazetaregionalna.com\/wp-content\/uploads\/2019\/11\/Plakat-11_2019-1068x1511.jpg 1068w, https:\/\/gazetaregionalna.com\/wp-content\/uploads\/2019\/11\/Plakat-11_2019-297x420.jpg 297w, https:\/\/gazetaregionalna.com\/wp-content\/uploads\/2019\/11\/Plakat-11_2019.jpg 1131w\" data-sizes=\"(max-width: 724px) 100vw, 724px\" src=\"data:image\/svg+xml;base64,PHN2ZyB3aWR0aD0iMSIgaGVpZ2h0PSIxIiB4bWxucz0iaHR0cDovL3d3dy53My5vcmcvMjAwMC9zdmciPjwvc3ZnPg==\" style=\"--smush-placeholder-width: 724px; --smush-placeholder-aspect-ratio: 724\/1024;\" \/><\/figure>\n\n\n\n<p>\u00a0Konferencja realizowana jest\u00a0<em>przy<\/em>\u00a0wsp\u00f3\u0142pracy z\u00a0Litewsk\u0105 plac\u00f3wk\u0105 naukow\u0105 Kauno Kolegija.<\/p>\n\n\n\n<p>\nW\ntrakcie spotkania naukowcy przedstawi\u0105 mo\u017cliwo\u015bci usprawnienia\nprocesu komunikacji w plac\u00f3wkach opieki zdrowotnej oraz\nprzeanalizuj\u0105&nbsp; potrzeby edukacji w&nbsp;komunikacji\nwielokulturowej w&nbsp;piel\u0119gniarstwie .&nbsp;<\/p>\n\n\n\n<p><strong>Miejsce\nkonferencji: Wy\u017csza Szko\u0142a Zarz\u0105dzania w Cz\u0119stochowie, ul. 1 Maja\n40, Aula im. Prof. dr hab. Jerzego Dietla, godz. 9.<\/strong><\/p>\n","protected":false},"excerpt":{"rendered":"<p>Wy\u017csza Szko\u0142a Zarz\u0105dzania w Cz\u0119stochowie zaprasza do udzia\u0142u w\u00a0III Mi\u0119dzynarodowej Konferencji Naukowej zatytu\u0142owanej \u201eProces komunikacji i jego znaczenie \u00a0w nowoczesnym spo\u0142ecze\u0144stwie kadr medycznych\u201d,\u00a0kt\u00f3ra\u00a0odb\u0119dzie si\u0119<\/p>\n","protected":false},"author":7,"featured_media":8047,"comment_status":"open","ping_status":"open","sticky":false,"template":"","format":"standard","meta":{"_monsterinsights_skip_tracking":false,"_monsterinsights_sitenote_active":false,"_monsterinsights_sitenote_note":"","_monsterinsights_sitenote_category":0,"_uf_show_specific_survey":0,"_uf_disable_surveys":false,"footnotes":""},"categories":[3,41,2,19],"tags":[],"class_list":["post-8046","post","type-post","status-publish","format-standard","has-post-thumbnail","hentry","category-czestochowa-informacje","category-edukacja","category-wiadomosci","category-zdrowie-i-uroda"],"_links":{"self":[{"href":"https:\/\/gazetaregionalna.com\/index.php?rest_route=\/wp\/v2\/posts\/8046","targetHints":{"allow":["GET"]}}],"collection":[{"href":"https:\/\/gazetaregionalna.com\/index.php?rest_route=\/wp\/v2\/posts"}],"about":[{"href":"https:\/\/gazetaregionalna.com\/index.php?rest_route=\/wp\/v2\/types\/post"}],"author":[{"embeddable":true,"href":"https:\/\/gazetaregionalna.com\/index.php?rest_route=\/wp\/v2\/users\/7"}],"replies":[{"embeddable":true,"href":"https:\/\/gazetaregionalna.com\/index.php?rest_route=%2Fwp%2Fv2%2Fcomments&post=8046"}],"version-history":[{"count":1,"href":"https:\/\/gazetaregionalna.com\/index.php?rest_route=\/wp\/v2\/posts\/8046\/revisions"}],"predecessor-version":[{"id":8048,"href":"https:\/\/gazetaregionalna.com\/index.php?rest_route=\/wp\/v2\/posts\/8046\/revisions\/8048"}],"wp:featuredmedia":[{"embeddable":true,"href":"https:\/\/gazetaregionalna.com\/index.php?rest_route=\/wp\/v2\/media\/8047"}],"wp:attachment":[{"href":"https:\/\/gazetaregionalna.com\/index.php?rest_route=%2Fwp%2Fv2%2Fmedia&parent=8046"}],"wp:term":[{"taxonomy":"category","embeddable":true,"href":"https:\/\/gazetaregionalna.com\/index.php?rest_route=%2Fwp%2Fv2%2Fcategories&post=8046"},{"taxonomy":"post_tag","embeddable":true,"href":"https:\/\/gazetaregionalna.com\/index.php?rest_route=%2Fwp%2Fv2%2Ftags&post=8046"}],"curies":[{"name":"wp","href":"https:\/\/api.w.org\/{rel}","templated":true}]}}