{"id":80243,"date":"2022-05-19T13:25:56","date_gmt":"2022-05-19T13:25:56","guid":{"rendered":"https:\/\/gazetaregionalna.com\/?p=80243"},"modified":"2022-05-19T13:25:57","modified_gmt":"2022-05-19T13:25:57","slug":"galeria-jurajska-zaprasza-na-beauty-day","status":"publish","type":"post","link":"https:\/\/gazetaregionalna.com\/?p=80243","title":{"rendered":"Galeria Jurajska zaprasza na \u201eBeauty Day\u201d. Przed centrum  zaparkuje te\u017c mammobus"},"content":{"rendered":"\n<h2 class=\"wp-block-heading\">W sobot\u0119, 21 maja w Galerii Jurajskiej podpowiedz\u0105, jak zadba\u0107 o zdrowie i cia\u0142o. Tego dnia odb\u0119d\u0105 si\u0119 bowiem Targi Zdrowia, Urody i Pi\u0119knej Sylwetki \u201eBeauty Day\u201d. Opr\u00f3cz tego przed centrum handlowym zaparkuje mammobus. <\/h2>\n\n\n\n<p>Najbli\u017csza sobota up\u0142ynie w Galerii Jurajskiej pod has\u0142em wydarze\u0144 prozdrowotnych. Ju\u017c o godz. 10 otwarte zostan\u0105 Targi Zdrowia, Urody i Pi\u0119knej Sylwetki \u201eBeauty Day\u201d. Og\u00f3lnodost\u0119pna impreza zgromadzi kilkudziesi\u0119ciu wystawc\u00f3w z ca\u0142ego regionu. W\u015br\u00f3d nich b\u0119dzie mo\u017cna znale\u017a\u0107 m.in. salony kosmetyczne i SPA, gabinety urody, fotodepilacji i fototerapii. Ponadto, pojawi\u0105 si\u0119 producenci naturalnych kosmetyk\u00f3w, zdrowej \u017cywno\u015bci oraz leczniczych urz\u0105dze\u0144 medycznych.<\/p>\n\n\n\n<p>\u2013 W Galerii Jurajskiej b\u0119dzie mo\u017cna dowiedzie\u0107 si\u0119, jak holistycznie zadba\u0107 o swoje zdrowie i urod\u0119. Organizowane targi s\u0105 doskona\u0142\u0105 okazj\u0105 do tego, aby pozna\u0107 nowinki w piel\u0119gnacji cia\u0142a, twarzy i sylwetki, a tak\u017ce niekonwencjonalne metody leczenia. Na miejscu b\u0119dzie mo\u017cna spotka\u0107 r\u00f3\u017cnych ekspert\u00f3w z dziedziny beauty i SPA, kt\u00f3rzy udziela\u0107 b\u0119d\u0105 porad \u2013 m\u00f3wi Violetta Dziubin-\u0141uszczyk, dyrektor marketingu Galerii Jurajskiej.<\/p>\n\n\n\n<h4 class=\"wp-block-heading\">Nie tylko porady<\/h4>\n\n\n\n<p>Na poradach si\u0119 jednak nie skoczy. W galerii b\u0119dzie mo\u017cna m.in. skorzysta\u0107 z terapii wodorem, a tak\u017ce odby\u0107 konsultacj\u0119 z piel\u0119gniark\u0105. B\u0119dzie te\u017c okazja, by zmierzy\u0107 poziom glukozy we krwi i poziom ci\u015bnienia t\u0119tniczego. Podczas targ\u00f3w odwiedzaj\u0105cy dowiedz\u0105 si\u0119 r\u00f3wnie\u017c tego, jak zadba\u0107 o zdrowe otoczenia, wykorzystuj\u0105c np. systemy oczyszczania wody, powietrza i naczynia do zdrowego gotowania. <\/p>\n\n\n\n<p>Na go\u015bci imprezy czeka\u0107 b\u0119d\u0105 tak\u017ce pokazy ratownictwa medycznego i udzielania pierwszej pomocy. Targi potrwaj\u0105 do godz. 18. Wst\u0119p jest bezp\u0142atny. <\/p>\n\n\n\n<h4 class=\"wp-block-heading\"><strong>Bezp\u0142atna mammografia<\/strong><\/h4>\n\n\n\n<p>Warto doda\u0107, \u017ce ju\u017c o godz. 9 przed centrum handlowym zaparkuje mammobus. Bezp\u0142atn\u0105 mammografi\u0119 b\u0119d\u0105 mog\u0142y wykona\u0107 w nim kobiety z rocznik\u00f3w 1952 &#8211; 1971, czyli mi\u0119dzy 50. a 69. rokiem \u017cycia.<\/p>\n\n\n\n<p>\u2013 Badanie jest doskona\u0142\u0105 okazj\u0105, aby zadba\u0107 o swoje piersi. Ju\u017c po raz kolejny dajemy mieszkankom regionu tak\u0105 mo\u017cliwo\u015b\u0107. Warto skorzysta\u0107. Mammografia jest bezbolesna i trwa raptem kilka minut, a ju\u017c niejednej kobiecie uratowa\u0142a \u017cycie. Wczesne wykrycie nowotworu jest bowiem kluczowe dla udanej terapii \u2013 zaznacza Violetta Dziubin-\u0141uszczyk.<\/p>\n\n\n\n<p>Badania realizowane przez NZOZ Largo odbywaj\u0105 si\u0119 w ramach \u201ePopulacyjnego Programu Wczesnego Wykrywania Raka Piersi, dla kobiet z przedzia\u0142u wiekowego 50-69 lat\u201d kt\u00f3ry finansuje Narodowy Fundusz Zdrowia. Mammobus dost\u0119pny b\u0119dzie do godz. 16. Na badanie nale\u017cy przyj\u015b\u0107 z dokumentem to\u017csamo\u015bci. Sama mammografia odbywa\u0107 b\u0119dzie si\u0119 z zachowaniem re\u017cimu sanitarnego i w maseczce.<\/p>\n\n\n\n<p><strong>ZS<\/strong><\/p>\n","protected":false},"excerpt":{"rendered":"<p>W sobot\u0119, 21 maja w Galerii Jurajskiej podpowiedz\u0105, jak zadba\u0107 o zdrowie i cia\u0142o. Tego dnia odb\u0119d\u0105 si\u0119 bowiem Targi Zdrowia, Urody i Pi\u0119knej<\/p>\n","protected":false},"author":18,"featured_media":64506,"comment_status":"closed","ping_status":"open","sticky":false,"template":"","format":"standard","meta":{"_monsterinsights_skip_tracking":false,"_monsterinsights_sitenote_active":false,"_monsterinsights_sitenote_note":"","_monsterinsights_sitenote_category":0,"_uf_show_specific_survey":0,"_uf_disable_surveys":false,"footnotes":""},"categories":[1330,3,2,37],"tags":[151,1588,2394,1159],"class_list":["post-80243","post","type-post","status-publish","format-standard","has-post-thumbnail","hentry","category-health-fitness","category-czestochowa-informacje","category-wiadomosci","category-zdrowie","tag-galeria-jurajska","tag-mammografia","tag-targi","tag-zdrowie"],"_links":{"self":[{"href":"https:\/\/gazetaregionalna.com\/index.php?rest_route=\/wp\/v2\/posts\/80243","targetHints":{"allow":["GET"]}}],"collection":[{"href":"https:\/\/gazetaregionalna.com\/index.php?rest_route=\/wp\/v2\/posts"}],"about":[{"href":"https:\/\/gazetaregionalna.com\/index.php?rest_route=\/wp\/v2\/types\/post"}],"author":[{"embeddable":true,"href":"https:\/\/gazetaregionalna.com\/index.php?rest_route=\/wp\/v2\/users\/18"}],"replies":[{"embeddable":true,"href":"https:\/\/gazetaregionalna.com\/index.php?rest_route=%2Fwp%2Fv2%2Fcomments&post=80243"}],"version-history":[{"count":1,"href":"https:\/\/gazetaregionalna.com\/index.php?rest_route=\/wp\/v2\/posts\/80243\/revisions"}],"predecessor-version":[{"id":80247,"href":"https:\/\/gazetaregionalna.com\/index.php?rest_route=\/wp\/v2\/posts\/80243\/revisions\/80247"}],"wp:featuredmedia":[{"embeddable":true,"href":"https:\/\/gazetaregionalna.com\/index.php?rest_route=\/wp\/v2\/media\/64506"}],"wp:attachment":[{"href":"https:\/\/gazetaregionalna.com\/index.php?rest_route=%2Fwp%2Fv2%2Fmedia&parent=80243"}],"wp:term":[{"taxonomy":"category","embeddable":true,"href":"https:\/\/gazetaregionalna.com\/index.php?rest_route=%2Fwp%2Fv2%2Fcategories&post=80243"},{"taxonomy":"post_tag","embeddable":true,"href":"https:\/\/gazetaregionalna.com\/index.php?rest_route=%2Fwp%2Fv2%2Ftags&post=80243"}],"curies":[{"name":"wp","href":"https:\/\/api.w.org\/{rel}","templated":true}]}}