{"id":80234,"date":"2022-05-19T11:35:55","date_gmt":"2022-05-19T11:35:55","guid":{"rendered":"https:\/\/gazetaregionalna.com\/?p=80234"},"modified":"2022-05-19T11:35:55","modified_gmt":"2022-05-19T11:35:55","slug":"dotacja-powiatu-klobuckiego-dla-projektu-na-rzecz-dzieci-ze-specjalnymi-potrzebami","status":"publish","type":"post","link":"https:\/\/gazetaregionalna.com\/?p=80234","title":{"rendered":"Dotacja Powiatu K\u0142obuckiego dla projektu na rzecz dzieci ze specjalnymi potrzebami"},"content":{"rendered":"\n<h2 class=\"wp-block-heading\">Starosta K\u0142obucki Henryk Kiepura oraz Wicestarosta Zdzis\u0142awa Kall podpisali umow\u0119 o dotacji finansowej, ze \u015brodk\u00f3w samorz\u0105du powiatowego, dla stowarzyszenia &#8222;Mila i Przyjaciele&#8221;.<\/h2>\n\n\n\n<p>\u015arodki zostan\u0105 przeznaczone na projekt, kt\u00f3ry jest zgodny z zakresem dzia\u0142ania Stowarzyszenia, zajmuj\u0105cym \u00a0si\u0119 r\u00f3\u017cnymi formami <strong>wspomagania rozwoju dzieci niepe\u0142nosprawnych i autystycznych a tak\u017ce ich rodzin<\/strong>. Cele swe realizuje poprzez prowadzenie <strong>Punktu Terapeutyczno-Przedszkolnego <\/strong>i <strong>Centrum Terapii<\/strong>, a tak\u017ce poprzez <strong>organizowanie warsztat\u00f3w dla rodzic\u00f3w i nauczycieli<\/strong>.<\/p>\n\n\n\n<p>W imieniu Stowarzyszenie <strong>\u201eMila i Przyjaciele\u201d<\/strong> umow\u0119 podpisa\u0142y: Prezes Malwina Chali\u0144ska i Wiceprezes Magdalena Politowska.<\/p>\n\n\n\n<figure class=\"wp-block-image size-large\"><img decoding=\"async\" width=\"1024\" height=\"684\" data-src=\"https:\/\/gazetaregionalna.com\/wp-content\/uploads\/2022\/05\/1-32-1024x684.jpg\" alt=\"\" class=\"wp-image-80235 lazyload\" data-srcset=\"https:\/\/gazetaregionalna.com\/wp-content\/uploads\/2022\/05\/1-32-1024x684.jpg 1024w, https:\/\/gazetaregionalna.com\/wp-content\/uploads\/2022\/05\/1-32-300x200.jpg 300w, https:\/\/gazetaregionalna.com\/wp-content\/uploads\/2022\/05\/1-32-768x513.jpg 768w, https:\/\/gazetaregionalna.com\/wp-content\/uploads\/2022\/05\/1-32-696x465.jpg 696w, https:\/\/gazetaregionalna.com\/wp-content\/uploads\/2022\/05\/1-32-1068x713.jpg 1068w, https:\/\/gazetaregionalna.com\/wp-content\/uploads\/2022\/05\/1-32-629x420.jpg 629w, https:\/\/gazetaregionalna.com\/wp-content\/uploads\/2022\/05\/1-32.jpg 1200w\" data-sizes=\"(max-width: 1024px) 100vw, 1024px\" src=\"data:image\/svg+xml;base64,PHN2ZyB3aWR0aD0iMSIgaGVpZ2h0PSIxIiB4bWxucz0iaHR0cDovL3d3dy53My5vcmcvMjAwMC9zdmciPjwvc3ZnPg==\" style=\"--smush-placeholder-width: 1024px; --smush-placeholder-aspect-ratio: 1024\/684;\" \/><figcaption>fot. Starostwo Powiatowe w K\u0142obucku <\/figcaption><\/figure>\n\n\n\n<p><strong>K KIK <\/strong><\/p>\n","protected":false},"excerpt":{"rendered":"<p>Starosta K\u0142obucki Henryk Kiepura oraz Wicestarosta Zdzis\u0142awa Kall podpisali umow\u0119 o dotacji finansowej, ze \u015brodk\u00f3w samorz\u0105du powiatowego, dla stowarzyszenia &#8222;Mila i Przyjaciele&#8221;. \u015arodki zostan\u0105<\/p>\n","protected":false},"author":21,"featured_media":80236,"comment_status":"closed","ping_status":"open","sticky":false,"template":"","format":"standard","meta":{"_monsterinsights_skip_tracking":false,"_monsterinsights_sitenote_active":false,"_monsterinsights_sitenote_note":"","_monsterinsights_sitenote_category":0,"_uf_show_specific_survey":0,"_uf_disable_surveys":false,"footnotes":""},"categories":[2,27],"tags":[1633,1134,280,467,4793],"class_list":["post-80234","post","type-post","status-publish","format-standard","has-post-thumbnail","hentry","category-wiadomosci","category-klobuck-informacje","tag-dotacja","tag-dzieci","tag-klobuck","tag-pomoc","tag-stowarzyszenie"],"_links":{"self":[{"href":"https:\/\/gazetaregionalna.com\/index.php?rest_route=\/wp\/v2\/posts\/80234","targetHints":{"allow":["GET"]}}],"collection":[{"href":"https:\/\/gazetaregionalna.com\/index.php?rest_route=\/wp\/v2\/posts"}],"about":[{"href":"https:\/\/gazetaregionalna.com\/index.php?rest_route=\/wp\/v2\/types\/post"}],"author":[{"embeddable":true,"href":"https:\/\/gazetaregionalna.com\/index.php?rest_route=\/wp\/v2\/users\/21"}],"replies":[{"embeddable":true,"href":"https:\/\/gazetaregionalna.com\/index.php?rest_route=%2Fwp%2Fv2%2Fcomments&post=80234"}],"version-history":[{"count":1,"href":"https:\/\/gazetaregionalna.com\/index.php?rest_route=\/wp\/v2\/posts\/80234\/revisions"}],"predecessor-version":[{"id":80237,"href":"https:\/\/gazetaregionalna.com\/index.php?rest_route=\/wp\/v2\/posts\/80234\/revisions\/80237"}],"wp:featuredmedia":[{"embeddable":true,"href":"https:\/\/gazetaregionalna.com\/index.php?rest_route=\/wp\/v2\/media\/80236"}],"wp:attachment":[{"href":"https:\/\/gazetaregionalna.com\/index.php?rest_route=%2Fwp%2Fv2%2Fmedia&parent=80234"}],"wp:term":[{"taxonomy":"category","embeddable":true,"href":"https:\/\/gazetaregionalna.com\/index.php?rest_route=%2Fwp%2Fv2%2Fcategories&post=80234"},{"taxonomy":"post_tag","embeddable":true,"href":"https:\/\/gazetaregionalna.com\/index.php?rest_route=%2Fwp%2Fv2%2Ftags&post=80234"}],"curies":[{"name":"wp","href":"https:\/\/api.w.org\/{rel}","templated":true}]}}