{"id":80192,"date":"2022-05-19T08:27:10","date_gmt":"2022-05-19T08:27:10","guid":{"rendered":"https:\/\/gazetaregionalna.com\/?p=80192"},"modified":"2022-05-19T08:27:11","modified_gmt":"2022-05-19T08:27:11","slug":"pierwszy-w-czestochowie-ogrod-deszczowy-juz-gotowy","status":"publish","type":"post","link":"https:\/\/gazetaregionalna.com\/?p=80192","title":{"rendered":"Pierwszy w Cz\u0119stochowie ogr\u00f3d deszczowy ju\u017c gotowy!"},"content":{"rendered":"\n<p><strong>Na terenie Szko\u0142y Podstawowej nr 16 zosta\u0142 za\u0142o\u017cony pierwszy w Cz\u0119stochowie ogr\u00f3d deszczowy. Jego budowie towarzyszy\u0142y warsztaty promuj\u0105ce w\u0142a\u015bciwe gospodarowanie wodami opadowymi.<\/strong><br><br>Cz\u0119stochowa jako pierwsza, obok Sosnowca, Kalet i \u017bor\u00f3w, przyst\u0105pi\u0142a do pilota\u017cowego projektu, organizowanego przez \u015al\u0105ski Zwi\u0105zek Gmin i Powiat\u00f3w, propaguj\u0105cego przedsi\u0119wzi\u0119cia, wspomagaj\u0105ce adaptacj\u0119 do zmian klimatu.<\/p>\n\n\n\n<p>Za\u0142o\u017cenie ogrodu deszczowego na terenie szko\u0142y przy ul. U\u0142a\u0144skiej zosta\u0142o wpisane w dzia\u0142ania programu #Cz\u0119stoZielona. Z bud\u017cetu Centrum Us\u0142ug Komunalnych pokryto koszty (nieca\u0142e 7 tys. z\u0142) projektu i prac ziemnych, a warsztaty praktyczne (3 tys. z\u0142) ufundowa\u0142 \u015aZGiP.<br><br>W otwarciu ogrodu i podsumowaniu warsztat\u00f3w prowadzonych przez ekspert\u00f3w z Fundacji Sendzimira wzi\u0119li udzia\u0142: prezydent Cz\u0119stochowy Krzysztof Matyjaszczyk, reprezentuj\u0105ca <a href=\"https:\/\/www.silesia.org.pl\/\" target=\"_blank\" rel=\"noopener\">\u015aZGiP<\/a> Iwona Pragn\u0105ca, naczelnik Centrum Us\u0142ug Komunalnych \u0141ukasz Kot, radny Sebastian Trzeszkowski oraz dyrektor SP 16 Jolanta Dominiak.<br><br>&#8211; Gratuluj\u0119 uczniom ich pasji i zaanga\u017cowania, z jakim pomagali przy realizacji tego projektu, poznaj\u0105c proces zak\u0142adania takiego ogrodu. Licz\u0119, \u017ce w przysz\u0142o\u015bci wykorzystaj\u0105 t\u0119 wiedz\u0119. Teraz woda deszczowa nie b\u0119dzie ju\u017c odprowadzana do kanalizacji, a skierowana zostanie z dachu do specjalnego ogr\u00f3dka przyszkolnego &#8211; komentowa\u0142 prezydent Krzysztof Matyjaszczyk.<br><br>Dla ekosystemu miejskiego ogrody zatrzymuj\u0105ce wody opadowe s\u0105 bardzo korzystne. Zapobiegaj\u0105 obni\u017caniu w\u00f3d gruntowych i lokalnym podtopieniom, zmniejszaj\u0105 efekt miejskiej wyspy ciep\u0142a (czyli wy\u017cszej temperatury w mie\u015bcie w por\u00f3wnaniu z terenami go otaczaj\u0105cymi), wp\u0142ywaj\u0105c na popraw\u0119 jako\u015bci powietrza oraz wody, a tak\u017ce na mikroklimat i estetyk\u0119 miasta.<\/p>\n\n\n\n<p>Ogrody deszczowe to jeden ze sposob\u00f3w radzenia sobie z wyzwaniami, jakie nios\u0105 zmiany klimatyczne. Przypominanie o tych korzy\u015bciach to podstawowy cel przedsi\u0119wzi\u0119cia.<br><br>Wielko\u015b\u0107 ogrodu deszczowego zosta\u0142a dopasowana do wielko\u015bci powierzchni odwadnianej (zawsze znacznie wi\u0119ksza), w tym przypadku cz\u0119\u015bci dachu szkolnego budynku.<br><br>W ogrodzie deszczowym sadzone s\u0105 ro\u015bliny podmok\u0142ych \u0142\u0105k. Ich korzenie b\u0105d\u017a k\u0142\u0105cza pomagaj\u0105 w oczyszczaniu wody zmytej z powierzchni utwardzonej. Odpowiednio dobrane pod\u0142o\u017ce, na kt\u00f3rym wykszta\u0142ca si\u0119 b\u0142ona bakteryjna, redukuje znacz\u0105co poziom zanieczyszcze\u0144 w przep\u0142ywaj\u0105cej wodzie.<\/p>\n\n\n\n<figure class=\"wp-block-image size-large\"><a href=\"czestochowa.pl\"><img decoding=\"async\" width=\"1024\" height=\"683\" data-src=\"https:\/\/gazetaregionalna.com\/wp-content\/uploads\/2022\/05\/58337-1024x683.jpg\" alt=\"ogr\u00f3d deszczowy\" class=\"wp-image-80196 lazyload\" data-srcset=\"https:\/\/gazetaregionalna.com\/wp-content\/uploads\/2022\/05\/58337-1024x683.jpg 1024w, https:\/\/gazetaregionalna.com\/wp-content\/uploads\/2022\/05\/58337-300x200.jpg 300w, https:\/\/gazetaregionalna.com\/wp-content\/uploads\/2022\/05\/58337-768x512.jpg 768w, https:\/\/gazetaregionalna.com\/wp-content\/uploads\/2022\/05\/58337-1536x1024.jpg 1536w, https:\/\/gazetaregionalna.com\/wp-content\/uploads\/2022\/05\/58337-696x464.jpg 696w, https:\/\/gazetaregionalna.com\/wp-content\/uploads\/2022\/05\/58337-1068x712.jpg 1068w, https:\/\/gazetaregionalna.com\/wp-content\/uploads\/2022\/05\/58337-1920x1280.jpg 1920w, https:\/\/gazetaregionalna.com\/wp-content\/uploads\/2022\/05\/58337-630x420.jpg 630w, https:\/\/gazetaregionalna.com\/wp-content\/uploads\/2022\/05\/58337-scaled.jpg 1600w\" data-sizes=\"(max-width: 1024px) 100vw, 1024px\" src=\"data:image\/svg+xml;base64,PHN2ZyB3aWR0aD0iMSIgaGVpZ2h0PSIxIiB4bWxucz0iaHR0cDovL3d3dy53My5vcmcvMjAwMC9zdmciPjwvc3ZnPg==\" style=\"--smush-placeholder-width: 1024px; --smush-placeholder-aspect-ratio: 1024\/683;\" \/><\/a><figcaption>\u017ar\u00f3d\u0142o: UM Cz\u0119stochowy<\/figcaption><\/figure>\n\n\n\n<p>Je\u015bli interesujesz si\u0119 kwestiami ekologii w Cz\u0119stochowie, przeczytaj ten <a href=\"https:\/\/gazetaregionalna.com\/czestozielona-zielony-przystanek\/\">artyku\u0142<\/a>, a dowiesz si\u0119 , jakie inne inwestycje s\u0105 realizowane w zwi\u0105zku z projektem #Cz\u0119stoZielona.<\/p>\n\n\n\n<p><strong>LN\/UM Cz\u0119stochowy<\/strong><\/p>\n","protected":false},"excerpt":{"rendered":"<p>Na terenie Szko\u0142y Podstawowej nr 16 zosta\u0142 za\u0142o\u017cony pierwszy w Cz\u0119stochowie ogr\u00f3d deszczowy. Jego budowie towarzyszy\u0142y warsztaty promuj\u0105ce w\u0142a\u015bciwe gospodarowanie wodami opadowymi. Cz\u0119stochowa jako<\/p>\n","protected":false},"author":26,"featured_media":80197,"comment_status":"closed","ping_status":"open","sticky":false,"template":"","format":"standard","meta":{"_monsterinsights_skip_tracking":false,"_monsterinsights_sitenote_active":false,"_monsterinsights_sitenote_note":"","_monsterinsights_sitenote_category":0,"_uf_show_specific_survey":0,"_uf_disable_surveys":false,"footnotes":""},"categories":[29,3,2],"tags":[4910],"class_list":["post-80192","post","type-post","status-publish","format-standard","has-post-thumbnail","hentry","category-ekologia","category-czestochowa-informacje","category-wiadomosci","tag-ogrod-deszczowy"],"_links":{"self":[{"href":"https:\/\/gazetaregionalna.com\/index.php?rest_route=\/wp\/v2\/posts\/80192","targetHints":{"allow":["GET"]}}],"collection":[{"href":"https:\/\/gazetaregionalna.com\/index.php?rest_route=\/wp\/v2\/posts"}],"about":[{"href":"https:\/\/gazetaregionalna.com\/index.php?rest_route=\/wp\/v2\/types\/post"}],"author":[{"embeddable":true,"href":"https:\/\/gazetaregionalna.com\/index.php?rest_route=\/wp\/v2\/users\/26"}],"replies":[{"embeddable":true,"href":"https:\/\/gazetaregionalna.com\/index.php?rest_route=%2Fwp%2Fv2%2Fcomments&post=80192"}],"version-history":[{"count":1,"href":"https:\/\/gazetaregionalna.com\/index.php?rest_route=\/wp\/v2\/posts\/80192\/revisions"}],"predecessor-version":[{"id":80198,"href":"https:\/\/gazetaregionalna.com\/index.php?rest_route=\/wp\/v2\/posts\/80192\/revisions\/80198"}],"wp:featuredmedia":[{"embeddable":true,"href":"https:\/\/gazetaregionalna.com\/index.php?rest_route=\/wp\/v2\/media\/80197"}],"wp:attachment":[{"href":"https:\/\/gazetaregionalna.com\/index.php?rest_route=%2Fwp%2Fv2%2Fmedia&parent=80192"}],"wp:term":[{"taxonomy":"category","embeddable":true,"href":"https:\/\/gazetaregionalna.com\/index.php?rest_route=%2Fwp%2Fv2%2Fcategories&post=80192"},{"taxonomy":"post_tag","embeddable":true,"href":"https:\/\/gazetaregionalna.com\/index.php?rest_route=%2Fwp%2Fv2%2Ftags&post=80192"}],"curies":[{"name":"wp","href":"https:\/\/api.w.org\/{rel}","templated":true}]}}