{"id":80010,"date":"2022-05-18T07:50:42","date_gmt":"2022-05-18T07:50:42","guid":{"rendered":"https:\/\/gazetaregionalna.com\/?p=80010"},"modified":"2022-05-18T07:50:44","modified_gmt":"2022-05-18T07:50:44","slug":"osp-klobuck-w-krajowym-systemie-ratowniczo-gasniczym","status":"publish","type":"post","link":"https:\/\/gazetaregionalna.com\/?p=80010","title":{"rendered":"OSP K\u0142obuck w Krajowym Systemie Ratowniczo Ga\u015bniczym"},"content":{"rendered":"\n<h2 class=\"wp-block-heading\">12 maja\u00a0 Komendant Powiatowy Pa\u0144stwowej Stra\u017cy Po\u017carnej w K\u0142obucku m\u0142. bryg. Karol Wers uroczy\u015bcie wr\u0119czy\u0142 Burmistrzowi K\u0142obucka Jerzemu Zakrzewskiemu oraz Prezesowi OSP K\u0142obuck Krzysztofowi Kotkowskiemu decyzj\u0119 Komendanta G\u0142\u00f3wnego PSP o w\u0142\u0105czeniu jednostki OSP K\u0142obuck do Krajowego Systemu Ratowniczo Ga\u015bniczego.<\/h2>\n\n\n\n<p>W uroczysto\u015bci uczestniczy\u0142 zast\u0119pca \u00a0Komendanta Powiatowego bryg. Roman Kr\u00f3lewski oraz Komendant Gminny OSP Tomasz Cajler. Jest to <strong>trzecia jednostka<\/strong> Gminie K\u0142obuck w strukturach <strong>KSRG<\/strong>, decyzja ta z pewno\u015bci\u0105 poprawi bezpiecze\u0144stwo mieszka\u0144c\u00f3w.<\/p>\n\n\n\n<p><strong>Stra\u017cacy Ochotnicy<\/strong> wyrazili podzi\u0119kowania Komendantowi PSP oraz Burmistrzowi K\u0142obucka za udzielon\u0105 pomoc, r\u00f3wnie\u017c t\u0105 merytoryczn\u0105, w d\u0105\u017ceniu do wst\u0105pienia do KSRG.<\/p>\n\n\n\n<figure class=\"wp-block-gallery columns-2 is-cropped wp-block-gallery-1 is-layout-flex wp-block-gallery-is-layout-flex\"><ul class=\"blocks-gallery-grid\"><li class=\"blocks-gallery-item\"><figure><a href=\"https:\/\/gazetaregionalna.com\/wp-content\/uploads\/2022\/05\/1-27-1024x678.jpg\"><img decoding=\"async\" width=\"1024\" height=\"678\" data-src=\"https:\/\/gazetaregionalna.com\/wp-content\/uploads\/2022\/05\/1-27-1024x678.jpg\" alt=\"\" data-id=\"80011\" data-link=\"https:\/\/gazetaregionalna.com\/?attachment_id=80011\" class=\"wp-image-80011 lazyload\" data-srcset=\"https:\/\/gazetaregionalna.com\/wp-content\/uploads\/2022\/05\/1-27-1024x678.jpg 1024w, https:\/\/gazetaregionalna.com\/wp-content\/uploads\/2022\/05\/1-27-300x199.jpg 300w, https:\/\/gazetaregionalna.com\/wp-content\/uploads\/2022\/05\/1-27-768x509.jpg 768w, https:\/\/gazetaregionalna.com\/wp-content\/uploads\/2022\/05\/1-27-1536x1017.jpg 1536w, https:\/\/gazetaregionalna.com\/wp-content\/uploads\/2022\/05\/1-27-2048x1356.jpg 2048w, https:\/\/gazetaregionalna.com\/wp-content\/uploads\/2022\/05\/1-27-696x461.jpg 696w, https:\/\/gazetaregionalna.com\/wp-content\/uploads\/2022\/05\/1-27-1068x707.jpg 1068w, https:\/\/gazetaregionalna.com\/wp-content\/uploads\/2022\/05\/1-27-1920x1272.jpg 1920w, https:\/\/gazetaregionalna.com\/wp-content\/uploads\/2022\/05\/1-27-634x420.jpg 634w, https:\/\/gazetaregionalna.com\/wp-content\/uploads\/2022\/05\/1-27-scaled.jpg 1600w\" data-sizes=\"(max-width: 1024px) 100vw, 1024px\" src=\"data:image\/svg+xml;base64,PHN2ZyB3aWR0aD0iMSIgaGVpZ2h0PSIxIiB4bWxucz0iaHR0cDovL3d3dy53My5vcmcvMjAwMC9zdmciPjwvc3ZnPg==\" style=\"--smush-placeholder-width: 1024px; --smush-placeholder-aspect-ratio: 1024\/678;\" \/><\/a><\/figure><\/li><li class=\"blocks-gallery-item\"><figure><a href=\"https:\/\/gazetaregionalna.com\/wp-content\/uploads\/2022\/05\/3-20-scaled.jpg\"><img decoding=\"async\" width=\"678\" height=\"1024\" data-src=\"https:\/\/gazetaregionalna.com\/wp-content\/uploads\/2022\/05\/3-20-678x1024.jpg\" alt=\"\" data-id=\"80012\" data-full-url=\"https:\/\/gazetaregionalna.com\/wp-content\/uploads\/2022\/05\/3-20-scaled.jpg\" data-link=\"https:\/\/gazetaregionalna.com\/?attachment_id=80012\" class=\"wp-image-80012 lazyload\" data-srcset=\"https:\/\/gazetaregionalna.com\/wp-content\/uploads\/2022\/05\/3-20-678x1024.jpg 678w, https:\/\/gazetaregionalna.com\/wp-content\/uploads\/2022\/05\/3-20-199x300.jpg 199w, https:\/\/gazetaregionalna.com\/wp-content\/uploads\/2022\/05\/3-20-768x1160.jpg 768w, https:\/\/gazetaregionalna.com\/wp-content\/uploads\/2022\/05\/3-20-1017x1536.jpg 1017w, https:\/\/gazetaregionalna.com\/wp-content\/uploads\/2022\/05\/3-20-1356x2048.jpg 1356w, https:\/\/gazetaregionalna.com\/wp-content\/uploads\/2022\/05\/3-20-696x1051.jpg 696w, https:\/\/gazetaregionalna.com\/wp-content\/uploads\/2022\/05\/3-20-1068x1612.jpg 1068w, https:\/\/gazetaregionalna.com\/wp-content\/uploads\/2022\/05\/3-20-1920x2899.jpg 1920w, https:\/\/gazetaregionalna.com\/wp-content\/uploads\/2022\/05\/3-20-278x420.jpg 278w, https:\/\/gazetaregionalna.com\/wp-content\/uploads\/2022\/05\/3-20-scaled.jpg 1060w\" data-sizes=\"(max-width: 678px) 100vw, 678px\" src=\"data:image\/svg+xml;base64,PHN2ZyB3aWR0aD0iMSIgaGVpZ2h0PSIxIiB4bWxucz0iaHR0cDovL3d3dy53My5vcmcvMjAwMC9zdmciPjwvc3ZnPg==\" style=\"--smush-placeholder-width: 678px; --smush-placeholder-aspect-ratio: 678\/1024;\" \/><\/a><\/figure><\/li><\/ul><figcaption class=\"blocks-gallery-caption\">fot. UG w K\u0142obucku <\/figcaption><\/figure>\n\n\n\n<p><strong>K KIK <\/strong><\/p>\n","protected":false},"excerpt":{"rendered":"<p>12 maja\u00a0 Komendant Powiatowy Pa\u0144stwowej Stra\u017cy Po\u017carnej w K\u0142obucku m\u0142. bryg. Karol Wers uroczy\u015bcie wr\u0119czy\u0142 Burmistrzowi K\u0142obucka Jerzemu Zakrzewskiemu oraz Prezesowi OSP K\u0142obuck Krzysztofowi<\/p>\n","protected":false},"author":21,"featured_media":80013,"comment_status":"closed","ping_status":"open","sticky":false,"template":"","format":"standard","meta":{"_monsterinsights_skip_tracking":false,"_monsterinsights_sitenote_active":false,"_monsterinsights_sitenote_note":"","_monsterinsights_sitenote_category":0,"_uf_show_specific_survey":0,"_uf_disable_surveys":false,"footnotes":""},"categories":[2,27],"tags":[4878,1516],"class_list":["post-80010","post","type-post","status-publish","format-standard","has-post-thumbnail","hentry","category-wiadomosci","category-klobuck-informacje","tag-ksrg","tag-osp-klobuck"],"_links":{"self":[{"href":"https:\/\/gazetaregionalna.com\/index.php?rest_route=\/wp\/v2\/posts\/80010","targetHints":{"allow":["GET"]}}],"collection":[{"href":"https:\/\/gazetaregionalna.com\/index.php?rest_route=\/wp\/v2\/posts"}],"about":[{"href":"https:\/\/gazetaregionalna.com\/index.php?rest_route=\/wp\/v2\/types\/post"}],"author":[{"embeddable":true,"href":"https:\/\/gazetaregionalna.com\/index.php?rest_route=\/wp\/v2\/users\/21"}],"replies":[{"embeddable":true,"href":"https:\/\/gazetaregionalna.com\/index.php?rest_route=%2Fwp%2Fv2%2Fcomments&post=80010"}],"version-history":[{"count":1,"href":"https:\/\/gazetaregionalna.com\/index.php?rest_route=\/wp\/v2\/posts\/80010\/revisions"}],"predecessor-version":[{"id":80015,"href":"https:\/\/gazetaregionalna.com\/index.php?rest_route=\/wp\/v2\/posts\/80010\/revisions\/80015"}],"wp:featuredmedia":[{"embeddable":true,"href":"https:\/\/gazetaregionalna.com\/index.php?rest_route=\/wp\/v2\/media\/80013"}],"wp:attachment":[{"href":"https:\/\/gazetaregionalna.com\/index.php?rest_route=%2Fwp%2Fv2%2Fmedia&parent=80010"}],"wp:term":[{"taxonomy":"category","embeddable":true,"href":"https:\/\/gazetaregionalna.com\/index.php?rest_route=%2Fwp%2Fv2%2Fcategories&post=80010"},{"taxonomy":"post_tag","embeddable":true,"href":"https:\/\/gazetaregionalna.com\/index.php?rest_route=%2Fwp%2Fv2%2Ftags&post=80010"}],"curies":[{"name":"wp","href":"https:\/\/api.w.org\/{rel}","templated":true}]}}