{"id":79963,"date":"2022-05-17T14:16:57","date_gmt":"2022-05-17T14:16:57","guid":{"rendered":"https:\/\/gazetaregionalna.com\/?p=79963"},"modified":"2022-05-17T14:16:58","modified_gmt":"2022-05-17T14:16:58","slug":"podczas-sobotniej-fety-rakowa-beda-zbierane-pieniadze-na-leczenie-3-letniego-kubusia-szwagruka","status":"publish","type":"post","link":"https:\/\/gazetaregionalna.com\/?p=79963","title":{"rendered":"Podczas sobotniej fety Rakowa b\u0119d\u0105 zbierane pieni\u0105dze na leczenie 3-letniego Kubusia Szwagruka"},"content":{"rendered":"\n<p>W sobot\u0119 Rak\u00f3w Cz\u0119stochowa zaprasza wszystkich kibic\u00f3w na uroczyst\u0105 fet\u0119 na Placu Biega\u0144skiego w Cz\u0119stochowie. Podczas spotkania z kibicami b\u0119dzie mo\u017cna pom\u00f3c 3-letniemu choremu Kubusiowi Szwagrukowi.<\/p>\n\n\n\n<p>2 maja 2022 r. w Warszawie na Stadionie Narodowym Rak\u00f3w obroni\u0142 Puchar Polski zdobyty w ubieg\u0142ym roku, a teraz walczy o wicemistrzostwo Polski. W sobot\u0119 po meczu z Lechi\u0105 Gda\u0144sk (pocz\u0105tek meczu 17:30) Rak\u00f3w zako\u0144czy kolejny udany sezon, a pi\u0142karze razem z kibicami b\u0119d\u0105 \u015bwi\u0119towa\u0107 od godz. 21:30 na Placu Biega\u0144skiego Puchar Polski i medal w PKO BP Ekstraklasie. Rak\u00f3w w trakcie fety b\u0119dzie zach\u0119ca\u0142 do pomocy swojemu 3-letniemu kibicowi Kubusiowi Szwagrukowi. Poni\u017cej zamieszczamy komunikat, kt\u00f3ry trafi\u0142 do naszej redakcji.<\/p>\n\n\n\n<p>\u201eW parze z wielkimi sukcesami sportowymi idzie tak\u017ce odpowiedzialno\u015b\u0107 spo\u0142eczna klubu &#8211; m\u00f3wi Micha\u0142 Kud\u0142a z Komitetu spo\u0142ecznego \u201eRatujemy Kubusia\u201d. &#8211; Rak\u00f3w Cz\u0119stochowa nie zapomina o potrzebuj\u0105cych i podczas spotkania z kibicami ze sceny pop\u0142ynie apel o zjednoczenie si\u0119 wszystkich kibic\u00f3w i sympatyk\u00f3w Czerwono-Niebieskich. A cel jest szczytny &#8211; zebranie pieni\u0119dzy na operacj\u0119 serca 3-letniego Kubusia Szwagruka, kt\u00f3ra musi si\u0119 odby\u0107 najp\u00f3\u017aniej za 4 miesi\u0105ce. W Polsce zosta\u0142y ju\u017c wyczerpane wszystkie mo\u017cliwo\u015bci i lekarze nie s\u0105 w stanie uratowa\u0107 ma\u0142ego kibica Rakowa. Pomocn\u0105 d\u0142o\u0144 wyci\u0105gn\u0119\u0142a klinika w Bostonie proponuj\u0105c operacj\u0119, kt\u00f3ra powinna rozwi\u0105za\u0107 wszystkie problemy zdrowotne, ale oczywi\u015bcie wi\u0105\u017ce si\u0119 to z ogromnymi kosztami. Nie podano jeszcze dok\u0142adnego kosztorysu, ale trzeba liczy\u0107 si\u0119 z kwot\u0105 na poziomie 1,5-2 mln z\u0142. S\u0105 to pieni\u0105dze, kt\u00f3re przekraczaj\u0105 mo\u017cliwo\u015bci rodzic\u00f3w Kuby, st\u0105d pomys\u0142 Zarz\u0105du i pi\u0142karzy Rakowa Cz\u0119stochowa, \u017ceby po\u0142\u0105czy\u0107 wsp\u00f3lne \u015bwi\u0119towanie z ratowaniem \u017cycia Kubusia.<\/p>\n\n\n\n<p>W ca\u0142\u0105 akcj\u0119 w\u0142\u0105czyli si\u0119 r\u00f3wnie\u017c uczniowie z 4 Liceum Og\u00f3lnokszta\u0142c\u0105cego im. Henryka Sienkiewicza w Cz\u0119stochowie, kt\u00f3rzy w roli wolontariuszy pojawi\u0105 si\u0119 na Placu Biega\u0144skiego z puszkami i b\u0119d\u0105 zbiera\u0107 pieni\u0105dze na ratowanie Kubusia\u201d.<\/p>\n\n\n\n<p>Zbi\u00f3rka pieni\u0119dzy odbywa si\u0119 tak\u017ce na stronie <a href=\"https:\/\/www.siepomaga.pl\/kubus-szwagruk\" target=\"_blank\" rel=\"noopener\">https:\/\/www.siepomaga.pl\/kubus-szwagruk<\/a><\/p>\n\n\n\n<p>AK, foto: materia\u0142y prasowe<\/p>\n\n\n\n<figure class=\"wp-block-image size-large\"><img decoding=\"async\" width=\"697\" height=\"1024\" data-src=\"https:\/\/gazetaregionalna.com\/wp-content\/uploads\/2022\/05\/Kubus-697x1024.jpg\" alt=\"\" class=\"wp-image-79965 lazyload\" data-srcset=\"https:\/\/gazetaregionalna.com\/wp-content\/uploads\/2022\/05\/Kubus-697x1024.jpg 697w, https:\/\/gazetaregionalna.com\/wp-content\/uploads\/2022\/05\/Kubus-204x300.jpg 204w, https:\/\/gazetaregionalna.com\/wp-content\/uploads\/2022\/05\/Kubus-768x1129.jpg 768w, https:\/\/gazetaregionalna.com\/wp-content\/uploads\/2022\/05\/Kubus-696x1023.jpg 696w, https:\/\/gazetaregionalna.com\/wp-content\/uploads\/2022\/05\/Kubus-286x420.jpg 286w, https:\/\/gazetaregionalna.com\/wp-content\/uploads\/2022\/05\/Kubus.jpg 900w\" data-sizes=\"(max-width: 697px) 100vw, 697px\" src=\"data:image\/svg+xml;base64,PHN2ZyB3aWR0aD0iMSIgaGVpZ2h0PSIxIiB4bWxucz0iaHR0cDovL3d3dy53My5vcmcvMjAwMC9zdmciPjwvc3ZnPg==\" style=\"--smush-placeholder-width: 697px; --smush-placeholder-aspect-ratio: 697\/1024;\" \/><\/figure>\n\n\n\n<figure class=\"wp-block-image size-large\"><img decoding=\"async\" width=\"300\" height=\"250\" data-src=\"https:\/\/gazetaregionalna.com\/wp-content\/uploads\/2022\/04\/DMK-2.jpg\" alt=\"\" class=\"wp-image-77210 lazyload\" src=\"data:image\/svg+xml;base64,PHN2ZyB3aWR0aD0iMSIgaGVpZ2h0PSIxIiB4bWxucz0iaHR0cDovL3d3dy53My5vcmcvMjAwMC9zdmciPjwvc3ZnPg==\" style=\"--smush-placeholder-width: 300px; --smush-placeholder-aspect-ratio: 300\/250;\"><\/figure>\n","protected":false},"excerpt":{"rendered":"<p>W sobot\u0119 Rak\u00f3w Cz\u0119stochowa zaprasza wszystkich kibic\u00f3w na uroczyst\u0105 fet\u0119 na Placu Biega\u0144skiego w Cz\u0119stochowie. Podczas spotkania z kibicami b\u0119dzie mo\u017cna pom\u00f3c 3-letniemu choremu<\/p>\n","protected":false},"author":15,"featured_media":79965,"comment_status":"closed","ping_status":"open","sticky":false,"template":"","format":"standard","meta":{"_monsterinsights_skip_tracking":false,"_monsterinsights_sitenote_active":false,"_monsterinsights_sitenote_note":"","_monsterinsights_sitenote_category":0,"_uf_show_specific_survey":0,"_uf_disable_surveys":false,"footnotes":""},"categories":[5,6],"tags":[],"class_list":["post-79963","post","type-post","status-publish","format-standard","has-post-thumbnail","hentry","category-sport","category-pilka-nozna"],"_links":{"self":[{"href":"https:\/\/gazetaregionalna.com\/index.php?rest_route=\/wp\/v2\/posts\/79963","targetHints":{"allow":["GET"]}}],"collection":[{"href":"https:\/\/gazetaregionalna.com\/index.php?rest_route=\/wp\/v2\/posts"}],"about":[{"href":"https:\/\/gazetaregionalna.com\/index.php?rest_route=\/wp\/v2\/types\/post"}],"author":[{"embeddable":true,"href":"https:\/\/gazetaregionalna.com\/index.php?rest_route=\/wp\/v2\/users\/15"}],"replies":[{"embeddable":true,"href":"https:\/\/gazetaregionalna.com\/index.php?rest_route=%2Fwp%2Fv2%2Fcomments&post=79963"}],"version-history":[{"count":1,"href":"https:\/\/gazetaregionalna.com\/index.php?rest_route=\/wp\/v2\/posts\/79963\/revisions"}],"predecessor-version":[{"id":79966,"href":"https:\/\/gazetaregionalna.com\/index.php?rest_route=\/wp\/v2\/posts\/79963\/revisions\/79966"}],"wp:featuredmedia":[{"embeddable":true,"href":"https:\/\/gazetaregionalna.com\/index.php?rest_route=\/wp\/v2\/media\/79965"}],"wp:attachment":[{"href":"https:\/\/gazetaregionalna.com\/index.php?rest_route=%2Fwp%2Fv2%2Fmedia&parent=79963"}],"wp:term":[{"taxonomy":"category","embeddable":true,"href":"https:\/\/gazetaregionalna.com\/index.php?rest_route=%2Fwp%2Fv2%2Fcategories&post=79963"},{"taxonomy":"post_tag","embeddable":true,"href":"https:\/\/gazetaregionalna.com\/index.php?rest_route=%2Fwp%2Fv2%2Ftags&post=79963"}],"curies":[{"name":"wp","href":"https:\/\/api.w.org\/{rel}","templated":true}]}}