{"id":79889,"date":"2022-05-17T04:25:03","date_gmt":"2022-05-17T04:25:03","guid":{"rendered":"https:\/\/gazetaregionalna.com\/?p=79889"},"modified":"2022-05-17T04:25:04","modified_gmt":"2022-05-17T04:25:04","slug":"lubliniec-darmowa-sterylizacja-i-kastracja-dla-psow-i-kotow","status":"publish","type":"post","link":"https:\/\/gazetaregionalna.com\/?p=79889","title":{"rendered":"Lubliniec. Darmowa sterylizacja i kastracja dla ps\u00f3w i kot\u00f3w."},"content":{"rendered":"\n<h2 class=\"wp-block-heading\">W\u0142a\u015bciciele ps\u00f3w i kot\u00f3w, mieszkaj\u0105cy w Lubli\u0144cu, mog\u0105 skorzysta\u0107 z darmowego programu kastracji i sterylizacji swoich pupili. Trwa przyjmowanie wniosk\u00f3w.<\/h2>\n\n\n\n<p>Program realizowany jest w ramach VI edycji BUD\u017bETU OBYWATELSKIEGO 2022<\/p>\n\n\n\n<p>W\u0142a\u015bciciel zwierz\u0119cia mo\u017ce sam zdecydowa\u0107, w kt\u00f3rej przychodni weterynaryjnej odb\u0119dzie si\u0119 zabieg. Do wyboru jest kilka miejsc i s\u0105 to: Przychodnia Weterynaryjna &#8222;SURWET&#8221; , Gabinet Weterynaryjny lek. wet. Piotr Wilk, Przychodnia Weterynaryjna &#8222;MACIEJKA&#8221; , LUBIWET S.C. Adresy i numery telefon\u00f3w do lecznic bior\u0105cych udzia\u0142 w programie dost\u0119pne s\u0105 na : <a href=\"https:\/\/www.facebook.com\/MiastoLubliniecOfficial\/\" target=\"_blank\" rel=\"noopener\">https:\/\/www.facebook.com\/MiastoLubliniecOfficial\/<\/a> oraz na <a href=\"https:\/\/lubliniec.eu\/aktualnosc\/informacja-w-sprawie-darmowej-kastracji-kotow-lub-psow-w-ramach-budzetu-obywatelskiego\" target=\"_blank\" rel=\"noopener\">https:\/\/lubliniec.eu\/aktualnosc\/informacja-w-sprawie-darmowej-kastracji-kotow-lub-psow-w-ramach-budzetu-obywatelskiego<\/a><\/p>\n\n\n\n<p>Z mo\u017cliwo\u015bci darmowej sterylizacji i kastracji zwierz\u0105t, mog\u0105 skorzysta\u0107 tylko mieszka\u0144cy Lubli\u0144ca, po wcze\u015bniejszym z\u0142o\u017ceniu wniosku.<\/p>\n\n\n\n<p>Szacowany termin sk\u0142adania wniosk\u00f3w to 21 pa\u017adziernika 2022, jednak jest on zale\u017cny od wyczerpania si\u0119 \u015brodk\u00f3w finansowych na realizacj\u0119 tego zadania.<\/p>\n\n\n\n<p>Wnioski mo\u017cna sk\u0142ada\u0107 w Centrum Obs\u0142ugi Mieszka\u0144c\u00f3w Urz\u0119du Miejskiego w Lubli\u0144cu przy ul. Paderewskiego 7A, a tak\u017ce elektronicznie na adres skrzynki podawczej Urz\u0119du Miejskiego w Lubli\u0144cu w systemie ePUAP.<\/p>\n\n\n\n<p>Po pozytywnym rozpatrzeniu wniosku nale\u017cy um\u00f3wi\u0107 si\u0119 na wizyt\u0119 w lecznicy weterynaryjnej.<\/p>\n\n\n\n<p>Szczeg\u00f3\u0142owe informacje udzielane s\u0105 pod numerem telefonu: 34 353 01 00 wew. 171.<\/p>\n","protected":false},"excerpt":{"rendered":"<p>W\u0142a\u015bciciele ps\u00f3w i kot\u00f3w, mieszkaj\u0105cy w Lubli\u0144cu, mog\u0105 skorzysta\u0107 z darmowego programu kastracji i sterylizacji swoich pupili. Trwa przyjmowanie wniosk\u00f3w. Program realizowany jest w<\/p>\n","protected":false},"author":24,"featured_media":79892,"comment_status":"closed","ping_status":"open","sticky":false,"template":"","format":"standard","meta":{"_monsterinsights_skip_tracking":false,"_monsterinsights_sitenote_active":false,"_monsterinsights_sitenote_note":"","_monsterinsights_sitenote_category":0,"_uf_show_specific_survey":0,"_uf_disable_surveys":false,"footnotes":""},"categories":[25,17,4],"tags":[87,4852,768,104,4853,116,1688],"class_list":["post-79889","post","type-post","status-publish","format-standard","has-post-thumbnail","hentry","category-lubliniec","category-dom","category-region","tag-budzet-pbywatrlski","tag-kastracja-i-sterylizacja","tag-koty","tag-lubliniec","tag-przychodnia","tag-psy","tag-wnioski"],"_links":{"self":[{"href":"https:\/\/gazetaregionalna.com\/index.php?rest_route=\/wp\/v2\/posts\/79889","targetHints":{"allow":["GET"]}}],"collection":[{"href":"https:\/\/gazetaregionalna.com\/index.php?rest_route=\/wp\/v2\/posts"}],"about":[{"href":"https:\/\/gazetaregionalna.com\/index.php?rest_route=\/wp\/v2\/types\/post"}],"author":[{"embeddable":true,"href":"https:\/\/gazetaregionalna.com\/index.php?rest_route=\/wp\/v2\/users\/24"}],"replies":[{"embeddable":true,"href":"https:\/\/gazetaregionalna.com\/index.php?rest_route=%2Fwp%2Fv2%2Fcomments&post=79889"}],"version-history":[{"count":1,"href":"https:\/\/gazetaregionalna.com\/index.php?rest_route=\/wp\/v2\/posts\/79889\/revisions"}],"predecessor-version":[{"id":79890,"href":"https:\/\/gazetaregionalna.com\/index.php?rest_route=\/wp\/v2\/posts\/79889\/revisions\/79890"}],"wp:featuredmedia":[{"embeddable":true,"href":"https:\/\/gazetaregionalna.com\/index.php?rest_route=\/wp\/v2\/media\/79892"}],"wp:attachment":[{"href":"https:\/\/gazetaregionalna.com\/index.php?rest_route=%2Fwp%2Fv2%2Fmedia&parent=79889"}],"wp:term":[{"taxonomy":"category","embeddable":true,"href":"https:\/\/gazetaregionalna.com\/index.php?rest_route=%2Fwp%2Fv2%2Fcategories&post=79889"},{"taxonomy":"post_tag","embeddable":true,"href":"https:\/\/gazetaregionalna.com\/index.php?rest_route=%2Fwp%2Fv2%2Ftags&post=79889"}],"curies":[{"name":"wp","href":"https:\/\/api.w.org\/{rel}","templated":true}]}}