{"id":79884,"date":"2022-05-16T15:05:29","date_gmt":"2022-05-16T15:05:29","guid":{"rendered":"https:\/\/gazetaregionalna.com\/?p=79884"},"modified":"2022-05-16T15:05:30","modified_gmt":"2022-05-16T15:05:30","slug":"kolejny-mecz-u-24-ekstraligi-we-wtorek-w-czestochowie","status":"publish","type":"post","link":"https:\/\/gazetaregionalna.com\/?p=79884","title":{"rendered":"Kolejny mecz U-24 Ekstraligi we wtorek w Cz\u0119stochowie"},"content":{"rendered":"\n<p>We wtorek 17 maja zaplanowana jest 4. kolejka w U-24 Ekstralidze. W\u0142\u00f3kniarz na torze w Cz\u0119stochowie podejmowa\u0107 b\u0119dzie WTS Spart\u0119 Wroc\u0142aw. Pocz\u0105tek meczu o godz. 17.<\/p>\n\n\n\n<p>Obydwie dru\u017cyny w tym sezonie jeszcze nie wygra\u0142y spotkania. Cz\u0119stochowianie maj\u0105 na koncie 2 pora\u017cki, a wroc\u0142awianie 3 przegrane. We wtorek cz\u0119stochowskie \u201eLwy\u201d b\u0119d\u0105 mia\u0142y szans\u0119 na pierwsze zwyci\u0119stwo.<\/p>\n\n\n\n<p>Kadra W\u0142\u00f3kniarza Cz\u0119stochowa na mecze w U-24 Ekstralidze: Kadra U24 W\u0142\u00f3kniarza Cz\u0119stochowa: Mitchell Cluff, Jordan Jenkins, Kajetan Kupiec, Jonas Jeppesen, Andriy Rozaliuk, Kamil Kr\u00f3l, Jakub Martyniak i Sam Hagon.<\/p>\n\n\n\n<p>WTS Sparta Wroc\u0142aw w ostatnim meczu jecha\u0142a w sk\u0142adzie: Micha\u0142 Curzytek, Jack Smith, Sandro Wassermann, Mateusz Panicz, Lukas Baumann, Jakub Wiatrowski i Dawid Rybak.<\/p>\n\n\n\n<p>Wtorkowy mecz rozpocznie si\u0119 o godz. 17. Bilety wyceniono na 15 z\u0142, a programy na 3 z\u0142. M\u0142odzie\u017c do lat 12 i posiadacze karnet\u00f3w maj\u0105 zapewniony wst\u0119p wolny.<\/p>\n\n\n\n<p>AK, foto: AK<\/p>\n\n\n\n<figure class=\"wp-block-image size-large\"><img decoding=\"async\" width=\"1024\" height=\"683\" data-src=\"https:\/\/gazetaregionalna.com\/wp-content\/uploads\/2022\/04\/CKMU24-77-1024x683.jpg\" alt=\"\" class=\"wp-image-77676 lazyload\" data-srcset=\"https:\/\/gazetaregionalna.com\/wp-content\/uploads\/2022\/04\/CKMU24-77-1024x683.jpg 1024w, https:\/\/gazetaregionalna.com\/wp-content\/uploads\/2022\/04\/CKMU24-77-300x200.jpg 300w, https:\/\/gazetaregionalna.com\/wp-content\/uploads\/2022\/04\/CKMU24-77-768x512.jpg 768w, https:\/\/gazetaregionalna.com\/wp-content\/uploads\/2022\/04\/CKMU24-77-1536x1024.jpg 1536w, https:\/\/gazetaregionalna.com\/wp-content\/uploads\/2022\/04\/CKMU24-77-2048x1365.jpg 2048w, https:\/\/gazetaregionalna.com\/wp-content\/uploads\/2022\/04\/CKMU24-77-696x464.jpg 696w, https:\/\/gazetaregionalna.com\/wp-content\/uploads\/2022\/04\/CKMU24-77-1068x712.jpg 1068w, https:\/\/gazetaregionalna.com\/wp-content\/uploads\/2022\/04\/CKMU24-77-1920x1280.jpg 1920w, https:\/\/gazetaregionalna.com\/wp-content\/uploads\/2022\/04\/CKMU24-77-630x420.jpg 630w, https:\/\/gazetaregionalna.com\/wp-content\/uploads\/2022\/04\/CKMU24-77-scaled.jpg 1600w\" data-sizes=\"(max-width: 1024px) 100vw, 1024px\" src=\"data:image\/svg+xml;base64,PHN2ZyB3aWR0aD0iMSIgaGVpZ2h0PSIxIiB4bWxucz0iaHR0cDovL3d3dy53My5vcmcvMjAwMC9zdmciPjwvc3ZnPg==\" style=\"--smush-placeholder-width: 1024px; --smush-placeholder-aspect-ratio: 1024\/683;\" \/><\/figure>\n\n\n\n<figure class=\"wp-block-image size-large\"><img decoding=\"async\" width=\"300\" height=\"250\" data-src=\"https:\/\/gazetaregionalna.com\/wp-content\/uploads\/2022\/04\/DMK-7.jpg\" alt=\"\" class=\"wp-image-77214 lazyload\" src=\"data:image\/svg+xml;base64,PHN2ZyB3aWR0aD0iMSIgaGVpZ2h0PSIxIiB4bWxucz0iaHR0cDovL3d3dy53My5vcmcvMjAwMC9zdmciPjwvc3ZnPg==\" style=\"--smush-placeholder-width: 300px; --smush-placeholder-aspect-ratio: 300\/250;\"><\/figure>\n\n\n\n<figure class=\"wp-block-image size-large\"><img decoding=\"async\" width=\"1024\" height=\"683\" data-src=\"https:\/\/gazetaregionalna.com\/wp-content\/uploads\/2022\/04\/CKMU24-73-1024x683.jpg\" alt=\"\" class=\"wp-image-77672 lazyload\" data-srcset=\"https:\/\/gazetaregionalna.com\/wp-content\/uploads\/2022\/04\/CKMU24-73-1024x683.jpg 1024w, https:\/\/gazetaregionalna.com\/wp-content\/uploads\/2022\/04\/CKMU24-73-300x200.jpg 300w, https:\/\/gazetaregionalna.com\/wp-content\/uploads\/2022\/04\/CKMU24-73-768x512.jpg 768w, https:\/\/gazetaregionalna.com\/wp-content\/uploads\/2022\/04\/CKMU24-73-1536x1024.jpg 1536w, https:\/\/gazetaregionalna.com\/wp-content\/uploads\/2022\/04\/CKMU24-73-2048x1365.jpg 2048w, https:\/\/gazetaregionalna.com\/wp-content\/uploads\/2022\/04\/CKMU24-73-696x464.jpg 696w, https:\/\/gazetaregionalna.com\/wp-content\/uploads\/2022\/04\/CKMU24-73-1068x712.jpg 1068w, https:\/\/gazetaregionalna.com\/wp-content\/uploads\/2022\/04\/CKMU24-73-1920x1280.jpg 1920w, https:\/\/gazetaregionalna.com\/wp-content\/uploads\/2022\/04\/CKMU24-73-630x420.jpg 630w, https:\/\/gazetaregionalna.com\/wp-content\/uploads\/2022\/04\/CKMU24-73-scaled.jpg 1600w\" data-sizes=\"(max-width: 1024px) 100vw, 1024px\" src=\"data:image\/svg+xml;base64,PHN2ZyB3aWR0aD0iMSIgaGVpZ2h0PSIxIiB4bWxucz0iaHR0cDovL3d3dy53My5vcmcvMjAwMC9zdmciPjwvc3ZnPg==\" style=\"--smush-placeholder-width: 1024px; --smush-placeholder-aspect-ratio: 1024\/683;\" \/><\/figure>\n\n\n\n<figure class=\"wp-block-image size-large\"><img decoding=\"async\" width=\"1024\" height=\"683\" data-src=\"https:\/\/gazetaregionalna.com\/wp-content\/uploads\/2022\/04\/CKMU24-66-1024x683.jpg\" alt=\"\" class=\"wp-image-77665 lazyload\" data-srcset=\"https:\/\/gazetaregionalna.com\/wp-content\/uploads\/2022\/04\/CKMU24-66-1024x683.jpg 1024w, https:\/\/gazetaregionalna.com\/wp-content\/uploads\/2022\/04\/CKMU24-66-300x200.jpg 300w, https:\/\/gazetaregionalna.com\/wp-content\/uploads\/2022\/04\/CKMU24-66-768x512.jpg 768w, https:\/\/gazetaregionalna.com\/wp-content\/uploads\/2022\/04\/CKMU24-66-1536x1024.jpg 1536w, https:\/\/gazetaregionalna.com\/wp-content\/uploads\/2022\/04\/CKMU24-66-2048x1365.jpg 2048w, https:\/\/gazetaregionalna.com\/wp-content\/uploads\/2022\/04\/CKMU24-66-696x464.jpg 696w, https:\/\/gazetaregionalna.com\/wp-content\/uploads\/2022\/04\/CKMU24-66-1068x712.jpg 1068w, https:\/\/gazetaregionalna.com\/wp-content\/uploads\/2022\/04\/CKMU24-66-1920x1280.jpg 1920w, https:\/\/gazetaregionalna.com\/wp-content\/uploads\/2022\/04\/CKMU24-66-630x420.jpg 630w, https:\/\/gazetaregionalna.com\/wp-content\/uploads\/2022\/04\/CKMU24-66-scaled.jpg 1600w\" data-sizes=\"(max-width: 1024px) 100vw, 1024px\" src=\"data:image\/svg+xml;base64,PHN2ZyB3aWR0aD0iMSIgaGVpZ2h0PSIxIiB4bWxucz0iaHR0cDovL3d3dy53My5vcmcvMjAwMC9zdmciPjwvc3ZnPg==\" style=\"--smush-placeholder-width: 1024px; --smush-placeholder-aspect-ratio: 1024\/683;\" \/><\/figure>\n","protected":false},"excerpt":{"rendered":"<p>We wtorek 17 maja zaplanowana jest 4. kolejka w U-24 Ekstralidze. W\u0142\u00f3kniarz na torze w Cz\u0119stochowie podejmowa\u0107 b\u0119dzie WTS Spart\u0119 Wroc\u0142aw. Pocz\u0105tek meczu o<\/p>\n","protected":false},"author":15,"featured_media":77675,"comment_status":"closed","ping_status":"open","sticky":false,"template":"","format":"standard","meta":{"_monsterinsights_skip_tracking":false,"_monsterinsights_sitenote_active":false,"_monsterinsights_sitenote_note":"","_monsterinsights_sitenote_category":0,"_uf_show_specific_survey":0,"_uf_disable_surveys":false,"footnotes":""},"categories":[5,7],"tags":[],"class_list":["post-79884","post","type-post","status-publish","format-standard","has-post-thumbnail","hentry","category-sport","category-zuzel"],"_links":{"self":[{"href":"https:\/\/gazetaregionalna.com\/index.php?rest_route=\/wp\/v2\/posts\/79884","targetHints":{"allow":["GET"]}}],"collection":[{"href":"https:\/\/gazetaregionalna.com\/index.php?rest_route=\/wp\/v2\/posts"}],"about":[{"href":"https:\/\/gazetaregionalna.com\/index.php?rest_route=\/wp\/v2\/types\/post"}],"author":[{"embeddable":true,"href":"https:\/\/gazetaregionalna.com\/index.php?rest_route=\/wp\/v2\/users\/15"}],"replies":[{"embeddable":true,"href":"https:\/\/gazetaregionalna.com\/index.php?rest_route=%2Fwp%2Fv2%2Fcomments&post=79884"}],"version-history":[{"count":1,"href":"https:\/\/gazetaregionalna.com\/index.php?rest_route=\/wp\/v2\/posts\/79884\/revisions"}],"predecessor-version":[{"id":79885,"href":"https:\/\/gazetaregionalna.com\/index.php?rest_route=\/wp\/v2\/posts\/79884\/revisions\/79885"}],"wp:featuredmedia":[{"embeddable":true,"href":"https:\/\/gazetaregionalna.com\/index.php?rest_route=\/wp\/v2\/media\/77675"}],"wp:attachment":[{"href":"https:\/\/gazetaregionalna.com\/index.php?rest_route=%2Fwp%2Fv2%2Fmedia&parent=79884"}],"wp:term":[{"taxonomy":"category","embeddable":true,"href":"https:\/\/gazetaregionalna.com\/index.php?rest_route=%2Fwp%2Fv2%2Fcategories&post=79884"},{"taxonomy":"post_tag","embeddable":true,"href":"https:\/\/gazetaregionalna.com\/index.php?rest_route=%2Fwp%2Fv2%2Ftags&post=79884"}],"curies":[{"name":"wp","href":"https:\/\/api.w.org\/{rel}","templated":true}]}}