{"id":79644,"date":"2022-05-13T22:43:36","date_gmt":"2022-05-13T22:43:36","guid":{"rendered":"https:\/\/gazetaregionalna.com\/?p=79644"},"modified":"2022-05-14T22:03:45","modified_gmt":"2022-05-14T22:03:45","slug":"zapraszamy-na-targi-oraz-jarmark","status":"publish","type":"post","link":"https:\/\/gazetaregionalna.com\/?p=79644","title":{"rendered":"Zapraszamy na weekendowe Targi Budownictwa i Wyposa\u017cenia Wn\u0119trz oraz jarmark!"},"content":{"rendered":"\n<h2 class=\"wp-block-heading\">Weekend 14 i 15 maja up\u0142ynie w cz\u0119stochowskich Alejach pod has\u0142em Targ\u00f3w Budownictwa i Wyposa\u017cenia Wn\u0119trz oraz jarmarku. Na obie imprezy zaprasza \u201eGazeta Regionalna\u201d.<\/h2>\n\n\n\n<p>Na dwudniowe <a href=\"https:\/\/www.facebook.com\/events\/351415150303883\" target=\"_blank\" rel=\"noopener\">Targi Budownictwa i Wyposa\u017cenia Wn\u0119trz<\/a> zapraszamy do IV LO im. H. Sienkiewicza przy Al. NMP 56. Wydarzenie odbywa si\u0119 pod patronatem honorowym Prezydenta Miasta Cz\u0119stochowy Krzysztofa Matyjaszczyka.<\/p>\n\n\n\n<p>W\u015br\u00f3d wystawc\u00f3w znajd\u0105 si\u0119 m.in. deweloperzy, biura nieruchomo\u015bci oraz producenci i dystrybutorzy materia\u0142\u00f3w budowlanych. Udzia\u0142 w targach b\u0119dzie okazj\u0105 do tego, by zapozna\u0107 si\u0119 z nowo\u015bciami rynku deweloperskiego oraz ofertami agencji nieruchomo\u015bci.<\/p>\n\n\n\n<figure class=\"wp-block-image size-large\"><img decoding=\"async\" width=\"1024\" height=\"536\" data-src=\"https:\/\/gazetaregionalna.com\/wp-content\/uploads\/2022\/05\/279702846_1340844776414857_3557212005909980722_n-1024x536.jpg\" alt=\"\" class=\"wp-image-79647 lazyload\" data-srcset=\"https:\/\/gazetaregionalna.com\/wp-content\/uploads\/2022\/05\/279702846_1340844776414857_3557212005909980722_n-1024x536.jpg 1024w, https:\/\/gazetaregionalna.com\/wp-content\/uploads\/2022\/05\/279702846_1340844776414857_3557212005909980722_n-300x157.jpg 300w, https:\/\/gazetaregionalna.com\/wp-content\/uploads\/2022\/05\/279702846_1340844776414857_3557212005909980722_n-768x402.jpg 768w, https:\/\/gazetaregionalna.com\/wp-content\/uploads\/2022\/05\/279702846_1340844776414857_3557212005909980722_n-696x364.jpg 696w, https:\/\/gazetaregionalna.com\/wp-content\/uploads\/2022\/05\/279702846_1340844776414857_3557212005909980722_n-1068x559.jpg 1068w, https:\/\/gazetaregionalna.com\/wp-content\/uploads\/2022\/05\/279702846_1340844776414857_3557212005909980722_n-803x420.jpg 803w, https:\/\/gazetaregionalna.com\/wp-content\/uploads\/2022\/05\/279702846_1340844776414857_3557212005909980722_n.jpg 1200w\" data-sizes=\"(max-width: 1024px) 100vw, 1024px\" src=\"data:image\/svg+xml;base64,PHN2ZyB3aWR0aD0iMSIgaGVpZ2h0PSIxIiB4bWxucz0iaHR0cDovL3d3dy53My5vcmcvMjAwMC9zdmciPjwvc3ZnPg==\" style=\"--smush-placeholder-width: 1024px; --smush-placeholder-aspect-ratio: 1024\/536;\" \/><figcaption>Targi Budownictwa i Wyposa\u017cenia Wn\u0119trz<\/figcaption><\/figure>\n\n\n\n<p>Ka\u017cdy, kto zastanawia si\u0119 nad budow\u0105 czy wyko\u0144czeniem w\u0142asnego domu, znajdzie tu szereg inspiracji \u2013 od dachu oraz sufitu, okien, rolet i \u017caluzji a\u017c po drzwi. Zainteresowani dowiedz\u0105 si\u0119 wszystkiego na temat ekologicznych \u017ar\u00f3de\u0142 energii i tego, jakie nowoczesne technologie i rozwi\u0105zania warto wdro\u017cy\u0107, \u017ceby nasz dom by\u0142 energooszcz\u0119dny. Fachowcy odpowiedz\u0105 wi\u0119c m.in. na wszelkie pytania zwi\u0105zane z fotowoltaik\u0105 czy pompami ciep\u0142a.<\/p>\n\n\n\n<p>W ofercie sprzedawc\u00f3w znajd\u0105 si\u0119 te\u017c kominki, kt\u00f3re nadadz\u0105 oryginalnego klimatu ka\u017cdemu pomieszczeniu oraz nowoczesne grille, kt\u00f3re s\u0105 niezb\u0119dne w sezonie letnim.<\/p>\n\n\n\n<figure class=\"wp-block-image size-large\"><img decoding=\"async\" width=\"1024\" height=\"768\" data-src=\"https:\/\/gazetaregionalna.com\/wp-content\/uploads\/2022\/05\/IMG_2670-1024x768.jpg\" alt=\"\" class=\"wp-image-79649 lazyload\" data-srcset=\"https:\/\/gazetaregionalna.com\/wp-content\/uploads\/2022\/05\/IMG_2670-1024x768.jpg 1024w, https:\/\/gazetaregionalna.com\/wp-content\/uploads\/2022\/05\/IMG_2670-300x225.jpg 300w, https:\/\/gazetaregionalna.com\/wp-content\/uploads\/2022\/05\/IMG_2670-768x576.jpg 768w, https:\/\/gazetaregionalna.com\/wp-content\/uploads\/2022\/05\/IMG_2670-1536x1152.jpg 1536w, https:\/\/gazetaregionalna.com\/wp-content\/uploads\/2022\/05\/IMG_2670-2048x1536.jpg 2048w, https:\/\/gazetaregionalna.com\/wp-content\/uploads\/2022\/05\/IMG_2670-696x522.jpg 696w, https:\/\/gazetaregionalna.com\/wp-content\/uploads\/2022\/05\/IMG_2670-1068x801.jpg 1068w, https:\/\/gazetaregionalna.com\/wp-content\/uploads\/2022\/05\/IMG_2670-1920x1440.jpg 1920w, https:\/\/gazetaregionalna.com\/wp-content\/uploads\/2022\/05\/IMG_2670-560x420.jpg 560w, https:\/\/gazetaregionalna.com\/wp-content\/uploads\/2022\/05\/IMG_2670-80x60.jpg 80w, https:\/\/gazetaregionalna.com\/wp-content\/uploads\/2022\/05\/IMG_2670-265x198.jpg 265w, https:\/\/gazetaregionalna.com\/wp-content\/uploads\/2022\/05\/IMG_2670-scaled.jpg 1600w\" data-sizes=\"(max-width: 1024px) 100vw, 1024px\" src=\"data:image\/svg+xml;base64,PHN2ZyB3aWR0aD0iMSIgaGVpZ2h0PSIxIiB4bWxucz0iaHR0cDovL3d3dy53My5vcmcvMjAwMC9zdmciPjwvc3ZnPg==\" style=\"--smush-placeholder-width: 1024px; --smush-placeholder-aspect-ratio: 1024\/768;\" \/><figcaption>fot. Heathome<\/figcaption><\/figure>\n\n\n\n<p>Wystawcy przyjd\u0105 z pomoc\u0105 r\u00f3wnie\u017c tym, kt\u00f3rzy planuj\u0105 remont lub wyko\u0144czenie mieszkania. Zwiedzaj\u0105cy mog\u0105 bowiem liczy\u0107 na wskaz\u00f3wki dotycz\u0105ce trend\u00f3w obowi\u0105zuj\u0105cych nie tylko w budownictwie, ale te\u017c aran\u017cacji wn\u0119trz.<\/p>\n\n\n\n<p>Atrakcj\u0105 nie tylko dla najm\u0142odszych b\u0119dzie z pewno\u015bci\u0105 prezentacja koparek i maszyn drogowych.  <\/p>\n\n\n\n<p>Targi Budownictwa i Wyposa\u017cenia Wn\u0119trz b\u0119d\u0105 doskona\u0142\u0105 okazj\u0105 do osobistych spotka\u0144 i rozm\u00f3w ze specjalistami. Partnerem targ\u00f3w s\u0105 firmy Sverum i Notus.<\/p>\n\n\n\n<h4 class=\"wp-block-heading\">Targi w IV LO, a w III Alei stanie jarmark!<\/h4>\n\n\n\n<figure class=\"wp-block-image size-large\"><img decoding=\"async\" width=\"1024\" height=\"536\" data-src=\"https:\/\/gazetaregionalna.com\/wp-content\/uploads\/2022\/05\/278921622_1335054020327266_7884937072992669363_n-1024x536.jpg\" alt=\"\" class=\"wp-image-79648 lazyload\" data-srcset=\"https:\/\/gazetaregionalna.com\/wp-content\/uploads\/2022\/05\/278921622_1335054020327266_7884937072992669363_n-1024x536.jpg 1024w, https:\/\/gazetaregionalna.com\/wp-content\/uploads\/2022\/05\/278921622_1335054020327266_7884937072992669363_n-300x157.jpg 300w, https:\/\/gazetaregionalna.com\/wp-content\/uploads\/2022\/05\/278921622_1335054020327266_7884937072992669363_n-768x402.jpg 768w, https:\/\/gazetaregionalna.com\/wp-content\/uploads\/2022\/05\/278921622_1335054020327266_7884937072992669363_n-696x364.jpg 696w, https:\/\/gazetaregionalna.com\/wp-content\/uploads\/2022\/05\/278921622_1335054020327266_7884937072992669363_n-1068x559.jpg 1068w, https:\/\/gazetaregionalna.com\/wp-content\/uploads\/2022\/05\/278921622_1335054020327266_7884937072992669363_n-803x420.jpg 803w, https:\/\/gazetaregionalna.com\/wp-content\/uploads\/2022\/05\/278921622_1335054020327266_7884937072992669363_n.jpg 1200w\" data-sizes=\"(max-width: 1024px) 100vw, 1024px\" src=\"data:image\/svg+xml;base64,PHN2ZyB3aWR0aD0iMSIgaGVpZ2h0PSIxIiB4bWxucz0iaHR0cDovL3d3dy53My5vcmcvMjAwMC9zdmciPjwvc3ZnPg==\" style=\"--smush-placeholder-width: 1024px; --smush-placeholder-aspect-ratio: 1024\/536;\" \/><figcaption>Jarmark z &#8222;Gazet\u0105 Regionaln\u0105&#8221;<\/figcaption><\/figure>\n\n\n\n<p>Imprezie w IV LO towarzyszy\u0107 b\u0119dzie <a href=\"https:\/\/www.facebook.com\/events\/5277815299005222\" target=\"_blank\" rel=\"noopener\">\u201eJarmark z Gazet\u0105 Regionaln\u0105\u201d<\/a>, kt\u00f3ry odb\u0119dzie si\u0119 w pasa\u017cu III Al. NMP. Wystawcy zaprezentuj\u0105 gustowne r\u0119kodzie\u0142o (w tym wyroby z wikliny), ceramik\u0119, r\u0119cznie wykonan\u0105 bi\u017cuteri\u0119 (tak\u017ce z kamieni naturalnych) czy ozdobne wianki, kt\u00f3re o\u017cywi\u0105 wystr\u00f3j ka\u017cdego wn\u0119trza. Swoj\u0105 oryginalno\u015bci\u0105 wzrok przyci\u0105gn\u0105 te\u017c na pewno stoiska z peruwia\u0144ska odzie\u017c\u0105 i g\u00f3ralskimi strojami. Dla tych, kt\u00f3rzy szukaj\u0105 mi\u0142ych, drobnych upomink\u00f3w dobry rozwi\u0105zaniem b\u0119d\u0105 za\u015b np. kadzide\u0142ka czy naturalne, pi\u0119knie pachn\u0105ce myd\u0142a.<\/p>\n\n\n\n<p>Oczywi\u015bcie nie zabraknie oferty dla smakoszy. Jarmark obfitowa\u0142 b\u0119dzie w sery podhala\u0144skie, miody (r\u00f3wnie\u017c pitne), domowe w\u0119dliny, cha\u0142wy oraz zio\u0142a i kulebiaki z Podlasia. Och\u0142od\u0119 przyniesie kraftowe piwo, domowa lemoniada i orze\u017awiaj\u0105ce sorbety. Odpowiedni\u0105 dawk\u0119 s\u0142odko\u015bci zapewni\u0105 m.in. lody rzemie\u015blnicze, gofry i p\u0105czki. Podczas jarmarku przek\u0105si\u0107 b\u0119dzie mo\u017cna te\u017c np. frytki \u2013 zar\u00f3wno tradycyjne, jak i \u201ezakr\u0119cone\u201d.<\/p>\n\n\n\n<p>Najm\u0142odszych z pewno\u015bci\u0105 uciesz\u0105 stoiska z zabawkami, balonami, s\u0142odyczami i wat\u0105 cukrow\u0105. Z my\u015bl\u0105 o nich na imprezie pojawi\u0105 si\u0119 tak\u017ce inne atrakcje, kt\u00f3re zapewni\u0105 im kreatywnie sp\u0119dzony czas, a rodzicom i opiekunom spokojne zakupy.<\/p>\n\n\n\n<p>Zar\u00f3wno targi, jak i jarmark odbywa\u0107 si\u0119 b\u0119d\u0105 od godz. 10 do 18. Wst\u0119p jest wolny.<\/p>\n\n\n\n<p><strong>ZS<\/strong><\/p>\n","protected":false},"excerpt":{"rendered":"<p>Weekend 14 i 15 maja up\u0142ynie w cz\u0119stochowskich Alejach pod has\u0142em Targ\u00f3w Budownictwa i Wyposa\u017cenia Wn\u0119trz oraz jarmarku. Na obie imprezy zaprasza \u201eGazeta Regionalna\u201d.<\/p>\n","protected":false},"author":18,"featured_media":79646,"comment_status":"closed","ping_status":"open","sticky":false,"template":"","format":"standard","meta":{"_monsterinsights_skip_tracking":false,"_monsterinsights_sitenote_active":false,"_monsterinsights_sitenote_note":"","_monsterinsights_sitenote_category":0,"_uf_show_specific_survey":0,"_uf_disable_surveys":false,"footnotes":""},"categories":[3,43,17,12,4,2],"tags":[4827,3421,4721],"class_list":["post-79644","post","type-post","status-publish","format-standard","has-post-thumbnail","hentry","category-czestochowa-informacje","category-biznes","category-dom","category-kultura-i-rozrywka","category-region","category-wiadomosci","tag-gazeta-regionalna","tag-jarmark","tag-targi-budownictwa-i-wyposazenia-wnetrz"],"_links":{"self":[{"href":"https:\/\/gazetaregionalna.com\/index.php?rest_route=\/wp\/v2\/posts\/79644","targetHints":{"allow":["GET"]}}],"collection":[{"href":"https:\/\/gazetaregionalna.com\/index.php?rest_route=\/wp\/v2\/posts"}],"about":[{"href":"https:\/\/gazetaregionalna.com\/index.php?rest_route=\/wp\/v2\/types\/post"}],"author":[{"embeddable":true,"href":"https:\/\/gazetaregionalna.com\/index.php?rest_route=\/wp\/v2\/users\/18"}],"replies":[{"embeddable":true,"href":"https:\/\/gazetaregionalna.com\/index.php?rest_route=%2Fwp%2Fv2%2Fcomments&post=79644"}],"version-history":[{"count":2,"href":"https:\/\/gazetaregionalna.com\/index.php?rest_route=\/wp\/v2\/posts\/79644\/revisions"}],"predecessor-version":[{"id":79650,"href":"https:\/\/gazetaregionalna.com\/index.php?rest_route=\/wp\/v2\/posts\/79644\/revisions\/79650"}],"wp:featuredmedia":[{"embeddable":true,"href":"https:\/\/gazetaregionalna.com\/index.php?rest_route=\/wp\/v2\/media\/79646"}],"wp:attachment":[{"href":"https:\/\/gazetaregionalna.com\/index.php?rest_route=%2Fwp%2Fv2%2Fmedia&parent=79644"}],"wp:term":[{"taxonomy":"category","embeddable":true,"href":"https:\/\/gazetaregionalna.com\/index.php?rest_route=%2Fwp%2Fv2%2Fcategories&post=79644"},{"taxonomy":"post_tag","embeddable":true,"href":"https:\/\/gazetaregionalna.com\/index.php?rest_route=%2Fwp%2Fv2%2Ftags&post=79644"}],"curies":[{"name":"wp","href":"https:\/\/api.w.org\/{rel}","templated":true}]}}