{"id":79475,"date":"2022-05-13T07:34:50","date_gmt":"2022-05-13T07:34:50","guid":{"rendered":"https:\/\/gazetaregionalna.com\/?p=79475"},"modified":"2022-05-13T07:34:51","modified_gmt":"2022-05-13T07:34:51","slug":"joga-w-parku-korzonek","status":"publish","type":"post","link":"https:\/\/gazetaregionalna.com\/?p=79475","title":{"rendered":"15 maja \u2013 joga w Parku Korzonek, czyli wypoczynek dla cia\u0142a i umys\u0142u na \u0142onie natury"},"content":{"rendered":"\n<p><strong>Ju\u017c 15 maja w Parku Korzonek o godzinie 10.00 odb\u0119dzie si\u0119 1,5 godzinna joga. Wystarczy ubra\u0107 si\u0119 w wygodny str\u00f3j i przyjecha\u0107 na zaj\u0119cia do Parku. Tutaj odpocznie zar\u00f3wno Twoje cia\u0142o, jak i umys\u0142.<\/strong><\/p>\n\n\n\n<p>Zaj\u0119cia jogi odb\u0119d\u0105 si\u0119 na \u0142onie natury, z dala od zgie\u0142ku miasta. Koszt zaj\u0119\u0107 wynosi 40 z\u0142, p\u0142atne w kasie na terenie Parku Korzonek. Jedynym warunkiem jest wygodny str\u00f3j, w kt\u00f3rym mo\u017cna przyjecha\u0107 lub przywie\u017a\u0107 go ze sob\u0105. Ka\u017cda osoba na czas zaj\u0119\u0107 otrzyma pe\u0142ny zestaw do jogi.<br><br>Na zaj\u0119cia jogi mog\u0105 przyj\u015b\u0107 osoby doros\u0142e oraz dzieci powy\u017cej 14 roku \u017cycia. Ilo\u015b\u0107 miejsc jest ograniczona, wej\u015bcie znajduje si\u0119 od strony parkingu. W przypadku z\u0142ych warunk\u00f3w atmosferycznych, zaj\u0119cia b\u0119d\u0105 odwo\u0142ane.<\/p>\n\n\n\n<p>\u0106wiczenia zostan\u0105 poprowadzone przez Macieja Hazelbacha &#8211; trenera personalnego cia\u0142a i umys\u0142u. Wi\u0119cej informacji na temat trenera znajduje si\u0119 pod tym<a href=\"https:\/\/www.facebook.com\/maciej.hazelbach\" target=\"_blank\" rel=\"noopener\"> linkiem<\/a>. Je\u015bli nie uda Ci si\u0119 pojawi\u0107 na zaj\u0119ciach 15 maja, nic straconego. Joga w Parku Korzonek odb\u0119dzie si\u0119 jeszcze 22 i 29 maja.<\/p>\n\n\n\n<p>Systematyczne zaj\u0119cia jogi przynosz\u0105 emocjonaln\u0105 ulg\u0119, poprawiaj\u0105 postaw\u0119 cia\u0142a, podnosz\u0105 odporno\u015b\u0107 organizmu, oraz redukuj\u0105 stres. Poza tym \u0142agodz\u0105 wszelkiego rodzaju b\u00f3le, w tym menstruacyjne, kr\u0119gos\u0142upa i zwi\u0119kszaj\u0105 elastyczno\u015b\u0107 cia\u0142a, reguluj\u0105 ci\u015bnienie krwi, a tak\u017ce odpr\u0119\u017caj\u0105.<\/p>\n\n\n\n<p>Masz stresuj\u0105c\u0105, wymagaj\u0105c\u0105 prac\u0119, du\u017co obowi\u0105zk\u00f3w lub \u017cyjesz w ci\u0105g\u0142ym biegu? Pozw\u00f3l swojemu cia\u0142u oraz umys\u0142owi na nabranie dystansu do codzienno\u015bci i wdro\u017cenie do swojego \u017cycia spokoju! To wszystko jest mo\u017cliwe, dzi\u0119ki zaj\u0119ciom jogi w Parku Korzonek. Tutaj naprawd\u0119 mo\u017cna wypocz\u0105\u0107!<\/p>\n\n\n\n<p>Zaj\u0119cia nie wykluczaj\u0105 pobytu w Parku Korzonek pozosta\u0142ych go\u015bci. 15 maja park b\u0119dzie otwarty tak, jak zwykle, czyli od godziny 10.00 do 20.00. Naprawd\u0119 warto odwiedzi\u0107 to miejsce. Jakie atrakcje czekaj\u0105 tutaj na Ciebie opr\u00f3cz zaj\u0119\u0107 jogi w najbli\u017cszym czasie?<\/p>\n\n\n\n<p><strong>Poznaj Park Korzonek, miejsce stworzone w zgodzie z natur\u0105<\/strong><\/p>\n\n\n\n<p>Na terenie 13-hektarowego parku na dzieci czekaj\u0105 takie atrakcje, jak park linowy o kilku stopniach trudno\u015bci, labirynt, tyrolka, hydropark, czy te\u017c bie\u017cnia ko\u0142owa, inaczej zwana ,,chomikiem\u201d. S\u0105 tutaj te\u017c gry dla wi\u0119kszej liczby os\u00f3b, jak np. hokej sto\u0142owy i kr\u0119gle.<\/p>\n\n\n\n<p>M\u0142odsze dzieci na pewno b\u0119d\u0105 zachwycone drewnianym ,,jaszczurem\u201d. Nie bez powodu w formie tego gada zosta\u0142a wykonana ta atrakcja. Park Korzonek znajduje si\u0119 bowiem na terenie Parku Krajobrazowego Lasy nad G\u00f3rn\u0105 Liswart\u0105, a jednym ze zwierz\u0105t, kt\u00f3re licznie wyst\u0119puje w tutejszych lasach, jest w\u0142a\u015bnie jaszczurka.<\/p>\n\n\n\n<p>Tereny le\u015bne, opr\u00f3cz jaszczurek stwarzaj\u0105 okazj\u0119 do obserwacji tak\u017ce innych gatunk\u00f3w, stanowi\u0105cych element dzikiej przyrody. W zwi\u0105zku z tym zobaczy\u0107 tu mo\u017cna pi\u0119knie ubarwionego dzi\u0119cio\u0142a zielonego, \u017cuka wiosennego, czy te\u017c ryj\u00f3wk\u0119 aksamitn\u0105. Podgl\u0105danie tych i innych stworze\u0144 u\u0142atwiaj\u0105 lornetki i lunety, zainstalowane na drewnianej ,,jaszczurce\u201d.<\/p>\n\n\n\n<p>Poza tym zobaczy\u0107 tu mo\u017cna prac\u0119 pszczelarza oraz liczne zwierz\u0119ta hodowlane, w tym kozy, alpaki, daniele, kury i kr\u00f3liki. Na terenie parku znajduj\u0105 si\u0119 r\u00f3wnie\u017c siatki do le\u017cenia, roz\u0142o\u017cone w\u015br\u00f3d drzew. Mo\u017cna na nich odpoczywa\u0107, podziwiaj\u0105c pi\u0119kno otaczaj\u0105cej przyrody. <\/p>\n\n\n\n<p>Aby z\u0142apa\u0107 chwil\u0119 oddechu po zwiedzaniu tego miejsca, warto przysi\u0105\u015b\u0107 w tutejszej kawiarni, w kt\u00f3rej mo\u017cna rozkoszowa\u0107 si\u0119 smakiem pysznych rzemie\u015blniczych lod\u00f3w i \u015bwie\u017co zmielonej kawy.<\/p>\n\n\n\n<p>Ogromna powierzchnia parku sprawia, \u017ce mo\u017cna po niej spacerowa\u0107 podobnie, jak po lesie, z t\u0105 r\u00f3\u017cnic\u0105, \u017ce s\u0105 tutaj wyznaczone \u015bcie\u017cki oraz miejsca, na kt\u00f3rych mo\u017cna usi\u0105\u015b\u0107 i odpocz\u0105\u0107, oddychaj\u0105c le\u015bnym powietrzem, przesi\u0105kni\u0119tym zapachem \u017cywicy i mchu.<\/p>\n\n\n\n<p>W celu uzyskania szczeg\u00f3\u0142owych informacji nt. Parku Korzonek, czy odbywaj\u0105cych si\u0119 tam zaj\u0119\u0107, warto odwiedzi\u0107 <a href=\"https:\/\/www.facebook.com\/parkkorzonek\" target=\"_blank\" rel=\"noopener\">facebookow\u0105 stron\u0119<\/a> tego miejsca, a tak\u017ce <a href=\"https:\/\/www.instagram.com\/parkkorzonek\/\" target=\"_blank\" rel=\"noopener\">intagrama<\/a> i oficjaln\u0105 <a href=\"https:\/\/parkkorzonek.pl\/\" target=\"_blank\" rel=\"noopener\">stron\u0119 internetow\u0105<\/a>. Mo\u017cesz tak\u017ce przeczyta\u0107 inne artyku\u0142y na temat parku, znajduj\u0105 si\u0119<a href=\"https:\/\/gazetaregionalna.com\/park-korzonek-dlaczego-warto-sie-tu-wybrac\/\"> tutaj <\/a>i <a href=\"https:\/\/gazetaregionalna.com\/park-korzonek-wielkie-otwarcie\/\">tutaj<\/a>.<\/p>\n\n\n\n<figure class=\"wp-block-gallery columns-2 is-cropped wp-block-gallery-1 is-layout-flex wp-block-gallery-is-layout-flex\"><ul class=\"blocks-gallery-grid\"><li class=\"blocks-gallery-item\"><figure><img decoding=\"async\" width=\"1024\" height=\"683\" data-src=\"https:\/\/gazetaregionalna.com\/wp-content\/uploads\/2022\/04\/189-1024x683.jpg\" alt=\"Park Korzonek\" data-id=\"76664\" data-full-url=\"https:\/\/gazetaregionalna.com\/wp-content\/uploads\/2022\/04\/189.jpg\" data-link=\"https:\/\/gazetaregionalna.com\/otwarcie-parku-korzonek-w-majowke\/attachment\/189\/\" class=\"wp-image-76664 lazyload\" data-srcset=\"https:\/\/gazetaregionalna.com\/wp-content\/uploads\/2022\/04\/189-1024x683.jpg 1024w, https:\/\/gazetaregionalna.com\/wp-content\/uploads\/2022\/04\/189-300x200.jpg 300w, https:\/\/gazetaregionalna.com\/wp-content\/uploads\/2022\/04\/189-768x512.jpg 768w, https:\/\/gazetaregionalna.com\/wp-content\/uploads\/2022\/04\/189-696x464.jpg 696w, https:\/\/gazetaregionalna.com\/wp-content\/uploads\/2022\/04\/189-1068x712.jpg 1068w, https:\/\/gazetaregionalna.com\/wp-content\/uploads\/2022\/04\/189-630x420.jpg 630w, https:\/\/gazetaregionalna.com\/wp-content\/uploads\/2022\/04\/189.jpg 1350w\" data-sizes=\"(max-width: 1024px) 100vw, 1024px\" src=\"data:image\/svg+xml;base64,PHN2ZyB3aWR0aD0iMSIgaGVpZ2h0PSIxIiB4bWxucz0iaHR0cDovL3d3dy53My5vcmcvMjAwMC9zdmciPjwvc3ZnPg==\" style=\"--smush-placeholder-width: 1024px; --smush-placeholder-aspect-ratio: 1024\/683;\" \/><figcaption class=\"blocks-gallery-item__caption\">mat. Park Korzonek<\/figcaption><\/figure><\/li><li class=\"blocks-gallery-item\"><figure><img decoding=\"async\" width=\"1024\" height=\"683\" data-src=\"https:\/\/gazetaregionalna.com\/wp-content\/uploads\/2022\/05\/278654533_1333426307156704_1718097190194362815_n-1024x683.jpg\" alt=\"Park Korzonek\" data-id=\"78470\" data-full-url=\"https:\/\/gazetaregionalna.com\/wp-content\/uploads\/2022\/05\/278654533_1333426307156704_1718097190194362815_n.jpg\" data-link=\"https:\/\/gazetaregionalna.com\/park-korzonek-dlaczego-warto-sie-tu-wybrac\/278654533_1333426307156704_1718097190194362815_n\/\" class=\"wp-image-78470 lazyload\" data-srcset=\"https:\/\/gazetaregionalna.com\/wp-content\/uploads\/2022\/05\/278654533_1333426307156704_1718097190194362815_n-1024x683.jpg 1024w, https:\/\/gazetaregionalna.com\/wp-content\/uploads\/2022\/05\/278654533_1333426307156704_1718097190194362815_n-300x200.jpg 300w, https:\/\/gazetaregionalna.com\/wp-content\/uploads\/2022\/05\/278654533_1333426307156704_1718097190194362815_n-768x512.jpg 768w, https:\/\/gazetaregionalna.com\/wp-content\/uploads\/2022\/05\/278654533_1333426307156704_1718097190194362815_n-1536x1024.jpg 1536w, https:\/\/gazetaregionalna.com\/wp-content\/uploads\/2022\/05\/278654533_1333426307156704_1718097190194362815_n-696x464.jpg 696w, https:\/\/gazetaregionalna.com\/wp-content\/uploads\/2022\/05\/278654533_1333426307156704_1718097190194362815_n-1068x712.jpg 1068w, https:\/\/gazetaregionalna.com\/wp-content\/uploads\/2022\/05\/278654533_1333426307156704_1718097190194362815_n-1920x1280.jpg 1920w, https:\/\/gazetaregionalna.com\/wp-content\/uploads\/2022\/05\/278654533_1333426307156704_1718097190194362815_n-630x420.jpg 630w, https:\/\/gazetaregionalna.com\/wp-content\/uploads\/2022\/05\/278654533_1333426307156704_1718097190194362815_n.jpg 1600w\" data-sizes=\"(max-width: 1024px) 100vw, 1024px\" src=\"data:image\/svg+xml;base64,PHN2ZyB3aWR0aD0iMSIgaGVpZ2h0PSIxIiB4bWxucz0iaHR0cDovL3d3dy53My5vcmcvMjAwMC9zdmciPjwvc3ZnPg==\" style=\"--smush-placeholder-width: 1024px; --smush-placeholder-aspect-ratio: 1024\/683;\" \/><figcaption class=\"blocks-gallery-item__caption\">fot.: A. Kostyra<\/figcaption><\/figure><\/li><\/ul><\/figure>\n\n\n\n<p><strong>Linda Noco\u0144<\/strong><\/p>\n","protected":false},"excerpt":{"rendered":"<p>Ju\u017c 15 maja w Parku Korzonek o godzinie 10.00 odb\u0119dzie si\u0119 1,5 godzinna joga. Wystarczy ubra\u0107 si\u0119 w wygodny str\u00f3j i przyjecha\u0107 na zaj\u0119cia<\/p>\n","protected":false},"author":26,"featured_media":79489,"comment_status":"closed","ping_status":"open","sticky":false,"template":"","format":"standard","meta":{"_monsterinsights_skip_tracking":false,"_monsterinsights_sitenote_active":false,"_monsterinsights_sitenote_note":"","_monsterinsights_sitenote_category":0,"_uf_show_specific_survey":0,"_uf_disable_surveys":false,"footnotes":""},"categories":[29,1330,94,2],"tags":[4810,723,4516,480,1159],"class_list":["post-79475","post","type-post","status-publish","format-standard","has-post-thumbnail","hentry","category-ekologia","category-health-fitness","category-polecane","category-wiadomosci","tag-joga","tag-konopiska","tag-park-korzonek","tag-wypoczynek","tag-zdrowie"],"_links":{"self":[{"href":"https:\/\/gazetaregionalna.com\/index.php?rest_route=\/wp\/v2\/posts\/79475","targetHints":{"allow":["GET"]}}],"collection":[{"href":"https:\/\/gazetaregionalna.com\/index.php?rest_route=\/wp\/v2\/posts"}],"about":[{"href":"https:\/\/gazetaregionalna.com\/index.php?rest_route=\/wp\/v2\/types\/post"}],"author":[{"embeddable":true,"href":"https:\/\/gazetaregionalna.com\/index.php?rest_route=\/wp\/v2\/users\/26"}],"replies":[{"embeddable":true,"href":"https:\/\/gazetaregionalna.com\/index.php?rest_route=%2Fwp%2Fv2%2Fcomments&post=79475"}],"version-history":[{"count":1,"href":"https:\/\/gazetaregionalna.com\/index.php?rest_route=\/wp\/v2\/posts\/79475\/revisions"}],"predecessor-version":[{"id":79490,"href":"https:\/\/gazetaregionalna.com\/index.php?rest_route=\/wp\/v2\/posts\/79475\/revisions\/79490"}],"wp:featuredmedia":[{"embeddable":true,"href":"https:\/\/gazetaregionalna.com\/index.php?rest_route=\/wp\/v2\/media\/79489"}],"wp:attachment":[{"href":"https:\/\/gazetaregionalna.com\/index.php?rest_route=%2Fwp%2Fv2%2Fmedia&parent=79475"}],"wp:term":[{"taxonomy":"category","embeddable":true,"href":"https:\/\/gazetaregionalna.com\/index.php?rest_route=%2Fwp%2Fv2%2Fcategories&post=79475"},{"taxonomy":"post_tag","embeddable":true,"href":"https:\/\/gazetaregionalna.com\/index.php?rest_route=%2Fwp%2Fv2%2Ftags&post=79475"}],"curies":[{"name":"wp","href":"https:\/\/api.w.org\/{rel}","templated":true}]}}