{"id":79348,"date":"2022-05-12T09:10:40","date_gmt":"2022-05-12T09:10:40","guid":{"rendered":"https:\/\/gazetaregionalna.com\/?p=79348"},"modified":"2022-05-12T09:12:23","modified_gmt":"2022-05-12T09:12:23","slug":"dzis-miedzynarodowy-dzien-pielegniarek-i-poloznych","status":"publish","type":"post","link":"https:\/\/gazetaregionalna.com\/?p=79348","title":{"rendered":"Dzi\u015b Mi\u0119dzynarodowy Dzie\u0144 Piel\u0119gniarek i Po\u0142o\u017cnych"},"content":{"rendered":"\n<h2 class=\"wp-block-heading\">\u015awi\u0119to &nbsp;to zosta\u0142o ustanowione przez Mi\u0119dzynarodow\u0105 Rad\u0119 Piel\u0119gniarek (ICN) na Kongresie w Meksyku w 1973 roku.<\/h2>\n\n\n\n<p>Data <strong>12 maja<\/strong> zosta\u0142a wybrana nieprzypadkowo, gdy\u017c w\u0142a\u015bnie tego dnia <strong>urodzi\u0142a<\/strong> si\u0119 <strong>Florence Nightingale<\/strong>, <strong>prekursorka nowoczesnego piel\u0119gniarstwa <\/strong>i <strong>za\u0142o\u017cycielka<\/strong> <strong>pierwszej szko\u0142y piel\u0119gniarstwa <\/strong>przy szpitalu <strong>\u015bw. Tomasza<\/strong> w Londynie. Florence opracowa\u0142a r\u00f3wnie\u017c teori\u0119 <strong>piel\u0119gnowania pacjent\u00f3w<\/strong>, oraz <strong>zapocz\u0105tkowa\u0142a profilaktyk\u0119 chor\u00f3b zaka\u017anych<\/strong>.<\/p>\n\n\n\n<p>Zaw\u00f3d <strong>piel\u0119gniarki<\/strong> czy <strong>piel\u0119gniarza <\/strong>oraz <strong>po\u0142o\u017cnej <\/strong>jest niezwykle wa\u017cny dla spo\u0142ecze\u0144stwa. Mimo ci\u0105g\u0142ego post\u0119pu technologicznego w medycynie \u017caden aparat czy urz\u0105dzenie nie jest w stanie zast\u0105pi\u0107 kompetencji, troski oraz wsp\u00f3\u0142czucia, jakie daje cz\u0142owiek, kt\u00f3ry pragnie s\u0142u\u017cy\u0107 choremu i cierpi\u0105cemu.<\/p>\n\n\n\n<p>To w\u0142a\u015bnie one piel\u0119gniarki oraz po\u0142o\u017cne s\u0105 obecne w najtrudniejszych chwilach \u017cycia, zawsze gotowe nie\u015b\u0107 <strong>pomoc<\/strong>. Mi\u0119dzynarodowy Dzie\u0144 Piel\u0119gniarek i Po\u0142o\u017cnych jest wi\u0119c znakomit\u0105 okazj\u0105, \u017ceby doceni\u0107 ich prac\u0119, zaanga\u017cowanie oraz wyb\u00f3r tego wyj\u0105tkowego zawodu.<\/p>\n\n\n\n<p><strong>K KIK <\/strong><\/p>\n","protected":false},"excerpt":{"rendered":"<p>\u015awi\u0119to &nbsp;to zosta\u0142o ustanowione przez Mi\u0119dzynarodow\u0105 Rad\u0119 Piel\u0119gniarek (ICN) na Kongresie w Meksyku w 1973 roku. Data 12 maja zosta\u0142a wybrana nieprzypadkowo, gdy\u017c w\u0142a\u015bnie<\/p>\n","protected":false},"author":21,"featured_media":79349,"comment_status":"closed","ping_status":"open","sticky":false,"template":"","format":"standard","meta":{"_monsterinsights_skip_tracking":false,"_monsterinsights_sitenote_active":false,"_monsterinsights_sitenote_note":"","_monsterinsights_sitenote_category":0,"_uf_show_specific_survey":0,"_uf_disable_surveys":false,"footnotes":""},"categories":[2],"tags":[2474,4796,4797],"class_list":["post-79348","post","type-post","status-publish","format-standard","has-post-thumbnail","hentry","category-wiadomosci","tag-dzien","tag-pielgniarka","tag-polozna"],"_links":{"self":[{"href":"https:\/\/gazetaregionalna.com\/index.php?rest_route=\/wp\/v2\/posts\/79348","targetHints":{"allow":["GET"]}}],"collection":[{"href":"https:\/\/gazetaregionalna.com\/index.php?rest_route=\/wp\/v2\/posts"}],"about":[{"href":"https:\/\/gazetaregionalna.com\/index.php?rest_route=\/wp\/v2\/types\/post"}],"author":[{"embeddable":true,"href":"https:\/\/gazetaregionalna.com\/index.php?rest_route=\/wp\/v2\/users\/21"}],"replies":[{"embeddable":true,"href":"https:\/\/gazetaregionalna.com\/index.php?rest_route=%2Fwp%2Fv2%2Fcomments&post=79348"}],"version-history":[{"count":1,"href":"https:\/\/gazetaregionalna.com\/index.php?rest_route=\/wp\/v2\/posts\/79348\/revisions"}],"predecessor-version":[{"id":79350,"href":"https:\/\/gazetaregionalna.com\/index.php?rest_route=\/wp\/v2\/posts\/79348\/revisions\/79350"}],"wp:featuredmedia":[{"embeddable":true,"href":"https:\/\/gazetaregionalna.com\/index.php?rest_route=\/wp\/v2\/media\/79349"}],"wp:attachment":[{"href":"https:\/\/gazetaregionalna.com\/index.php?rest_route=%2Fwp%2Fv2%2Fmedia&parent=79348"}],"wp:term":[{"taxonomy":"category","embeddable":true,"href":"https:\/\/gazetaregionalna.com\/index.php?rest_route=%2Fwp%2Fv2%2Fcategories&post=79348"},{"taxonomy":"post_tag","embeddable":true,"href":"https:\/\/gazetaregionalna.com\/index.php?rest_route=%2Fwp%2Fv2%2Ftags&post=79348"}],"curies":[{"name":"wp","href":"https:\/\/api.w.org\/{rel}","templated":true}]}}