{"id":79346,"date":"2022-05-12T08:38:50","date_gmt":"2022-05-12T08:38:50","guid":{"rendered":"https:\/\/gazetaregionalna.com\/?p=79346"},"modified":"2022-05-12T08:38:51","modified_gmt":"2022-05-12T08:38:51","slug":"kozieglowscy-policjanci-zatrzymali-wandala-ktory-zdemolowal-szalet-miejski","status":"publish","type":"post","link":"https:\/\/gazetaregionalna.com\/?p=79346","title":{"rendered":"Kozieg\u0142owscy policjanci zatrzymali wandala kt\u00f3ry zdemolowa\u0142 szalet miejski"},"content":{"rendered":"\n<h2 class=\"wp-block-heading\">Pijany 45-latek zosta\u0142 zatrzymany przez kozieg\u0142owski patrol Policji. Straty, kt\u00f3re spowodowa\u0142, oszacowano na kwot\u0119 blisko 1000 z\u0142otych.<\/h2>\n\n\n\n<p>Mieszkaniec Kozieg\u0142\u00f3wek <strong>us\u0142ysza\u0142<\/strong> ju\u017c <strong>zarzut <\/strong>i <strong>przyzna\u0142 si\u0119 do winy<\/strong>.<\/p>\n\n\n\n<p>Do zdarzenia dosz\u0142o wczoraj w <strong>Kozieg\u0142owach <\/strong>na ulicy Ko\u015bcielnej. Ze zg\u0142oszenia pracownika zak\u0142adu us\u0142ug komunalnych wynika\u0142o, i\u017c w toalecie miejskiej \u015bpi nieznany m\u0119\u017cczyzna, kt\u00f3rego nie mo\u017cna dobudzi\u0107.<\/p>\n\n\n\n<p>Na miejscu mundurowi z Kozieg\u0142\u00f3w zastali dobrze znanego 45-letniego mieszka\u0144ca gminy <strong>Kozieg\u0142owy<\/strong>, kt\u00f3ry opr\u00f3cz tego, \u017ce nie chcia\u0142 opu\u015bci\u0107 tego miejsca, to w dodatku <strong>zniszczy\u0142 <\/strong>jej wyposa\u017cenie.<\/p>\n\n\n\n<p>Z <strong>grzejnika elektrycznego<\/strong> <strong>zrobi\u0142<\/strong> sobie <strong>materac <\/strong>na <strong>kt\u00f3rym po\u0142o\u017cy\u0142 si\u0119<\/strong> i <strong>zasn\u0105\u0142<\/strong>. 45-latek by\u0142 kompletnie <strong>pijany<\/strong>. Badanie wykaza\u0142o <strong>3 promile<\/strong> alkoholu w organizmie.<\/p>\n\n\n\n<p><strong>Straty<\/strong>, kt\u00f3re spowodowa\u0142, wyceniono na kwot\u0119 blisko <strong>1000 z\u0142otych<\/strong>. Str\u00f3\u017ce prawa zatrzymali wandala oraz osadzili w policyjnym <strong>areszcie<\/strong>. Wczoraj gdy wytrze\u017awia\u0142, us\u0142ysza\u0142 zarzut zniszczenia mienia. Grozi mu teraz <strong>5 lat pozbawienia wolno\u015bci<\/strong>.<\/p>\n\n\n\n<p><strong>K KIK <\/strong><\/p>\n","protected":false},"excerpt":{"rendered":"<p>Pijany 45-latek zosta\u0142 zatrzymany przez kozieg\u0142owski patrol Policji. Straty, kt\u00f3re spowodowa\u0142, oszacowano na kwot\u0119 blisko 1000 z\u0142otych. Mieszkaniec Kozieg\u0142\u00f3wek us\u0142ysza\u0142 ju\u017c zarzut i przyzna\u0142<\/p>\n","protected":false},"author":21,"featured_media":70747,"comment_status":"closed","ping_status":"open","sticky":false,"template":"","format":"standard","meta":{"_monsterinsights_skip_tracking":false,"_monsterinsights_sitenote_active":false,"_monsterinsights_sitenote_note":"","_monsterinsights_sitenote_category":0,"_uf_show_specific_survey":0,"_uf_disable_surveys":false,"footnotes":""},"categories":[2,26,4],"tags":[],"class_list":["post-79346","post","type-post","status-publish","format-standard","has-post-thumbnail","hentry","category-wiadomosci","category-myszkow","category-region"],"_links":{"self":[{"href":"https:\/\/gazetaregionalna.com\/index.php?rest_route=\/wp\/v2\/posts\/79346","targetHints":{"allow":["GET"]}}],"collection":[{"href":"https:\/\/gazetaregionalna.com\/index.php?rest_route=\/wp\/v2\/posts"}],"about":[{"href":"https:\/\/gazetaregionalna.com\/index.php?rest_route=\/wp\/v2\/types\/post"}],"author":[{"embeddable":true,"href":"https:\/\/gazetaregionalna.com\/index.php?rest_route=\/wp\/v2\/users\/21"}],"replies":[{"embeddable":true,"href":"https:\/\/gazetaregionalna.com\/index.php?rest_route=%2Fwp%2Fv2%2Fcomments&post=79346"}],"version-history":[{"count":1,"href":"https:\/\/gazetaregionalna.com\/index.php?rest_route=\/wp\/v2\/posts\/79346\/revisions"}],"predecessor-version":[{"id":79347,"href":"https:\/\/gazetaregionalna.com\/index.php?rest_route=\/wp\/v2\/posts\/79346\/revisions\/79347"}],"wp:featuredmedia":[{"embeddable":true,"href":"https:\/\/gazetaregionalna.com\/index.php?rest_route=\/wp\/v2\/media\/70747"}],"wp:attachment":[{"href":"https:\/\/gazetaregionalna.com\/index.php?rest_route=%2Fwp%2Fv2%2Fmedia&parent=79346"}],"wp:term":[{"taxonomy":"category","embeddable":true,"href":"https:\/\/gazetaregionalna.com\/index.php?rest_route=%2Fwp%2Fv2%2Fcategories&post=79346"},{"taxonomy":"post_tag","embeddable":true,"href":"https:\/\/gazetaregionalna.com\/index.php?rest_route=%2Fwp%2Fv2%2Ftags&post=79346"}],"curies":[{"name":"wp","href":"https:\/\/api.w.org\/{rel}","templated":true}]}}