{"id":790,"date":"2018-10-10T08:32:05","date_gmt":"2018-10-10T08:32:05","guid":{"rendered":"http:\/\/gazetaregionalna.com\/?p=790"},"modified":"2018-10-10T08:32:05","modified_gmt":"2018-10-10T08:32:05","slug":"czestochowskie-targi-pracy","status":"publish","type":"post","link":"https:\/\/gazetaregionalna.com\/?p=790","title":{"rendered":"Cz\u0119stochowskie Targi Pracy"},"content":{"rendered":"<p>&nbsp;<\/p>\n<p>Jak zawsze Targi Pracy przyci\u0105gaj\u0105 t\u0142umy poszukuj\u0105cych zatrudnienia. Zar\u00f3wno takiego w pe\u0142nym wymiarze czasu, pracy dorywczej, w Polsce jak i za granic\u0105. Powiatowy Urz\u0105d Pracy wychodzi na przeciw i po raz kolejny organizuje targi pracy.<br \/>\n25 pa\u017adziernika w sali wystawienniczej \u015arodowiskowego Hufca Pracy w Cz\u0119stochowie przy ulicy Tkackiej 5a odb\u0119d\u0105 si\u0119 Targi Pracy.<br \/>\nTargi ciesz\u0105 si\u0119 nieustaj\u0105cym zainteresowaniem zar\u00f3wno w\u015br\u00f3d wystawc\u00f3w jak i odwiedzaj\u0105cych. Stwarzaj\u0105 okazj\u0119 do spotkania os\u00f3b poszukuj\u0105cych pracy z firmami poszukuj\u0105cymi pracownik\u00f3w. W ramach Targ\u00f3w Pracy Pracodawcy prezentuj\u0105 swoj\u0105 ofert\u0119 oraz aktualne wolne miejsca pracy, natomiast potencjalni pracownicy &#8211; kwalifikacje i mo\u017cliwo\u015bci. W ramach przedsi\u0119wzi\u0119cia mo\u017cna bardzo dobrze zorientowa\u0107 si\u0119 jakiego rodzaju stanowiska oferuj\u0105 firmy, jakie maj\u0105 wymagania wzgl\u0119dem kandydat\u00f3w do pracy oraz jakie warunki pracy proponuj\u0105.<\/p>\n<p>Podczas targ\u00f3w b\u0119dzie mo\u017cna zapozna\u0107 si\u0119 z aktualnymi ofertami pracy sta\u0142ej, a tak\u017ce kr\u00f3tkoterminowej w kraju i zagranic\u0105. B\u0119d\u0105 prezentowa\u0107 si\u0119 tak\u017ce szko\u0142y dla doros\u0142ych. Zaplanowano porady z zakresu doradztwa zawodowego, zak\u0142adania w\u0142asnej dzia\u0142alno\u015bci gospodarczej oraz pozyskiwania funduszy unijnych.<br \/>\nOrganizatorem targ\u00f3w s\u0105 Centrum Edukacji i Pracy M\u0142odzie\u017cy w Cz\u0119stochowie oraz Powiatowy Urz\u0105d Pracy w Cz\u0119stochowie.<\/p>\n<p>Targi b\u0119d\u0105 odbywa\u0107 si\u0119 w godz. 10-13.<\/p>\n<p>&nbsp;<\/p>\n<p>\u017ar\u00f3d\u0142o: PUP Cz\u0119stochowa<\/p>\n","protected":false},"excerpt":{"rendered":"<p>&nbsp; Jak zawsze Targi Pracy przyci\u0105gaj\u0105 t\u0142umy poszukuj\u0105cych zatrudnienia. Zar\u00f3wno takiego w pe\u0142nym wymiarze czasu, pracy dorywczej, w Polsce jak i za granic\u0105. Powiatowy<\/p>\n","protected":false},"author":3,"featured_media":0,"comment_status":"open","ping_status":"closed","sticky":false,"template":"","format":"standard","meta":{"_monsterinsights_skip_tracking":false,"_monsterinsights_sitenote_active":false,"_monsterinsights_sitenote_note":"","_monsterinsights_sitenote_category":0,"_uf_show_specific_survey":0,"_uf_disable_surveys":false,"footnotes":""},"categories":[3,13],"tags":[],"class_list":["post-790","post","type-post","status-publish","format-standard","hentry","category-czestochowa-informacje","category-wydarzenia"],"_links":{"self":[{"href":"https:\/\/gazetaregionalna.com\/index.php?rest_route=\/wp\/v2\/posts\/790","targetHints":{"allow":["GET"]}}],"collection":[{"href":"https:\/\/gazetaregionalna.com\/index.php?rest_route=\/wp\/v2\/posts"}],"about":[{"href":"https:\/\/gazetaregionalna.com\/index.php?rest_route=\/wp\/v2\/types\/post"}],"author":[{"embeddable":true,"href":"https:\/\/gazetaregionalna.com\/index.php?rest_route=\/wp\/v2\/users\/3"}],"replies":[{"embeddable":true,"href":"https:\/\/gazetaregionalna.com\/index.php?rest_route=%2Fwp%2Fv2%2Fcomments&post=790"}],"version-history":[{"count":1,"href":"https:\/\/gazetaregionalna.com\/index.php?rest_route=\/wp\/v2\/posts\/790\/revisions"}],"predecessor-version":[{"id":792,"href":"https:\/\/gazetaregionalna.com\/index.php?rest_route=\/wp\/v2\/posts\/790\/revisions\/792"}],"wp:attachment":[{"href":"https:\/\/gazetaregionalna.com\/index.php?rest_route=%2Fwp%2Fv2%2Fmedia&parent=790"}],"wp:term":[{"taxonomy":"category","embeddable":true,"href":"https:\/\/gazetaregionalna.com\/index.php?rest_route=%2Fwp%2Fv2%2Fcategories&post=790"},{"taxonomy":"post_tag","embeddable":true,"href":"https:\/\/gazetaregionalna.com\/index.php?rest_route=%2Fwp%2Fv2%2Ftags&post=790"}],"curies":[{"name":"wp","href":"https:\/\/api.w.org\/{rel}","templated":true}]}}