{"id":78959,"date":"2022-05-08T17:01:04","date_gmt":"2022-05-08T17:01:04","guid":{"rendered":"https:\/\/gazetaregionalna.com\/?p=78959"},"modified":"2022-05-11T07:01:12","modified_gmt":"2022-05-11T07:01:12","slug":"porazka-zuzlowcow-zielona-energia-com-wlokniarz-w-gorzowie-z-oslabiona-stala","status":"publish","type":"post","link":"https:\/\/gazetaregionalna.com\/?p=78959","title":{"rendered":"Pora\u017cka \u017cu\u017clowc\u00f3w zielona-energia.com W\u0142\u00f3kniarz w Gorzowie z os\u0142abion\u0105 Stal\u0105&#8230;"},"content":{"rendered":"\n<p>\u017bu\u017clowcy zielona-energia.com W\u0142\u00f3kniarz nie wykorzystali os\u0142abienia Stali Gorz\u00f3w brakiem Szymona Wo\u017aniaka i przegrali w niedziel\u0119 40:50.<\/p>\n\n\n\n<p>Dru\u017cyna zielona-energia.com W\u0142\u00f3kniarz jecha\u0142a do Gorzowa w dobrych nastrojach po zwyci\u0119stwie z mistrzem Polski Betard Spart\u0105 Wroc\u0142aw. Dodatkowo gospodarze wyst\u0105pili bez kontuzjowanego Szymona Wo\u017aniaka, kt\u00f3ry jest drugim liderem po Bartoszu Zmarzliku. Wo\u017aniaka nie by\u0142o, ale dobry dzie\u0144 mieli Bartosz Zmarzlik, Martin Vaculik, Anders Thomsen oraz Wiktor Jasi\u0144ski, kt\u00f3ry potrafi\u0142 przyje\u017cd\u017ca\u0107 przed cz\u0119stochowskimi zawodnikami.<\/p>\n\n\n\n<p>Spotkanie uk\u0142ada\u0142o si\u0119 dobrze dla cz\u0119stochowian do 5. wy\u015bcigu, po kt\u00f3rym \u201eLwy\u201d prowadzi\u0142y 16:14. Od 6. wy\u015bcigu inicjatyw\u0119 przej\u0119li gospodarze i nie oddali prowadzenia do ko\u0144ca spotkania. Gospodarze zwyci\u0119stwo w meczu zapewnili ju\u017c sobie po 14. biegu, kt\u00f3ry wygrali 4:2.<\/p>\n\n\n\n<p>W dru\u017cynie go\u015bci na swoim poziomie pojecha\u0142 tylko Leon Madsen, cho\u0107 tylko jedno indywidualne zwyci\u0119stwo na sze\u015b\u0107 start\u00f3w to nie pow\u00f3d do rado\u015bci. Brak\u0142o punkt\u00f3w pozosta\u0142ych zawodnik\u00f3w, jak cho\u0107by Fredrika Lindgrena czy Kacpra Woryny&#8230;<\/p>\n\n\n\n<p><strong>AK<\/strong>, foto: materia\u0142y prasowe W\u0142\u00f3kniarza\/<strong>Grzegorz Misiak<\/strong><\/p>\n\n\n\n<p><strong>Moje Bermudy Stal Gorz\u00f3w \u2013 zielona-energia.com W\u0142\u00f3kniarz Cz\u0119stochowa 50:40<\/strong><\/p>\n\n\n\n<p><strong>Stal Gorz\u00f3w:<\/strong> Jasi\u0144ski 6 (0,3,2,w,1), Thomsen 12 (3,2,3,1,3), Vaculik 12 (3,3,3,2,1), Hansen 2 (0,w,0,2), Zmarzlik 15 (3,3,3,3,3), Stojanowski 0 (u,0,0), Bartkowiak 3 (2,1,0).<\/p>\n\n\n\n<p><strong>zielona-energia.com W\u0142\u00f3kniarz: <\/strong>Madsen 12 (2,2,1,3,2,2), Smekta\u0142a 5 (1,1,0,3,0), Lindgren 6 (1,1,2,2,0), Jeppesen 5 (1,2,1,1), Woryna 3 (2,w,1,0), Mi\u015bkowiak 5 (1,2,2), \u015awidnicki 4 (3,1,0).<\/p>\n\n\n\n<p><strong>Bieg po biegu<\/strong><\/p>\n\n\n\n<ol class=\"wp-block-list\"><li>Vaculik, Madsen, Lindgren, Jasi\u0144ski 3:3<\/li><li>\u015awidnicki, Bartkowiak, Mi\u015bkowiak, Stojanowski (u) 2:4\/5:7<\/li><li>Zmarzlik, Woryna, Smekta\u0142a, Hansen 3:3\/8:10<\/li><li>Thomsen, Mi\u015bkowiak, Jeppesen, Stojanowski 3:3\/11:13<\/li><li>Vaculik, Jeppesen, Lindgren, Hansen (w) 3:3\/14:16<\/li><li>Zmarzlik, Madsen, Smekta\u0142a, Bartkowiak 3:3\/17:19<\/li><li>Jasi\u0144ski, Thomsen, \u015awidnicki, Woryna (w) 5:1\/22:20<\/li><li>Zmarzlik, Lindgren, Jeppesen, Stojanowski 3:3\/25:23<\/li><li>Thomsen, Jasi\u0144ski, Madsen, Smekta\u0142a 5:1\/30:24<\/li><li>Vaculik, Mi\u015bkowiak, Woryna, Hansen 3:3\/33:27<\/li><li>Madsen, Hansen, Jeppesen, Jasi\u0144ski (w) 2:4\/35:31<\/li><li>Smekta\u0142a, Vaculik, Bartkowiak, \u015awidnicki 3:3\/38:34<\/li><li>Zmarzlik, Lindgren, Thomsen, Woryna 4:2\/42:36<\/li><li>Thomsen, Madsen, Jasi\u0144ski, Smekta\u0142a 4:2\/46:38<\/li><li>Zmarzlik, Madsen, Vaculik, Lindgren 4:2\/50:40<\/li><\/ol>\n\n\n\n<figure class=\"wp-block-image size-large\"><img decoding=\"async\" width=\"1024\" height=\"703\" data-src=\"https:\/\/gazetaregionalna.com\/wp-content\/uploads\/2022\/05\/Wlokniarz-Gorzow-1-Grzegorz-Misiak.jpg\" alt=\"\" class=\"wp-image-78960 lazyload\" data-srcset=\"https:\/\/gazetaregionalna.com\/wp-content\/uploads\/2022\/05\/Wlokniarz-Gorzow-1-Grzegorz-Misiak.jpg 1024w, https:\/\/gazetaregionalna.com\/wp-content\/uploads\/2022\/05\/Wlokniarz-Gorzow-1-Grzegorz-Misiak-300x206.jpg 300w, https:\/\/gazetaregionalna.com\/wp-content\/uploads\/2022\/05\/Wlokniarz-Gorzow-1-Grzegorz-Misiak-768x527.jpg 768w, https:\/\/gazetaregionalna.com\/wp-content\/uploads\/2022\/05\/Wlokniarz-Gorzow-1-Grzegorz-Misiak-218x150.jpg 218w, https:\/\/gazetaregionalna.com\/wp-content\/uploads\/2022\/05\/Wlokniarz-Gorzow-1-Grzegorz-Misiak-696x478.jpg 696w, https:\/\/gazetaregionalna.com\/wp-content\/uploads\/2022\/05\/Wlokniarz-Gorzow-1-Grzegorz-Misiak-612x420.jpg 612w, https:\/\/gazetaregionalna.com\/wp-content\/uploads\/2022\/05\/Wlokniarz-Gorzow-1-Grzegorz-Misiak-100x70.jpg 100w\" data-sizes=\"(max-width: 1024px) 100vw, 1024px\" src=\"data:image\/svg+xml;base64,PHN2ZyB3aWR0aD0iMSIgaGVpZ2h0PSIxIiB4bWxucz0iaHR0cDovL3d3dy53My5vcmcvMjAwMC9zdmciPjwvc3ZnPg==\" style=\"--smush-placeholder-width: 1024px; --smush-placeholder-aspect-ratio: 1024\/703;\" \/><\/figure>\n\n\n\n<figure class=\"wp-block-image size-large\"><img decoding=\"async\" width=\"300\" height=\"250\" data-src=\"https:\/\/gazetaregionalna.com\/wp-content\/uploads\/2022\/04\/DMK-10.jpg\" alt=\"\" class=\"wp-image-77218 lazyload\" src=\"data:image\/svg+xml;base64,PHN2ZyB3aWR0aD0iMSIgaGVpZ2h0PSIxIiB4bWxucz0iaHR0cDovL3d3dy53My5vcmcvMjAwMC9zdmciPjwvc3ZnPg==\" style=\"--smush-placeholder-width: 300px; --smush-placeholder-aspect-ratio: 300\/250;\"><\/figure>\n\n\n\n<figure class=\"wp-block-image size-large\"><img decoding=\"async\" width=\"1024\" height=\"649\" data-src=\"https:\/\/gazetaregionalna.com\/wp-content\/uploads\/2022\/05\/Wlokniarz-Gorzow-2-Grzegorz-Misiak.jpg\" alt=\"\" class=\"wp-image-78961 lazyload\" data-srcset=\"https:\/\/gazetaregionalna.com\/wp-content\/uploads\/2022\/05\/Wlokniarz-Gorzow-2-Grzegorz-Misiak.jpg 1024w, https:\/\/gazetaregionalna.com\/wp-content\/uploads\/2022\/05\/Wlokniarz-Gorzow-2-Grzegorz-Misiak-300x190.jpg 300w, https:\/\/gazetaregionalna.com\/wp-content\/uploads\/2022\/05\/Wlokniarz-Gorzow-2-Grzegorz-Misiak-768x487.jpg 768w, https:\/\/gazetaregionalna.com\/wp-content\/uploads\/2022\/05\/Wlokniarz-Gorzow-2-Grzegorz-Misiak-696x441.jpg 696w, https:\/\/gazetaregionalna.com\/wp-content\/uploads\/2022\/05\/Wlokniarz-Gorzow-2-Grzegorz-Misiak-663x420.jpg 663w\" data-sizes=\"(max-width: 1024px) 100vw, 1024px\" src=\"data:image\/svg+xml;base64,PHN2ZyB3aWR0aD0iMSIgaGVpZ2h0PSIxIiB4bWxucz0iaHR0cDovL3d3dy53My5vcmcvMjAwMC9zdmciPjwvc3ZnPg==\" style=\"--smush-placeholder-width: 1024px; --smush-placeholder-aspect-ratio: 1024\/649;\" \/><\/figure>\n\n\n\n<figure class=\"wp-block-image size-large\"><img decoding=\"async\" width=\"300\" height=\"250\" data-src=\"https:\/\/gazetaregionalna.com\/wp-content\/uploads\/2022\/04\/DMK-8.jpg\" alt=\"\" class=\"wp-image-77215 lazyload\" src=\"data:image\/svg+xml;base64,PHN2ZyB3aWR0aD0iMSIgaGVpZ2h0PSIxIiB4bWxucz0iaHR0cDovL3d3dy53My5vcmcvMjAwMC9zdmciPjwvc3ZnPg==\" style=\"--smush-placeholder-width: 300px; --smush-placeholder-aspect-ratio: 300\/250;\"><\/figure>\n","protected":false},"excerpt":{"rendered":"<p>\u017bu\u017clowcy zielona-energia.com W\u0142\u00f3kniarz nie wykorzystali os\u0142abienia Stali Gorz\u00f3w brakiem Szymona Wo\u017aniaka i przegrali w niedziel\u0119 40:50. Dru\u017cyna zielona-energia.com W\u0142\u00f3kniarz jecha\u0142a do Gorzowa w dobrych<\/p>\n","protected":false},"author":15,"featured_media":78960,"comment_status":"closed","ping_status":"open","sticky":false,"template":"","format":"standard","meta":{"_monsterinsights_skip_tracking":false,"_monsterinsights_sitenote_active":false,"_monsterinsights_sitenote_note":"","_monsterinsights_sitenote_category":0,"_uf_show_specific_survey":0,"_uf_disable_surveys":false,"footnotes":""},"categories":[94,5,7],"tags":[],"class_list":["post-78959","post","type-post","status-publish","format-standard","has-post-thumbnail","hentry","category-polecane","category-sport","category-zuzel"],"_links":{"self":[{"href":"https:\/\/gazetaregionalna.com\/index.php?rest_route=\/wp\/v2\/posts\/78959","targetHints":{"allow":["GET"]}}],"collection":[{"href":"https:\/\/gazetaregionalna.com\/index.php?rest_route=\/wp\/v2\/posts"}],"about":[{"href":"https:\/\/gazetaregionalna.com\/index.php?rest_route=\/wp\/v2\/types\/post"}],"author":[{"embeddable":true,"href":"https:\/\/gazetaregionalna.com\/index.php?rest_route=\/wp\/v2\/users\/15"}],"replies":[{"embeddable":true,"href":"https:\/\/gazetaregionalna.com\/index.php?rest_route=%2Fwp%2Fv2%2Fcomments&post=78959"}],"version-history":[{"count":1,"href":"https:\/\/gazetaregionalna.com\/index.php?rest_route=\/wp\/v2\/posts\/78959\/revisions"}],"predecessor-version":[{"id":78962,"href":"https:\/\/gazetaregionalna.com\/index.php?rest_route=\/wp\/v2\/posts\/78959\/revisions\/78962"}],"wp:featuredmedia":[{"embeddable":true,"href":"https:\/\/gazetaregionalna.com\/index.php?rest_route=\/wp\/v2\/media\/78960"}],"wp:attachment":[{"href":"https:\/\/gazetaregionalna.com\/index.php?rest_route=%2Fwp%2Fv2%2Fmedia&parent=78959"}],"wp:term":[{"taxonomy":"category","embeddable":true,"href":"https:\/\/gazetaregionalna.com\/index.php?rest_route=%2Fwp%2Fv2%2Fcategories&post=78959"},{"taxonomy":"post_tag","embeddable":true,"href":"https:\/\/gazetaregionalna.com\/index.php?rest_route=%2Fwp%2Fv2%2Ftags&post=78959"}],"curies":[{"name":"wp","href":"https:\/\/api.w.org\/{rel}","templated":true}]}}