{"id":78836,"date":"2022-05-06T15:09:37","date_gmt":"2022-05-06T15:09:37","guid":{"rendered":"https:\/\/gazetaregionalna.com\/?p=78836"},"modified":"2022-05-06T15:09:38","modified_gmt":"2022-05-06T15:09:38","slug":"czy-zuzlowcy-zielona-energia-com-wlokniarz-wykorzystaja-oslabienie-stali-i-wygraja-w-niedziele-w-gorzowie","status":"publish","type":"post","link":"https:\/\/gazetaregionalna.com\/?p=78836","title":{"rendered":"Czy \u017cu\u017clowcy zielona-energia.com W\u0142\u00f3kniarz wykorzystaj\u0105 os\u0142abienie Stali i wygraj\u0105 w niedziel\u0119 w Gorzowie?"},"content":{"rendered":"\n<p>\u017bu\u017clowcy zielona-energia.com W\u0142\u00f3kniarz w V kolejce PGE Ekstraligi zmierz\u0105 si\u0119 w Gorzowie z Moje Bermudy Stal\u0105. Gospodarze maj\u0105 jecha\u0107 bez Szymona Wo\u017aniaka, kt\u00f3ry w \u015brod\u0119 podczas \u0107wier\u0107fina\u0142u IMP dozna\u0142 kontuzji.<\/p>\n\n\n\n<p>Dla cz\u0119stochowskiej dru\u017cyny mecz w Gorzowie Wielkopolskim toczy\u0107 si\u0119 b\u0119dzie o 3. miejsce w tabeli PGE Ekstraligi. Obecnie na 3. miejscu jest Stal, kt\u00f3ra ma 5 punkt\u00f3w. Tu\u017c za ni\u0105 z 4. punktami plasuje si\u0119 zielona-energia.com W\u0142\u00f3kniarz. Je\u015bli cz\u0119stochowscy \u017cu\u017clowcy wygraj\u0105 w niedziel\u0119 w Gorzowie to awansuj\u0105 na 3. miejsce w tabeli.<\/p>\n\n\n\n<p>Szanse na to s\u0105 du\u017ce. Cz\u0119stochowskie \u201eLwy\u201d s\u0105 po bardzo dobrym meczu z Betard Spart\u0105 Wroc\u0142aw. Cz\u0119stochowianie pokonali mistrz\u00f3w Polski r\u00f3\u017cnic\u0105 14 punkt\u00f3w&#8230; Stal w niedzielnym meczu ma wyst\u0105pi\u0107 bez Szymona Wo\u017aniaka. By\u0142y indywidualny mistrz Polski odni\u00f3s\u0142 w \u015brod\u0119 kontuzj\u0119 i wed\u0142ug wst\u0119pnych informacji nie pojedzie w niedzielnym spotkaniu przeciwko W\u0142\u00f3kniarzowi&#8230; A to spora strata, bo Wo\u017aniak po 4. kolejkach w PGE Ekstralidze mia\u0142 10. \u015bredni\u0105 biegow\u0105&#8230;<\/p>\n\n\n\n<p>Swoje problemy mimo zwyci\u0119stw maj\u0105 te\u017c cz\u0119stochowianie. Poni\u017cej oczekiwa\u0144 jak na razie spisuje si\u0119 junior Jakub Mi\u015bkowiak. Indywidualny Mistrz \u015awiata i Polski nie mo\u017ce odnale\u017a\u0107 swojej formy z poprzedniego sezonu, gdzie by\u0142 jednym z lepszych polskich zawodnik\u00f3w&#8230; R\u00f3wnie\u017c Joans Jeppesen w kolejnym sezonie w PGE Ekstralidze powinien da\u0107 wi\u0119cej z siebie&#8230; Ale na razie ani w PGE Ekstralidze ani w U24 Ekstralidze spisuje si\u0119 poni\u017cej oczekiwa\u0144&#8230;<\/p>\n\n\n\n<p><strong>Moje Bermudy Stal Gorz\u00f3w <\/strong><\/p>\n\n\n\n<p>9. Wiktor Jasi\u0144ski<\/p>\n\n\n\n<p>10. Anders Thomsen<\/p>\n\n\n\n<p>11. Martin Vaculik<\/p>\n\n\n\n<p>12. Patrick Hansen<\/p>\n\n\n\n<p>13. Bartosz Zmarzlik<\/p>\n\n\n\n<p>14. Jakub Stojanowski<\/p>\n\n\n\n<p>15. Mateusz Bartkowiak<\/p>\n\n\n\n<p><strong>zielona-energia.com W\u0142\u00f3kniarz Cz\u0119stochowa<\/strong><\/p>\n\n\n\n<p>1. Leon Madsen<\/p>\n\n\n\n<p>2. Bartosz Smekta\u0142a<\/p>\n\n\n\n<p>3. Fredrik Lindgren<\/p>\n\n\n\n<p>4. Jonas Jeppesen<\/p>\n\n\n\n<p>5. Kacper Woryna<\/p>\n\n\n\n<p>6. Jakub Mi\u015bkowiak<\/p>\n\n\n\n<p>7. Mateusz \u015awidnicki<\/p>\n\n\n\n<p><\/p>\n\n\n\n<p><strong>AK<\/strong>, foto: <strong>AK<\/strong><\/p>\n\n\n\n<figure class=\"wp-block-image size-large\"><img decoding=\"async\" width=\"1024\" height=\"683\" data-src=\"https:\/\/gazetaregionalna.com\/wp-content\/uploads\/2022\/05\/CKM-Sparta-0-1024x683.jpg\" alt=\"\" class=\"wp-image-78177 lazyload\" data-srcset=\"https:\/\/gazetaregionalna.com\/wp-content\/uploads\/2022\/05\/CKM-Sparta-0-1024x683.jpg 1024w, https:\/\/gazetaregionalna.com\/wp-content\/uploads\/2022\/05\/CKM-Sparta-0-300x200.jpg 300w, https:\/\/gazetaregionalna.com\/wp-content\/uploads\/2022\/05\/CKM-Sparta-0-768x512.jpg 768w, https:\/\/gazetaregionalna.com\/wp-content\/uploads\/2022\/05\/CKM-Sparta-0-1536x1024.jpg 1536w, https:\/\/gazetaregionalna.com\/wp-content\/uploads\/2022\/05\/CKM-Sparta-0-2048x1365.jpg 2048w, https:\/\/gazetaregionalna.com\/wp-content\/uploads\/2022\/05\/CKM-Sparta-0-696x464.jpg 696w, https:\/\/gazetaregionalna.com\/wp-content\/uploads\/2022\/05\/CKM-Sparta-0-1068x712.jpg 1068w, https:\/\/gazetaregionalna.com\/wp-content\/uploads\/2022\/05\/CKM-Sparta-0-1920x1280.jpg 1920w, https:\/\/gazetaregionalna.com\/wp-content\/uploads\/2022\/05\/CKM-Sparta-0-630x420.jpg 630w, https:\/\/gazetaregionalna.com\/wp-content\/uploads\/2022\/05\/CKM-Sparta-0-scaled.jpg 1600w\" data-sizes=\"(max-width: 1024px) 100vw, 1024px\" src=\"data:image\/svg+xml;base64,PHN2ZyB3aWR0aD0iMSIgaGVpZ2h0PSIxIiB4bWxucz0iaHR0cDovL3d3dy53My5vcmcvMjAwMC9zdmciPjwvc3ZnPg==\" style=\"--smush-placeholder-width: 1024px; --smush-placeholder-aspect-ratio: 1024\/683;\" \/><\/figure>\n\n\n\n<figure class=\"wp-block-image size-large\"><img decoding=\"async\" width=\"300\" height=\"250\" data-src=\"https:\/\/gazetaregionalna.com\/wp-content\/uploads\/2022\/04\/DMK-4.jpg\" alt=\"\" class=\"wp-image-77212 lazyload\" src=\"data:image\/svg+xml;base64,PHN2ZyB3aWR0aD0iMSIgaGVpZ2h0PSIxIiB4bWxucz0iaHR0cDovL3d3dy53My5vcmcvMjAwMC9zdmciPjwvc3ZnPg==\" style=\"--smush-placeholder-width: 300px; --smush-placeholder-aspect-ratio: 300\/250;\"><\/figure>\n\n\n\n<figure class=\"wp-block-image size-large\"><img decoding=\"async\" width=\"1024\" height=\"683\" data-src=\"https:\/\/gazetaregionalna.com\/wp-content\/uploads\/2022\/05\/CKM-Sparta-30-1024x683.jpg\" alt=\"\" class=\"wp-image-78190 lazyload\" data-srcset=\"https:\/\/gazetaregionalna.com\/wp-content\/uploads\/2022\/05\/CKM-Sparta-30-1024x683.jpg 1024w, https:\/\/gazetaregionalna.com\/wp-content\/uploads\/2022\/05\/CKM-Sparta-30-300x200.jpg 300w, https:\/\/gazetaregionalna.com\/wp-content\/uploads\/2022\/05\/CKM-Sparta-30-768x512.jpg 768w, https:\/\/gazetaregionalna.com\/wp-content\/uploads\/2022\/05\/CKM-Sparta-30-1536x1024.jpg 1536w, https:\/\/gazetaregionalna.com\/wp-content\/uploads\/2022\/05\/CKM-Sparta-30-2048x1365.jpg 2048w, https:\/\/gazetaregionalna.com\/wp-content\/uploads\/2022\/05\/CKM-Sparta-30-696x464.jpg 696w, https:\/\/gazetaregionalna.com\/wp-content\/uploads\/2022\/05\/CKM-Sparta-30-1068x712.jpg 1068w, https:\/\/gazetaregionalna.com\/wp-content\/uploads\/2022\/05\/CKM-Sparta-30-1920x1280.jpg 1920w, https:\/\/gazetaregionalna.com\/wp-content\/uploads\/2022\/05\/CKM-Sparta-30-630x420.jpg 630w, https:\/\/gazetaregionalna.com\/wp-content\/uploads\/2022\/05\/CKM-Sparta-30-scaled.jpg 1600w\" data-sizes=\"(max-width: 1024px) 100vw, 1024px\" src=\"data:image\/svg+xml;base64,PHN2ZyB3aWR0aD0iMSIgaGVpZ2h0PSIxIiB4bWxucz0iaHR0cDovL3d3dy53My5vcmcvMjAwMC9zdmciPjwvc3ZnPg==\" style=\"--smush-placeholder-width: 1024px; --smush-placeholder-aspect-ratio: 1024\/683;\" \/><\/figure>\n\n\n\n<figure class=\"wp-block-image size-large\"><img decoding=\"async\" width=\"1024\" height=\"683\" data-src=\"https:\/\/gazetaregionalna.com\/wp-content\/uploads\/2022\/05\/CKM-Sparta-32-1024x683.jpg\" alt=\"\" class=\"wp-image-78192 lazyload\" data-srcset=\"https:\/\/gazetaregionalna.com\/wp-content\/uploads\/2022\/05\/CKM-Sparta-32-1024x683.jpg 1024w, https:\/\/gazetaregionalna.com\/wp-content\/uploads\/2022\/05\/CKM-Sparta-32-300x200.jpg 300w, https:\/\/gazetaregionalna.com\/wp-content\/uploads\/2022\/05\/CKM-Sparta-32-768x512.jpg 768w, https:\/\/gazetaregionalna.com\/wp-content\/uploads\/2022\/05\/CKM-Sparta-32-1536x1024.jpg 1536w, https:\/\/gazetaregionalna.com\/wp-content\/uploads\/2022\/05\/CKM-Sparta-32-2048x1365.jpg 2048w, https:\/\/gazetaregionalna.com\/wp-content\/uploads\/2022\/05\/CKM-Sparta-32-696x464.jpg 696w, https:\/\/gazetaregionalna.com\/wp-content\/uploads\/2022\/05\/CKM-Sparta-32-1068x712.jpg 1068w, https:\/\/gazetaregionalna.com\/wp-content\/uploads\/2022\/05\/CKM-Sparta-32-1920x1280.jpg 1920w, https:\/\/gazetaregionalna.com\/wp-content\/uploads\/2022\/05\/CKM-Sparta-32-630x420.jpg 630w, https:\/\/gazetaregionalna.com\/wp-content\/uploads\/2022\/05\/CKM-Sparta-32-scaled.jpg 1600w\" data-sizes=\"(max-width: 1024px) 100vw, 1024px\" src=\"data:image\/svg+xml;base64,PHN2ZyB3aWR0aD0iMSIgaGVpZ2h0PSIxIiB4bWxucz0iaHR0cDovL3d3dy53My5vcmcvMjAwMC9zdmciPjwvc3ZnPg==\" style=\"--smush-placeholder-width: 1024px; --smush-placeholder-aspect-ratio: 1024\/683;\" \/><\/figure>\n\n\n\n<figure class=\"wp-block-image size-large\"><img decoding=\"async\" width=\"1024\" height=\"683\" data-src=\"https:\/\/gazetaregionalna.com\/wp-content\/uploads\/2022\/05\/CKM-Sparta-3-1024x683.jpg\" alt=\"\" class=\"wp-image-78180 lazyload\" data-srcset=\"https:\/\/gazetaregionalna.com\/wp-content\/uploads\/2022\/05\/CKM-Sparta-3-1024x683.jpg 1024w, https:\/\/gazetaregionalna.com\/wp-content\/uploads\/2022\/05\/CKM-Sparta-3-300x200.jpg 300w, https:\/\/gazetaregionalna.com\/wp-content\/uploads\/2022\/05\/CKM-Sparta-3-768x512.jpg 768w, https:\/\/gazetaregionalna.com\/wp-content\/uploads\/2022\/05\/CKM-Sparta-3-1536x1024.jpg 1536w, https:\/\/gazetaregionalna.com\/wp-content\/uploads\/2022\/05\/CKM-Sparta-3-2048x1365.jpg 2048w, https:\/\/gazetaregionalna.com\/wp-content\/uploads\/2022\/05\/CKM-Sparta-3-696x464.jpg 696w, https:\/\/gazetaregionalna.com\/wp-content\/uploads\/2022\/05\/CKM-Sparta-3-1068x712.jpg 1068w, https:\/\/gazetaregionalna.com\/wp-content\/uploads\/2022\/05\/CKM-Sparta-3-1920x1280.jpg 1920w, https:\/\/gazetaregionalna.com\/wp-content\/uploads\/2022\/05\/CKM-Sparta-3-630x420.jpg 630w, https:\/\/gazetaregionalna.com\/wp-content\/uploads\/2022\/05\/CKM-Sparta-3-scaled.jpg 1600w\" data-sizes=\"(max-width: 1024px) 100vw, 1024px\" src=\"data:image\/svg+xml;base64,PHN2ZyB3aWR0aD0iMSIgaGVpZ2h0PSIxIiB4bWxucz0iaHR0cDovL3d3dy53My5vcmcvMjAwMC9zdmciPjwvc3ZnPg==\" style=\"--smush-placeholder-width: 1024px; --smush-placeholder-aspect-ratio: 1024\/683;\" \/><\/figure>\n\n\n\n<figure class=\"wp-block-image size-large\"><img decoding=\"async\" width=\"300\" height=\"250\" data-src=\"https:\/\/gazetaregionalna.com\/wp-content\/uploads\/2022\/04\/DMK-10.jpg\" alt=\"\" class=\"wp-image-77218 lazyload\" src=\"data:image\/svg+xml;base64,PHN2ZyB3aWR0aD0iMSIgaGVpZ2h0PSIxIiB4bWxucz0iaHR0cDovL3d3dy53My5vcmcvMjAwMC9zdmciPjwvc3ZnPg==\" style=\"--smush-placeholder-width: 300px; --smush-placeholder-aspect-ratio: 300\/250;\"><\/figure>\n\n\n\n<figure class=\"wp-block-image size-large\"><img decoding=\"async\" width=\"1024\" height=\"683\" data-src=\"https:\/\/gazetaregionalna.com\/wp-content\/uploads\/2022\/05\/CKM-Sparta-34-1024x683.jpg\" alt=\"\" class=\"wp-image-78194 lazyload\" data-srcset=\"https:\/\/gazetaregionalna.com\/wp-content\/uploads\/2022\/05\/CKM-Sparta-34-1024x683.jpg 1024w, https:\/\/gazetaregionalna.com\/wp-content\/uploads\/2022\/05\/CKM-Sparta-34-300x200.jpg 300w, https:\/\/gazetaregionalna.com\/wp-content\/uploads\/2022\/05\/CKM-Sparta-34-768x512.jpg 768w, https:\/\/gazetaregionalna.com\/wp-content\/uploads\/2022\/05\/CKM-Sparta-34-1536x1024.jpg 1536w, https:\/\/gazetaregionalna.com\/wp-content\/uploads\/2022\/05\/CKM-Sparta-34-2048x1365.jpg 2048w, https:\/\/gazetaregionalna.com\/wp-content\/uploads\/2022\/05\/CKM-Sparta-34-696x464.jpg 696w, https:\/\/gazetaregionalna.com\/wp-content\/uploads\/2022\/05\/CKM-Sparta-34-1068x712.jpg 1068w, https:\/\/gazetaregionalna.com\/wp-content\/uploads\/2022\/05\/CKM-Sparta-34-1920x1280.jpg 1920w, https:\/\/gazetaregionalna.com\/wp-content\/uploads\/2022\/05\/CKM-Sparta-34-630x420.jpg 630w, https:\/\/gazetaregionalna.com\/wp-content\/uploads\/2022\/05\/CKM-Sparta-34-scaled.jpg 1600w\" data-sizes=\"(max-width: 1024px) 100vw, 1024px\" src=\"data:image\/svg+xml;base64,PHN2ZyB3aWR0aD0iMSIgaGVpZ2h0PSIxIiB4bWxucz0iaHR0cDovL3d3dy53My5vcmcvMjAwMC9zdmciPjwvc3ZnPg==\" style=\"--smush-placeholder-width: 1024px; --smush-placeholder-aspect-ratio: 1024\/683;\" \/><\/figure>\n","protected":false},"excerpt":{"rendered":"<p>\u017bu\u017clowcy zielona-energia.com W\u0142\u00f3kniarz w V kolejce PGE Ekstraligi zmierz\u0105 si\u0119 w Gorzowie z Moje Bermudy Stal\u0105. Gospodarze maj\u0105 jecha\u0107 bez Szymona Wo\u017aniaka, kt\u00f3ry w<\/p>\n","protected":false},"author":15,"featured_media":78177,"comment_status":"closed","ping_status":"open","sticky":false,"template":"","format":"standard","meta":{"_monsterinsights_skip_tracking":false,"_monsterinsights_sitenote_active":false,"_monsterinsights_sitenote_note":"","_monsterinsights_sitenote_category":0,"_uf_show_specific_survey":0,"_uf_disable_surveys":false,"footnotes":""},"categories":[94,5,7],"tags":[],"class_list":["post-78836","post","type-post","status-publish","format-standard","has-post-thumbnail","hentry","category-polecane","category-sport","category-zuzel"],"_links":{"self":[{"href":"https:\/\/gazetaregionalna.com\/index.php?rest_route=\/wp\/v2\/posts\/78836","targetHints":{"allow":["GET"]}}],"collection":[{"href":"https:\/\/gazetaregionalna.com\/index.php?rest_route=\/wp\/v2\/posts"}],"about":[{"href":"https:\/\/gazetaregionalna.com\/index.php?rest_route=\/wp\/v2\/types\/post"}],"author":[{"embeddable":true,"href":"https:\/\/gazetaregionalna.com\/index.php?rest_route=\/wp\/v2\/users\/15"}],"replies":[{"embeddable":true,"href":"https:\/\/gazetaregionalna.com\/index.php?rest_route=%2Fwp%2Fv2%2Fcomments&post=78836"}],"version-history":[{"count":1,"href":"https:\/\/gazetaregionalna.com\/index.php?rest_route=\/wp\/v2\/posts\/78836\/revisions"}],"predecessor-version":[{"id":78837,"href":"https:\/\/gazetaregionalna.com\/index.php?rest_route=\/wp\/v2\/posts\/78836\/revisions\/78837"}],"wp:featuredmedia":[{"embeddable":true,"href":"https:\/\/gazetaregionalna.com\/index.php?rest_route=\/wp\/v2\/media\/78177"}],"wp:attachment":[{"href":"https:\/\/gazetaregionalna.com\/index.php?rest_route=%2Fwp%2Fv2%2Fmedia&parent=78836"}],"wp:term":[{"taxonomy":"category","embeddable":true,"href":"https:\/\/gazetaregionalna.com\/index.php?rest_route=%2Fwp%2Fv2%2Fcategories&post=78836"},{"taxonomy":"post_tag","embeddable":true,"href":"https:\/\/gazetaregionalna.com\/index.php?rest_route=%2Fwp%2Fv2%2Ftags&post=78836"}],"curies":[{"name":"wp","href":"https:\/\/api.w.org\/{rel}","templated":true}]}}