{"id":78827,"date":"2022-05-06T10:45:46","date_gmt":"2022-05-06T10:45:46","guid":{"rendered":"https:\/\/gazetaregionalna.com\/?p=78827"},"modified":"2022-05-06T10:45:47","modified_gmt":"2022-05-06T10:45:47","slug":"krzepice-konferencja-szansa-dla-polskiej-wsi-europejski-zielony-lad","status":"publish","type":"post","link":"https:\/\/gazetaregionalna.com\/?p=78827","title":{"rendered":"Krzepice &#8211; Konferencja \u201eSzansa dla polskiej wsi &#8211; Europejski Zielony \u0141ad\u201d"},"content":{"rendered":"\n<h2 class=\"wp-block-heading\">28 kwietnia w Miejskim Domu Kultury w Lubli\u0144cu odby\u0142a si\u0119 og\u00f3lnopolska konferencja pn.: \u201eSzansa dla polskiej wsi \u2013 Europejski Zielony \u0141ad\u201d.<\/h2>\n\n\n\n<p>Organizatorami tej konferencji byli mi\u0119dzy innymi: Prof. Jerzy Buzek Pose\u0142 do PE, Miasto Lubliniec oraz Krajowe Stowarzyszenie So\u0142tys\u00f3w.<\/p>\n\n\n\n<p><strong>Gmin\u0119 Krzepice reprezentowali<\/strong>: Burmistrz Krzepic Krystian Kotynia oraz So\u0142tysi Gminy.<\/p>\n\n\n\n<p>W czasie konferencji Prof. Jerzy Buzek by\u0142y Premier RP, Pose\u0142 do Parlamentu Europejskiego oraz Maciej Zakrocki, dziennikarz, re\u017cyser i scenarzysta omawiali temat <strong>\u201eEnergetyka europejska bez Rosji\u201d<\/strong>.<\/p>\n\n\n\n<p>Nast\u0119pnie w ramach panelu dyskusyjnego<strong> \u201eSzansa dla polskiej wsi \u2013 Europejski Zielony \u0141ad\u201d<\/strong> do rozmowy z Prof. Jerzym Buzkiem do\u0142\u0105czyli mi\u0119dzy innymi: Izabela Leszczyna Pos\u0142anka na Sejm RP, Tomasz Kucharski Burmistrz Miasta i Gminy Olsztyn oraz Hanna Schudy Dr nauk humanitarnych, dziennikarka, eseistka, aktywistka.<\/p>\n\n\n\n<p>Konferencj\u0119 u\u015bwietni\u0142 wyst\u0119p artystyczny z recitalu <strong>Mariana Chroboka<\/strong>.<\/p>\n\n\n\n<p>Na zako\u0144czenie wydarzenia odby\u0142 si\u0119<strong> fina\u0142 V edycji <\/strong>og\u00f3lnopolskiego <strong>konkursu \u201eFundusz so\u0142ecki \u2013 najlepsza inicjatywa\u201d<\/strong>.<\/p>\n\n\n\n<figure class=\"wp-block-gallery columns-2 is-cropped wp-block-gallery-1 is-layout-flex wp-block-gallery-is-layout-flex\"><ul class=\"blocks-gallery-grid\"><li class=\"blocks-gallery-item\"><figure><a href=\"https:\/\/gazetaregionalna.com\/wp-content\/uploads\/2022\/05\/2-5.png\"><img decoding=\"async\" width=\"645\" height=\"429\" data-src=\"https:\/\/gazetaregionalna.com\/wp-content\/uploads\/2022\/05\/2-5.png\" alt=\"\" data-id=\"78828\" data-link=\"https:\/\/gazetaregionalna.com\/?attachment_id=78828\" class=\"wp-image-78828 lazyload\" data-srcset=\"https:\/\/gazetaregionalna.com\/wp-content\/uploads\/2022\/05\/2-5.png 645w, https:\/\/gazetaregionalna.com\/wp-content\/uploads\/2022\/05\/2-5-300x200.png 300w, https:\/\/gazetaregionalna.com\/wp-content\/uploads\/2022\/05\/2-5-631x420.png 631w\" data-sizes=\"(max-width: 645px) 100vw, 645px\" src=\"data:image\/svg+xml;base64,PHN2ZyB3aWR0aD0iMSIgaGVpZ2h0PSIxIiB4bWxucz0iaHR0cDovL3d3dy53My5vcmcvMjAwMC9zdmciPjwvc3ZnPg==\" style=\"--smush-placeholder-width: 645px; --smush-placeholder-aspect-ratio: 645\/429;\" \/><\/a><\/figure><\/li><li class=\"blocks-gallery-item\"><figure><a href=\"https:\/\/gazetaregionalna.com\/wp-content\/uploads\/2022\/05\/3-5.png\"><img decoding=\"async\" width=\"646\" height=\"363\" data-src=\"https:\/\/gazetaregionalna.com\/wp-content\/uploads\/2022\/05\/3-5.png\" alt=\"\" data-id=\"78829\" data-full-url=\"https:\/\/gazetaregionalna.com\/wp-content\/uploads\/2022\/05\/3-5.png\" data-link=\"https:\/\/gazetaregionalna.com\/?attachment_id=78829\" class=\"wp-image-78829 lazyload\" data-srcset=\"https:\/\/gazetaregionalna.com\/wp-content\/uploads\/2022\/05\/3-5.png 646w, https:\/\/gazetaregionalna.com\/wp-content\/uploads\/2022\/05\/3-5-300x169.png 300w\" data-sizes=\"(max-width: 646px) 100vw, 646px\" src=\"data:image\/svg+xml;base64,PHN2ZyB3aWR0aD0iMSIgaGVpZ2h0PSIxIiB4bWxucz0iaHR0cDovL3d3dy53My5vcmcvMjAwMC9zdmciPjwvc3ZnPg==\" style=\"--smush-placeholder-width: 646px; --smush-placeholder-aspect-ratio: 646\/363;\" \/><\/a><\/figure><\/li><\/ul><figcaption class=\"blocks-gallery-caption\">fot. UG w Krzepicach <\/figcaption><\/figure>\n\n\n\n<p><strong>K KIK<\/strong><\/p>\n","protected":false},"excerpt":{"rendered":"<p>28 kwietnia w Miejskim Domu Kultury w Lubli\u0144cu odby\u0142a si\u0119 og\u00f3lnopolska konferencja pn.: \u201eSzansa dla polskiej wsi \u2013 Europejski Zielony \u0141ad\u201d. Organizatorami tej konferencji<\/p>\n","protected":false},"author":21,"featured_media":78830,"comment_status":"closed","ping_status":"open","sticky":false,"template":"","format":"standard","meta":{"_monsterinsights_skip_tracking":false,"_monsterinsights_sitenote_active":false,"_monsterinsights_sitenote_note":"","_monsterinsights_sitenote_category":0,"_uf_show_specific_survey":0,"_uf_disable_surveys":false,"footnotes":""},"categories":[2,27,4],"tags":[4725,3284,797,752,4726],"class_list":["post-78827","post","type-post","status-publish","format-standard","has-post-thumbnail","hentry","category-wiadomosci","category-klobuck-informacje","category-region","tag-europejski-zielony-lad-2","tag-konferencja","tag-krzepice","tag-mdk","tag-polska-wies"],"_links":{"self":[{"href":"https:\/\/gazetaregionalna.com\/index.php?rest_route=\/wp\/v2\/posts\/78827","targetHints":{"allow":["GET"]}}],"collection":[{"href":"https:\/\/gazetaregionalna.com\/index.php?rest_route=\/wp\/v2\/posts"}],"about":[{"href":"https:\/\/gazetaregionalna.com\/index.php?rest_route=\/wp\/v2\/types\/post"}],"author":[{"embeddable":true,"href":"https:\/\/gazetaregionalna.com\/index.php?rest_route=\/wp\/v2\/users\/21"}],"replies":[{"embeddable":true,"href":"https:\/\/gazetaregionalna.com\/index.php?rest_route=%2Fwp%2Fv2%2Fcomments&post=78827"}],"version-history":[{"count":1,"href":"https:\/\/gazetaregionalna.com\/index.php?rest_route=\/wp\/v2\/posts\/78827\/revisions"}],"predecessor-version":[{"id":78831,"href":"https:\/\/gazetaregionalna.com\/index.php?rest_route=\/wp\/v2\/posts\/78827\/revisions\/78831"}],"wp:featuredmedia":[{"embeddable":true,"href":"https:\/\/gazetaregionalna.com\/index.php?rest_route=\/wp\/v2\/media\/78830"}],"wp:attachment":[{"href":"https:\/\/gazetaregionalna.com\/index.php?rest_route=%2Fwp%2Fv2%2Fmedia&parent=78827"}],"wp:term":[{"taxonomy":"category","embeddable":true,"href":"https:\/\/gazetaregionalna.com\/index.php?rest_route=%2Fwp%2Fv2%2Fcategories&post=78827"},{"taxonomy":"post_tag","embeddable":true,"href":"https:\/\/gazetaregionalna.com\/index.php?rest_route=%2Fwp%2Fv2%2Ftags&post=78827"}],"curies":[{"name":"wp","href":"https:\/\/api.w.org\/{rel}","templated":true}]}}