{"id":788,"date":"2018-10-10T08:11:28","date_gmt":"2018-10-10T08:11:28","guid":{"rendered":"http:\/\/gazetaregionalna.com\/?p=788"},"modified":"2018-10-10T08:11:28","modified_gmt":"2018-10-10T08:11:28","slug":"od-22-pazdziernika-bedziemy-glosowac-w-budzecie-obywatelskim","status":"publish","type":"post","link":"https:\/\/gazetaregionalna.com\/?p=788","title":{"rendered":"Od 22 pa\u017adziernika b\u0119dziemy g\u0142osowa\u0107 w Bud\u017cecie Obywatelskim"},"content":{"rendered":"<p>&nbsp;<\/p>\n<p>&nbsp;<\/p>\n<p><span style=\"font-family: Times New Roman, serif;\">W poniedzia\u0142ek &#8211; 22 pa\u017adziernika &#8211; rusza g\u0142osowanie na propozycje z\u0142o\u017cone przez mieszka\u0144c\u00f3w w bud\u017cecie obywatelskim. W tym roku g\u0142osowa\u0107 b\u0119dziemy mogli na cztery sposoby, tak\u017ce w ruchomy punkcie.<\/span><\/p>\n<p><span style=\"font-family: Times New Roman, serif;\">W tym roku kwota w bud\u017cecie obywatelskim wynosi a\u017c 8 mln 735 tys. 830 z\u0142.<\/span> <span style=\"font-family: Times New Roman, serif;\">Propozycje, kt\u00f3re zdob\u0119d\u0105 w g\u0142osowaniu najwi\u0119ksz\u0105 liczb\u0119 g\u0142os\u00f3w b\u0119d\u0105 realizowane. O tym, kt\u00f3re zadania b\u0119d\u0105 zrealizowane zdecyduj\u0105 sami mieszka\u0144cy. <\/span><\/p>\n<p><span style=\"font-family: Times New Roman, serif;\">Tegoroczne g\u0142osowanie prowadzone b\u0119dzie czterotorowo: przez Internet, w komisjach do g\u0142osowania, w miejscu zamieszkania \u2013 w tym przypadku nale\u017cy zg\u0142osi\u0107 tak\u0105 potrzeb\u0119 w Urz\u0119dzie Miasta oraz nowo\u015b\u0107 w tej edycji \u2013 pi\u0119trowy autobus, kt\u00f3ry b\u0119dzie dostosowanym punktem do g\u0142osowania. Z tej mo\u017cliwo\u015bci b\u0119d\u0105 mog\u0142y skorzysta\u0107 osoby skorzysta\u0107 mog\u0105 osoby o ograniczonej sprawno\u015bci ruchowej. Pe\u0142ny harmonogram objazdu przez miasto znajdziemy pod adresem <\/span>konsultacje.czestochowa.pl<\/p>\n<p><span style=\"font-family: Times New Roman, serif;\"><b>Zasady g\u0142osowania<\/b><\/span><\/p>\n<p><span style=\"font-family: Times New Roman, serif;\">G\u0142osowanie odbywa si\u0119 w systemie skandynawskim. Ka\u017cda osoba, kt\u00f3ra uko\u0144czy\u0142 13. rok zycia, ma do rozdysponowania 10 punkt\u00f3w na propozycj\u0119 og\u00f3lnomiejsk\u0105 i kolejne 10. punkt\u00f3w na propozycj\u0119 dzielnicow\u0105. Tym sposobem zag\u0142osowa\u0107 mo\u017cemy od jednego do dziesi\u0119ciu projekt\u00f3w \u2013 tak do wyczerpaniu punkt\u00f3w. Zwyci\u0119\u017cy projekt, kt\u00f3ry otrzyma najwi\u0119ksz\u0105 liczb\u0119 punkt\u00f3w. G\u0142osowanie trwa do 12 listopada.<\/span><\/p>\n<p><span style=\"font-family: Times New Roman, serif;\"><b>Realizacje w ramach bud\u017cetu obywatelskiego<\/b><\/span><\/p>\n<p><span style=\"font-family: Times New Roman, serif;\">W Gnaszynie, przy ul. Osada M\u0142y\u0144ska powsta\u0142a si\u0142owni\u0119 pod chmurk\u0105 oraz zrewitalizowany plac zabaw przy przedszkolu. Inwestycja powsta\u0142a na terenie niegdy\u015b u\u017cytkowanym przez klub sportowy Orkan Gnaszyn. Teraz, nowy plac ma urz\u0105dzenia do \u0107wicze\u0144 street workout, a tak\u017ce elementy wchodz\u0105ce w sk\u0142ad ma\u0142ej architektury \u2013 \u0142awki (w sumie 19), kosze przeznaczone do segregacji odpad\u00f3w a tak\u017ce stojaki na rowery. Nasadzono now\u0105 ziele\u0144, wykonano schody terenowe i naprawiono zniszczone ogrodzenie. Ca\u0142a inwestycja poch\u0142on\u0119\u0142a prawie 150 tys. z\u0142otych.<\/span><\/p>\n<p><span style=\"font-family: Times New Roman, serif;\">Dzielnica Grab\u00f3wka zyska\u0142a nowy plac rekreacji ruchowej, a plac zabaw przy przedszkolu nr 29 zosta\u0142 odnowiony. Remont obj\u0105\u0142 piaskownic\u0119, kt\u00f3rej dodano drewnian\u0105 pergol\u0119 i istniej\u0105ce wcze\u015bniej urz\u0105dzenia. Wyr\u00f3wnano i oczyszczono teren przyleg\u0142y. Zamontowano nowe hu\u015btawki, bujak spr\u0119\u017cynowy oraz urz\u0105dzenia wielofunkcyjne dostosowane do potrzeb ma\u0142ych dzieci. Pojawi\u0142y si\u0119 tak\u017ce \u0142awo-sto\u0142y, st\u00f3\u0142 do tenisa sto\u0142owego oraz stolik do gry w szachy. Koszt tej inwestycji wyni\u00f3s\u0142 111 tys. 3370 z\u0142.<\/span><\/p>\n<p><span style=\"font-family: Times New Roman, serif;\">Prace te zosta\u0142y wykonane w ramach ubieg\u0142orocznego bud\u017cetu obywatelskiego. <\/span><\/p>\n<p><span style=\"font-family: Times New Roman, serif;\">(p.s-b.)<\/span><\/p>\n","protected":false},"excerpt":{"rendered":"<p>&nbsp; &nbsp; W poniedzia\u0142ek &#8211; 22 pa\u017adziernika &#8211; rusza g\u0142osowanie na propozycje z\u0142o\u017cone przez mieszka\u0144c\u00f3w w bud\u017cecie obywatelskim. W tym roku g\u0142osowa\u0107 b\u0119dziemy mogli<\/p>\n","protected":false},"author":3,"featured_media":0,"comment_status":"open","ping_status":"closed","sticky":false,"template":"","format":"standard","meta":{"_monsterinsights_skip_tracking":false,"_monsterinsights_sitenote_active":false,"_monsterinsights_sitenote_note":"","_monsterinsights_sitenote_category":0,"_uf_show_specific_survey":0,"_uf_disable_surveys":false,"footnotes":""},"categories":[3,13],"tags":[],"class_list":["post-788","post","type-post","status-publish","format-standard","hentry","category-czestochowa-informacje","category-wydarzenia"],"_links":{"self":[{"href":"https:\/\/gazetaregionalna.com\/index.php?rest_route=\/wp\/v2\/posts\/788","targetHints":{"allow":["GET"]}}],"collection":[{"href":"https:\/\/gazetaregionalna.com\/index.php?rest_route=\/wp\/v2\/posts"}],"about":[{"href":"https:\/\/gazetaregionalna.com\/index.php?rest_route=\/wp\/v2\/types\/post"}],"author":[{"embeddable":true,"href":"https:\/\/gazetaregionalna.com\/index.php?rest_route=\/wp\/v2\/users\/3"}],"replies":[{"embeddable":true,"href":"https:\/\/gazetaregionalna.com\/index.php?rest_route=%2Fwp%2Fv2%2Fcomments&post=788"}],"version-history":[{"count":1,"href":"https:\/\/gazetaregionalna.com\/index.php?rest_route=\/wp\/v2\/posts\/788\/revisions"}],"predecessor-version":[{"id":789,"href":"https:\/\/gazetaregionalna.com\/index.php?rest_route=\/wp\/v2\/posts\/788\/revisions\/789"}],"wp:attachment":[{"href":"https:\/\/gazetaregionalna.com\/index.php?rest_route=%2Fwp%2Fv2%2Fmedia&parent=788"}],"wp:term":[{"taxonomy":"category","embeddable":true,"href":"https:\/\/gazetaregionalna.com\/index.php?rest_route=%2Fwp%2Fv2%2Fcategories&post=788"},{"taxonomy":"post_tag","embeddable":true,"href":"https:\/\/gazetaregionalna.com\/index.php?rest_route=%2Fwp%2Fv2%2Ftags&post=788"}],"curies":[{"name":"wp","href":"https:\/\/api.w.org\/{rel}","templated":true}]}}