{"id":78755,"date":"2022-05-06T07:08:00","date_gmt":"2022-05-06T07:08:00","guid":{"rendered":"https:\/\/gazetaregionalna.com\/?p=78755"},"modified":"2022-05-06T08:31:19","modified_gmt":"2022-05-06T08:31:19","slug":"naukowcy-dla-przedsiebiorcow","status":"publish","type":"post","link":"https:\/\/gazetaregionalna.com\/?p=78755","title":{"rendered":"Spotkanie ,,Naukowcy dla przedsi\u0119biorc\u00f3w\u201d na cz\u0119stochowskim UJD"},"content":{"rendered":"\n<p><strong>Na cz\u0119stochowskim Uniwersytecie Humanistyczno-Przyrodniczym, 5 maja odby\u0142o si\u0119 spotkanie &#8222;Naukowcy dla przedsi\u0119biorc\u00f3w&#8221;. Go\u015bcie, bior\u0105cy w nim udzia\u0142, mogli us\u0142ysze\u0107 7 wyst\u0105pie\u0144, dotycz\u0105cych regulacji prawnych, kompetencji j\u0119zykowych i spo\u0142ecznych dla biznesu.<\/strong><\/p>\n\n\n\n<p>W ramach prowadzonych dzia\u0142a\u0144 na rzecz rozwoju wsp\u00f3\u0142pracy nauka-biznes oraz realizowanego na UJD projektu Inkubator Innowacyjno\u015bci 4.0, Centrum Transferu Wiedzy i Innowacji w Obszarze Nauki i Sztuki Uniwersytetu Humanistyczno-Przyrodniczego im. Jana D\u0142ugosza w Cz\u0119stochowie przedstawiciele otoczenia spo\u0142eczno-gospodarczego zostali zaproszeni na spotkanie z cyklu &#8222;Naukowcy dla przedsi\u0119biorc\u00f3w\u201d.<\/p>\n\n\n\n<p>Spotkanie zosta\u0142o podzielone na dwa panele. Pierwszy z nich dotyczy\u0142 &#8222;Regulacji prawnych dla biznesu\u201d, drugi natomiast &#8222;Kompetencji j\u0119zykowych i spo\u0142ecznych dla biznesu\u201d. Opr\u00f3cz przedsi\u0119biorc\u00f3w, prelegent\u00f3w i naukowc\u00f3w, udzia\u0142 w spotkaniu wzi\u0119\u0142y tak\u017ce w\u0142adze uczelni, mianowicie rektor UJD, prof. dr hab. Anna Wypych-Gawro\u0144ska, prorektor ds. rozwoju. dr hab. in\u017c. prof. UJD Zygmunt B\u0105k.<\/p>\n\n\n\n<figure class=\"wp-block-image size-large\"><img decoding=\"async\" width=\"1024\" height=\"768\" data-src=\"https:\/\/gazetaregionalna.com\/wp-content\/uploads\/2022\/05\/SAM_0897-1024x768.jpg\" alt=\"Naukowcy dla przedsi\u0119biorc\u00f3w\" class=\"wp-image-78757 lazyload\" data-srcset=\"https:\/\/gazetaregionalna.com\/wp-content\/uploads\/2022\/05\/SAM_0897-1024x768.jpg 1024w, https:\/\/gazetaregionalna.com\/wp-content\/uploads\/2022\/05\/SAM_0897-300x225.jpg 300w, https:\/\/gazetaregionalna.com\/wp-content\/uploads\/2022\/05\/SAM_0897-768x576.jpg 768w, https:\/\/gazetaregionalna.com\/wp-content\/uploads\/2022\/05\/SAM_0897-1536x1152.jpg 1536w, https:\/\/gazetaregionalna.com\/wp-content\/uploads\/2022\/05\/SAM_0897-2048x1536.jpg 2048w, https:\/\/gazetaregionalna.com\/wp-content\/uploads\/2022\/05\/SAM_0897-696x522.jpg 696w, https:\/\/gazetaregionalna.com\/wp-content\/uploads\/2022\/05\/SAM_0897-1068x801.jpg 1068w, https:\/\/gazetaregionalna.com\/wp-content\/uploads\/2022\/05\/SAM_0897-1920x1440.jpg 1920w, https:\/\/gazetaregionalna.com\/wp-content\/uploads\/2022\/05\/SAM_0897-560x420.jpg 560w, https:\/\/gazetaregionalna.com\/wp-content\/uploads\/2022\/05\/SAM_0897-80x60.jpg 80w, https:\/\/gazetaregionalna.com\/wp-content\/uploads\/2022\/05\/SAM_0897-265x198.jpg 265w, https:\/\/gazetaregionalna.com\/wp-content\/uploads\/2022\/05\/SAM_0897-scaled.jpg 1600w\" data-sizes=\"(max-width: 1024px) 100vw, 1024px\" src=\"data:image\/svg+xml;base64,PHN2ZyB3aWR0aD0iMSIgaGVpZ2h0PSIxIiB4bWxucz0iaHR0cDovL3d3dy53My5vcmcvMjAwMC9zdmciPjwvc3ZnPg==\" style=\"--smush-placeholder-width: 1024px; --smush-placeholder-aspect-ratio: 1024\/768;\" \/><\/figure>\n\n\n\n<p>Cel spotkania przedstawi\u0142a prof. dr hab. Anna Wypych-Gawro\u0144ska, kt\u00f3ra m\u00f3wi\u0142a, \u017ce dzi\u0119ki takim spotkaniom uczelnia realizuje si\u0119 nie tylko poprzez nauk\u0119 i badania, ale te\u017c poprzez wsp\u00f3\u0142prac\u0119 z otoczeniem:<\/p>\n\n\n\n<p><em>-To kolejne spotkanie, kt\u00f3re uczelnia organizuje, by przedstawi\u0107 swoje mo\u017cliwo\u015bci wsp\u00f3\u0142pracy z biznesem z przedsi\u0119biorcami, z otoczeniem spo\u0142eczno-gospodarczym. W ten spos\u00f3b realizuje si\u0119 tzw. trzeci\u0105 misj\u0119 uczelni, bo nie tylko kszta\u0142cenie i badania, ale r\u00f3wnie\u017c przedstawienie naszych mo\u017cliwo\u015bci wsp\u00f3\u0142pracy z otoczeniem. <\/em>&#8211; i dodaje &#8211; <em>To spotkanie, kt\u00f3re reprezentuje uczelni\u0119 w takich dziedzinach, kt\u00f3re mog\u0105 biznesowi pom\u00f3c w innym zakresie, np. zarz\u0105dzaniu, naukach technicznych czy \u015bcis\u0142ych, ale te\u017c prawnych i spo\u0142ecznych.<\/em><\/p>\n\n\n\n<p>Spotkanie zosta\u0142o otwarte przemow\u0105 Dyrektora Centrum Transferu Wiedzy i Innowacji w Obszarze Nauki i Sztuki UJD dr hab. Edmund Golis, prof. UJD:<\/p>\n\n\n\n<p>&#8211;<em>Spotykamy si\u0119 po raz kolejny na cyklu spotka\u0144 &#8222;Naukowcy dla przedsi\u0119biorc\u00f3w\u201d. Tym razem b\u0119dziemy m\u00f3wi\u0107 o regulacjach podatkowych i spo\u0142ecznych, kt\u00f3re s\u0105 potrzebne dla biznesu.<\/em><\/p>\n\n\n\n<p>Po tym kr\u00f3tkim wst\u0119pie, rozpocz\u0119\u0142o si\u0119 pierwsze wyst\u0105pienie, kt\u00f3re wyg\u0142osi\u0142 prelegent dr Aleksander S\u0142ysz. Temat spotkania dotyczy\u0142 praw przedsi\u0119biorcy-podatnika w procedurach kontrolnych i post\u0119powaniu podatkowym.<\/p>\n\n\n\n<figure class=\"wp-block-image size-large\"><img decoding=\"async\" width=\"1024\" height=\"768\" data-src=\"https:\/\/gazetaregionalna.com\/wp-content\/uploads\/2022\/05\/SAM_0911-1024x768.jpg\" alt=\"Naukowcy dla przedsi\u0119biorc\u00f3w\" class=\"wp-image-78758 lazyload\" data-srcset=\"https:\/\/gazetaregionalna.com\/wp-content\/uploads\/2022\/05\/SAM_0911-1024x768.jpg 1024w, https:\/\/gazetaregionalna.com\/wp-content\/uploads\/2022\/05\/SAM_0911-300x225.jpg 300w, https:\/\/gazetaregionalna.com\/wp-content\/uploads\/2022\/05\/SAM_0911-768x576.jpg 768w, https:\/\/gazetaregionalna.com\/wp-content\/uploads\/2022\/05\/SAM_0911-1536x1152.jpg 1536w, https:\/\/gazetaregionalna.com\/wp-content\/uploads\/2022\/05\/SAM_0911-2048x1536.jpg 2048w, https:\/\/gazetaregionalna.com\/wp-content\/uploads\/2022\/05\/SAM_0911-696x522.jpg 696w, https:\/\/gazetaregionalna.com\/wp-content\/uploads\/2022\/05\/SAM_0911-1068x801.jpg 1068w, https:\/\/gazetaregionalna.com\/wp-content\/uploads\/2022\/05\/SAM_0911-1920x1440.jpg 1920w, https:\/\/gazetaregionalna.com\/wp-content\/uploads\/2022\/05\/SAM_0911-560x420.jpg 560w, https:\/\/gazetaregionalna.com\/wp-content\/uploads\/2022\/05\/SAM_0911-80x60.jpg 80w, https:\/\/gazetaregionalna.com\/wp-content\/uploads\/2022\/05\/SAM_0911-265x198.jpg 265w, https:\/\/gazetaregionalna.com\/wp-content\/uploads\/2022\/05\/SAM_0911-scaled.jpg 1600w\" data-sizes=\"(max-width: 1024px) 100vw, 1024px\" src=\"data:image\/svg+xml;base64,PHN2ZyB3aWR0aD0iMSIgaGVpZ2h0PSIxIiB4bWxucz0iaHR0cDovL3d3dy53My5vcmcvMjAwMC9zdmciPjwvc3ZnPg==\" style=\"--smush-placeholder-width: 1024px; --smush-placeholder-aspect-ratio: 1024\/768;\" \/><\/figure>\n\n\n\n<p>Podczas pierwszej cz\u0119\u015bci pojawi\u0142y si\u0119 jeszcze dwa wyst\u0105pienia, drugie, zatytu\u0142owane &#8222;Elastyczne rozwi\u0105zania dotycz\u0105ce czasu pracy wynikaj\u0105ce z Kodeksu pracy\u201d, poprowadzi\u0142 dr Olgierd Kucharski, natomiast trzecie wyst\u0105pienie, pt. &#8222;Spodziewane zmiany w podatku dochodowym w zakresie PIT oraz sk\u0142adki zdrowotnej dotycz\u0105ce przedsi\u0119biorc\u00f3w\u201d zosta\u0142o poprowadzone przez dr hab. Adama Bartosiewicza, prof. UJD.<\/p>\n\n\n\n<p>Po przerwie kawowej rozpocz\u0119\u0142a si\u0119 druga cz\u0119\u015b\u0107 spotkania, sk\u0142adaj\u0105ca si\u0119 z czterech wyst\u0105pie\u0144 10-minutowych. Pierwszym wyst\u0105pieniem by\u0142o to poprowadzone przez dr Ma\u0142gorzat\u0119 Niemiec-Kna\u015b, prof. UJD. Prelegentka m\u00f3wi\u0142a na temat &#8222;J\u0119zyk\u00f3w obcych dla potrzeb biznesu\u201d. Drugie wyst\u0105pienie, zatytu\u0142owane &#8222;Klub sportowy jako pr\u0119\u017cnie dzia\u0142aj\u0105ca firma. Gra dydaktyczna jako nowoczesna forma monografii\u201d, poprowadzi\u0142 mgr Krzysztof Ko\u015bcia\u0144ski.<\/p>\n\n\n\n<p>Przedostatnie wyst\u0105pienie nale\u017ca\u0142o do dr Adrianny Sarnat-Ciastko, kt\u00f3ra m\u00f3wi\u0142a na temat &#8222;Kalejdoskopu Sytuacji Szkolnych \u2013 innowacyjne narz\u0119dzie ze \u015bwiata edukacyjnej analizy tranzakcyjnej\u201d. Ostatnie natomiast poprowadzi\u0142a dr hab. El\u017cbieta Napora, prof. UJD. Jej wyst\u0105pienie zatytu\u0142owane zosta\u0142o: &#8222;Skala Komunikowania si\u0119 Adolescent\u00f3w z R\u00f3wie\u015bnikami (SKAR). Podr\u0119cznik do narz\u0119dzia\u201d.<\/p>\n\n\n\n<p>25 kwietnia na <a href=\"https:\/\/www.ujd.edu.pl\/\" target=\"_blank\" rel=\"noopener\">Uniwersystecie Humanistyczno-Przyrodniczym w Cz\u0119stochowie <\/a>mia\u0142 miejsce briefing prasowy, podczas kt\u00f3rego poinformowano, \u017ce medycyna na cz\u0119stochowskiej uczelni niebawem mo\u017ce sta\u0107 si\u0119 faktem. Wniosek wp\u0142yn\u0105\u0142 juz do Ministerstwa Zdrowia, gdzie jest rozpatrywany. Wi\u0119cej na ten temat przeczytasz <a href=\"https:\/\/gazetaregionalna.com\/otwarcie-kierunku-medycznego-na-ujd\/\">tutaj<\/a>.<\/p>\n\n\n\n<p><strong>Linda Noco\u0144-\u015aciebura<\/strong><\/p>\n","protected":false},"excerpt":{"rendered":"<p>Na cz\u0119stochowskim Uniwersytecie Humanistyczno-Przyrodniczym, 5 maja odby\u0142o si\u0119 spotkanie &#8222;Naukowcy dla przedsi\u0119biorc\u00f3w&#8221;. Go\u015bcie, bior\u0105cy w nim udzia\u0142, mogli us\u0142ysze\u0107 7 wyst\u0105pie\u0144, dotycz\u0105cych regulacji prawnych,<\/p>\n","protected":false},"author":26,"featured_media":78756,"comment_status":"closed","ping_status":"open","sticky":false,"template":"","format":"standard","meta":{"_monsterinsights_skip_tracking":false,"_monsterinsights_sitenote_active":false,"_monsterinsights_sitenote_note":"","_monsterinsights_sitenote_category":0,"_uf_show_specific_survey":0,"_uf_disable_surveys":false,"footnotes":""},"categories":[43,3,94,2],"tags":[144,4711,4712,3202,238],"class_list":["post-78755","post","type-post","status-publish","format-standard","has-post-thumbnail","hentry","category-biznes","category-czestochowa-informacje","category-polecane","category-wiadomosci","tag-czestochowa","tag-naukowcy-dla-przedsiebiorcow","tag-przedsiebiorcy","tag-ujd","tag-uniwersytet-humanistyczno-przyrodniczemu-im-jana-dlugosza-w-czestochowie"],"_links":{"self":[{"href":"https:\/\/gazetaregionalna.com\/index.php?rest_route=\/wp\/v2\/posts\/78755","targetHints":{"allow":["GET"]}}],"collection":[{"href":"https:\/\/gazetaregionalna.com\/index.php?rest_route=\/wp\/v2\/posts"}],"about":[{"href":"https:\/\/gazetaregionalna.com\/index.php?rest_route=\/wp\/v2\/types\/post"}],"author":[{"embeddable":true,"href":"https:\/\/gazetaregionalna.com\/index.php?rest_route=\/wp\/v2\/users\/26"}],"replies":[{"embeddable":true,"href":"https:\/\/gazetaregionalna.com\/index.php?rest_route=%2Fwp%2Fv2%2Fcomments&post=78755"}],"version-history":[{"count":2,"href":"https:\/\/gazetaregionalna.com\/index.php?rest_route=\/wp\/v2\/posts\/78755\/revisions"}],"predecessor-version":[{"id":78801,"href":"https:\/\/gazetaregionalna.com\/index.php?rest_route=\/wp\/v2\/posts\/78755\/revisions\/78801"}],"wp:featuredmedia":[{"embeddable":true,"href":"https:\/\/gazetaregionalna.com\/index.php?rest_route=\/wp\/v2\/media\/78756"}],"wp:attachment":[{"href":"https:\/\/gazetaregionalna.com\/index.php?rest_route=%2Fwp%2Fv2%2Fmedia&parent=78755"}],"wp:term":[{"taxonomy":"category","embeddable":true,"href":"https:\/\/gazetaregionalna.com\/index.php?rest_route=%2Fwp%2Fv2%2Fcategories&post=78755"},{"taxonomy":"post_tag","embeddable":true,"href":"https:\/\/gazetaregionalna.com\/index.php?rest_route=%2Fwp%2Fv2%2Ftags&post=78755"}],"curies":[{"name":"wp","href":"https:\/\/api.w.org\/{rel}","templated":true}]}}