{"id":78693,"date":"2022-05-05T18:17:55","date_gmt":"2022-05-05T18:17:55","guid":{"rendered":"https:\/\/gazetaregionalna.com\/?p=78693"},"modified":"2022-05-05T18:17:56","modified_gmt":"2022-05-05T18:17:56","slug":"wruszyl-przetarg-na-remont-sali-gimnastycznej-w-szkole-podstawowej-nr-38","status":"publish","type":"post","link":"https:\/\/gazetaregionalna.com\/?p=78693","title":{"rendered":"W\u0142a\u015bnie ruszy\u0142, a zako\u0144czy si\u0119 25 maja. Chodzi o przetarg na remont sali gimnastycznej w Szkole Podstawowej nr 38."},"content":{"rendered":"\n<h2 class=\"wp-block-heading\"><strong>Og\u0142oszono przetarg na na remont sali gimnastycznej w Szkole Podstawowej nr 38 w Cz\u0119stochowie przy ul. Sikorskiego 56.<\/strong><\/h2>\n\n\n\n<p>Prace, kt\u00f3re maj\u0105 zosta\u0107 wykonane  to: rozbi\u00f3rka posadzki i u\u0142o\u017cenie nowej posadzki z deski sportowej, demonta\u017c i monta\u017c nowych grzejnik\u00f3w wraz obudowami, wymiana stolarki drzwiowej. Firma, kt\u00f3ra wygra przetarg powinna r\u00f3wnie\u017c zadba\u0107 o kompleksowy remont \u015bcian(skucie i wykonanie nowych tynk\u00f3w, malowanie), monta\u017c siatek zabezpieczaj\u0105cych okna, nowe kratki wentylacyjne, w\u0142\u0105czniki i wy\u0142\u0105czniki. Projekt remontu zak\u0142ada tak\u017ce wymian\u0119 drabinek i tarcz do koszyk\u00f3wki.<br><br>Oferty przetargowe b\u0119d\u0105 przyjmowanie do 25 maja do godz. 9:00. Nale\u017cy je sk\u0142ada\u0107 przez miniportal UZP <a href=\"https:\/\/miniportal.uzp.gov.pl\/\" target=\"_blank\" rel=\"noopener\">https:\/\/miniportal.uzp.gov.pl\/<\/a><\/p>\n\n\n\n<p>Pe\u0142na tre\u015b\u0107 zam\u00f3wienia jest dost\u0119pna na: <a href=\"https:\/\/bip.czestochowa.pl\/przetarg\/1173580\/iz-271-35-2022\" target=\"_blank\" rel=\"noopener\">https:\/\/bip.czestochowa.pl\/przetarg\/1173580\/iz-271-35-2022<\/a><\/p>\n","protected":false},"excerpt":{"rendered":"<p>Og\u0142oszono przetarg na na remont sali gimnastycznej w Szkole Podstawowej nr 38 w Cz\u0119stochowie przy ul. Sikorskiego 56. Prace, kt\u00f3re maj\u0105 zosta\u0107 wykonane to:<\/p>\n","protected":false},"author":24,"featured_media":78695,"comment_status":"closed","ping_status":"open","sticky":false,"template":"","format":"standard","meta":{"_monsterinsights_skip_tracking":false,"_monsterinsights_sitenote_active":false,"_monsterinsights_sitenote_note":"","_monsterinsights_sitenote_category":0,"_uf_show_specific_survey":0,"_uf_disable_surveys":false,"footnotes":""},"categories":[33,1323,20,3,41],"tags":[4708,3901,92,1682,3220],"class_list":["post-78693","post","type-post","status-publish","format-standard","has-post-thumbnail","hentry","category-inwestycje","category-architecture","category-budownictwo","category-czestochowa-informacje","category-edukacja","tag-oferty","tag-przetarg","tag-remont","tag-sala-gimnastyczna","tag-szkola-podstawowa"],"_links":{"self":[{"href":"https:\/\/gazetaregionalna.com\/index.php?rest_route=\/wp\/v2\/posts\/78693","targetHints":{"allow":["GET"]}}],"collection":[{"href":"https:\/\/gazetaregionalna.com\/index.php?rest_route=\/wp\/v2\/posts"}],"about":[{"href":"https:\/\/gazetaregionalna.com\/index.php?rest_route=\/wp\/v2\/types\/post"}],"author":[{"embeddable":true,"href":"https:\/\/gazetaregionalna.com\/index.php?rest_route=\/wp\/v2\/users\/24"}],"replies":[{"embeddable":true,"href":"https:\/\/gazetaregionalna.com\/index.php?rest_route=%2Fwp%2Fv2%2Fcomments&post=78693"}],"version-history":[{"count":1,"href":"https:\/\/gazetaregionalna.com\/index.php?rest_route=\/wp\/v2\/posts\/78693\/revisions"}],"predecessor-version":[{"id":78694,"href":"https:\/\/gazetaregionalna.com\/index.php?rest_route=\/wp\/v2\/posts\/78693\/revisions\/78694"}],"wp:featuredmedia":[{"embeddable":true,"href":"https:\/\/gazetaregionalna.com\/index.php?rest_route=\/wp\/v2\/media\/78695"}],"wp:attachment":[{"href":"https:\/\/gazetaregionalna.com\/index.php?rest_route=%2Fwp%2Fv2%2Fmedia&parent=78693"}],"wp:term":[{"taxonomy":"category","embeddable":true,"href":"https:\/\/gazetaregionalna.com\/index.php?rest_route=%2Fwp%2Fv2%2Fcategories&post=78693"},{"taxonomy":"post_tag","embeddable":true,"href":"https:\/\/gazetaregionalna.com\/index.php?rest_route=%2Fwp%2Fv2%2Ftags&post=78693"}],"curies":[{"name":"wp","href":"https:\/\/api.w.org\/{rel}","templated":true}]}}