{"id":78685,"date":"2022-05-05T14:22:12","date_gmt":"2022-05-05T14:22:12","guid":{"rendered":"https:\/\/gazetaregionalna.com\/?p=78685"},"modified":"2022-05-05T14:22:13","modified_gmt":"2022-05-05T14:22:13","slug":"sa-awizowane-sklady-na-mecz-zielona-energia-com-wlokniarz-w-gorzowie","status":"publish","type":"post","link":"https:\/\/gazetaregionalna.com\/?p=78685","title":{"rendered":"S\u0105 awizowane sk\u0142ady na mecz zielona-energia.com W\u0142\u00f3kniarz w Gorzowie"},"content":{"rendered":"\n<p>Mened\u017cerowie Moje Bermudy Stal Gorz\u00f3w i zielona-energia.com W\u0142\u00f3kniarz podali awizowane sk\u0142ady na niedzielny mecz w Gorzowie.<\/p>\n\n\n\n<p>Spotkanie V kolejki PGE Ekstraligi zaplanowane jest 6 maja o godz. 16:30 w Gorzowie.<\/p>\n\n\n\n<p>AK, foto: AK<\/p>\n\n\n\n<p>zielona-energia.com W\u0142\u00f3kniarz Cz\u0119stochowa<\/p>\n\n\n\n<p>1. Leon Madsen<\/p>\n\n\n\n<p>2. Bartosz Smekta\u0142a<\/p>\n\n\n\n<p>3. Fredrik Lindgren<\/p>\n\n\n\n<p>4. Jonas Jeppesen<\/p>\n\n\n\n<p>5. Kacper Woryna<\/p>\n\n\n\n<p>6. Jakub Mi\u015bkowiak<\/p>\n\n\n\n<p>7. Mateusz \u015awidnicki<\/p>\n\n\n\n<p>Moje Bermudy Stal Gorz\u00f3w<\/p>\n\n\n\n<p>9. Wiktor Jasi\u0144ski<\/p>\n\n\n\n<p>10. Anders Thomsen<\/p>\n\n\n\n<p>11. Martin Vaculik<\/p>\n\n\n\n<p>12. Patrick Hansen<\/p>\n\n\n\n<p>13. Bartosz Zmarzlik<\/p>\n\n\n\n<p>14. Jakub Stojanowski<\/p>\n\n\n\n<p>15. Mateusz Bartkowiak<\/p>\n\n\n\n<figure class=\"wp-block-image size-large\"><img decoding=\"async\" width=\"1024\" height=\"683\" data-src=\"https:\/\/gazetaregionalna.com\/wp-content\/uploads\/2022\/05\/CKM-Sparta-3-1024x683.jpg\" alt=\"\" class=\"wp-image-78180 lazyload\" data-srcset=\"https:\/\/gazetaregionalna.com\/wp-content\/uploads\/2022\/05\/CKM-Sparta-3-1024x683.jpg 1024w, https:\/\/gazetaregionalna.com\/wp-content\/uploads\/2022\/05\/CKM-Sparta-3-300x200.jpg 300w, https:\/\/gazetaregionalna.com\/wp-content\/uploads\/2022\/05\/CKM-Sparta-3-768x512.jpg 768w, https:\/\/gazetaregionalna.com\/wp-content\/uploads\/2022\/05\/CKM-Sparta-3-1536x1024.jpg 1536w, https:\/\/gazetaregionalna.com\/wp-content\/uploads\/2022\/05\/CKM-Sparta-3-2048x1365.jpg 2048w, https:\/\/gazetaregionalna.com\/wp-content\/uploads\/2022\/05\/CKM-Sparta-3-696x464.jpg 696w, https:\/\/gazetaregionalna.com\/wp-content\/uploads\/2022\/05\/CKM-Sparta-3-1068x712.jpg 1068w, https:\/\/gazetaregionalna.com\/wp-content\/uploads\/2022\/05\/CKM-Sparta-3-1920x1280.jpg 1920w, https:\/\/gazetaregionalna.com\/wp-content\/uploads\/2022\/05\/CKM-Sparta-3-630x420.jpg 630w, https:\/\/gazetaregionalna.com\/wp-content\/uploads\/2022\/05\/CKM-Sparta-3-scaled.jpg 1600w\" data-sizes=\"(max-width: 1024px) 100vw, 1024px\" src=\"data:image\/svg+xml;base64,PHN2ZyB3aWR0aD0iMSIgaGVpZ2h0PSIxIiB4bWxucz0iaHR0cDovL3d3dy53My5vcmcvMjAwMC9zdmciPjwvc3ZnPg==\" style=\"--smush-placeholder-width: 1024px; --smush-placeholder-aspect-ratio: 1024\/683;\" \/><\/figure>\n\n\n\n<figure class=\"wp-block-image size-large\"><img decoding=\"async\" width=\"1024\" height=\"683\" data-src=\"https:\/\/gazetaregionalna.com\/wp-content\/uploads\/2022\/05\/CKM-Sparta-0-1024x683.jpg\" alt=\"\" class=\"wp-image-78177 lazyload\" data-srcset=\"https:\/\/gazetaregionalna.com\/wp-content\/uploads\/2022\/05\/CKM-Sparta-0-1024x683.jpg 1024w, https:\/\/gazetaregionalna.com\/wp-content\/uploads\/2022\/05\/CKM-Sparta-0-300x200.jpg 300w, https:\/\/gazetaregionalna.com\/wp-content\/uploads\/2022\/05\/CKM-Sparta-0-768x512.jpg 768w, https:\/\/gazetaregionalna.com\/wp-content\/uploads\/2022\/05\/CKM-Sparta-0-1536x1024.jpg 1536w, https:\/\/gazetaregionalna.com\/wp-content\/uploads\/2022\/05\/CKM-Sparta-0-2048x1365.jpg 2048w, https:\/\/gazetaregionalna.com\/wp-content\/uploads\/2022\/05\/CKM-Sparta-0-696x464.jpg 696w, https:\/\/gazetaregionalna.com\/wp-content\/uploads\/2022\/05\/CKM-Sparta-0-1068x712.jpg 1068w, https:\/\/gazetaregionalna.com\/wp-content\/uploads\/2022\/05\/CKM-Sparta-0-1920x1280.jpg 1920w, https:\/\/gazetaregionalna.com\/wp-content\/uploads\/2022\/05\/CKM-Sparta-0-630x420.jpg 630w, https:\/\/gazetaregionalna.com\/wp-content\/uploads\/2022\/05\/CKM-Sparta-0-scaled.jpg 1600w\" data-sizes=\"(max-width: 1024px) 100vw, 1024px\" src=\"data:image\/svg+xml;base64,PHN2ZyB3aWR0aD0iMSIgaGVpZ2h0PSIxIiB4bWxucz0iaHR0cDovL3d3dy53My5vcmcvMjAwMC9zdmciPjwvc3ZnPg==\" style=\"--smush-placeholder-width: 1024px; --smush-placeholder-aspect-ratio: 1024\/683;\" \/><\/figure>\n\n\n\n<figure class=\"wp-block-image size-large\"><img decoding=\"async\" width=\"300\" height=\"250\" data-src=\"https:\/\/gazetaregionalna.com\/wp-content\/uploads\/2022\/04\/DMK-7.jpg\" alt=\"\" class=\"wp-image-77214 lazyload\" src=\"data:image\/svg+xml;base64,PHN2ZyB3aWR0aD0iMSIgaGVpZ2h0PSIxIiB4bWxucz0iaHR0cDovL3d3dy53My5vcmcvMjAwMC9zdmciPjwvc3ZnPg==\" style=\"--smush-placeholder-width: 300px; --smush-placeholder-aspect-ratio: 300\/250;\"><\/figure>\n","protected":false},"excerpt":{"rendered":"<p>Mened\u017cerowie Moje Bermudy Stal Gorz\u00f3w i zielona-energia.com W\u0142\u00f3kniarz podali awizowane sk\u0142ady na niedzielny mecz w Gorzowie. Spotkanie V kolejki PGE Ekstraligi zaplanowane jest 6<\/p>\n","protected":false},"author":15,"featured_media":78194,"comment_status":"closed","ping_status":"open","sticky":false,"template":"","format":"standard","meta":{"_monsterinsights_skip_tracking":false,"_monsterinsights_sitenote_active":false,"_monsterinsights_sitenote_note":"","_monsterinsights_sitenote_category":0,"_uf_show_specific_survey":0,"_uf_disable_surveys":false,"footnotes":""},"categories":[5,7],"tags":[],"class_list":["post-78685","post","type-post","status-publish","format-standard","has-post-thumbnail","hentry","category-sport","category-zuzel"],"_links":{"self":[{"href":"https:\/\/gazetaregionalna.com\/index.php?rest_route=\/wp\/v2\/posts\/78685","targetHints":{"allow":["GET"]}}],"collection":[{"href":"https:\/\/gazetaregionalna.com\/index.php?rest_route=\/wp\/v2\/posts"}],"about":[{"href":"https:\/\/gazetaregionalna.com\/index.php?rest_route=\/wp\/v2\/types\/post"}],"author":[{"embeddable":true,"href":"https:\/\/gazetaregionalna.com\/index.php?rest_route=\/wp\/v2\/users\/15"}],"replies":[{"embeddable":true,"href":"https:\/\/gazetaregionalna.com\/index.php?rest_route=%2Fwp%2Fv2%2Fcomments&post=78685"}],"version-history":[{"count":1,"href":"https:\/\/gazetaregionalna.com\/index.php?rest_route=\/wp\/v2\/posts\/78685\/revisions"}],"predecessor-version":[{"id":78686,"href":"https:\/\/gazetaregionalna.com\/index.php?rest_route=\/wp\/v2\/posts\/78685\/revisions\/78686"}],"wp:featuredmedia":[{"embeddable":true,"href":"https:\/\/gazetaregionalna.com\/index.php?rest_route=\/wp\/v2\/media\/78194"}],"wp:attachment":[{"href":"https:\/\/gazetaregionalna.com\/index.php?rest_route=%2Fwp%2Fv2%2Fmedia&parent=78685"}],"wp:term":[{"taxonomy":"category","embeddable":true,"href":"https:\/\/gazetaregionalna.com\/index.php?rest_route=%2Fwp%2Fv2%2Fcategories&post=78685"},{"taxonomy":"post_tag","embeddable":true,"href":"https:\/\/gazetaregionalna.com\/index.php?rest_route=%2Fwp%2Fv2%2Ftags&post=78685"}],"curies":[{"name":"wp","href":"https:\/\/api.w.org\/{rel}","templated":true}]}}