{"id":78673,"date":"2022-05-05T13:43:15","date_gmt":"2022-05-05T13:43:15","guid":{"rendered":"https:\/\/gazetaregionalna.com\/?p=78673"},"modified":"2022-05-05T13:47:00","modified_gmt":"2022-05-05T13:47:00","slug":"trwa-nabor-do-akademii-norwidziaka-teraz-treningi-tez-w-sp-18","status":"publish","type":"post","link":"https:\/\/gazetaregionalna.com\/?p=78673","title":{"rendered":"Trwa nab\u00f3r do Akademii Norwidziaka. Teraz treningi te\u017c w SP 18"},"content":{"rendered":"\n<p>Akademia Norwidziaka dzia\u0142aj\u0105ca przy klubie Exact Systems Norwid Cz\u0119stochowa og\u0142asza nab\u00f3r do swojej akademii przy ul. Jasnog\u00f3rskiej, a tak\u017ce przy ul. \u015aw. Barbary.<\/p>\n\n\n\n<p>Akademia Norwidziaka rozrasta si\u0119. Zaj\u0119cia b\u0119d\u0105 prowadzone r\u00f3wnie\u017c w Szkole Podstawowej numer 18 przy ul. \u015aw. Barbary 32. Zaj\u0119cia odbywa\u0107 si\u0119 b\u0119d\u0105 we wtorki i czwartki od godz. 17. Do ko\u0144ca roku szkolnego treningi s\u0105 bezp\u0142atne&#8230;<\/p>\n\n\n\n<p>Szczeg\u00f3\u0142owe informacje s\u0105 dost\u0119pne pod numerem tel. 693298634 lub pisz\u0105c na mail: <a href=\"mailto:akademia@ksnorwidczestochowa.pl\">akademia@ksnorwidczestochowa.pl<\/a><\/p>\n\n\n\n<p>AK, foto: materia\u0142y promocyjne klubu <\/p>\n\n\n\n<figure class=\"wp-block-image size-large\"><img decoding=\"async\" width=\"727\" height=\"1024\" data-src=\"https:\/\/gazetaregionalna.com\/wp-content\/uploads\/2022\/05\/NaborESN-727x1024.jpg\" alt=\"\" class=\"wp-image-78674 lazyload\" data-srcset=\"https:\/\/gazetaregionalna.com\/wp-content\/uploads\/2022\/05\/NaborESN-727x1024.jpg 727w, https:\/\/gazetaregionalna.com\/wp-content\/uploads\/2022\/05\/NaborESN-213x300.jpg 213w, https:\/\/gazetaregionalna.com\/wp-content\/uploads\/2022\/05\/NaborESN-768x1082.jpg 768w, https:\/\/gazetaregionalna.com\/wp-content\/uploads\/2022\/05\/NaborESN-1091x1536.jpg 1091w, https:\/\/gazetaregionalna.com\/wp-content\/uploads\/2022\/05\/NaborESN-696x980.jpg 696w, https:\/\/gazetaregionalna.com\/wp-content\/uploads\/2022\/05\/NaborESN-1068x1504.jpg 1068w, https:\/\/gazetaregionalna.com\/wp-content\/uploads\/2022\/05\/NaborESN-298x420.jpg 298w, https:\/\/gazetaregionalna.com\/wp-content\/uploads\/2022\/05\/NaborESN.jpg 1136w\" data-sizes=\"(max-width: 727px) 100vw, 727px\" src=\"data:image\/svg+xml;base64,PHN2ZyB3aWR0aD0iMSIgaGVpZ2h0PSIxIiB4bWxucz0iaHR0cDovL3d3dy53My5vcmcvMjAwMC9zdmciPjwvc3ZnPg==\" style=\"--smush-placeholder-width: 727px; --smush-placeholder-aspect-ratio: 727\/1024;\" \/><\/figure>\n\n\n\n<figure class=\"wp-block-image size-large\"><img decoding=\"async\" width=\"300\" height=\"250\" data-src=\"https:\/\/gazetaregionalna.com\/wp-content\/uploads\/2022\/04\/DMK-10.jpg\" alt=\"\" class=\"wp-image-77218 lazyload\" src=\"data:image\/svg+xml;base64,PHN2ZyB3aWR0aD0iMSIgaGVpZ2h0PSIxIiB4bWxucz0iaHR0cDovL3d3dy53My5vcmcvMjAwMC9zdmciPjwvc3ZnPg==\" style=\"--smush-placeholder-width: 300px; --smush-placeholder-aspect-ratio: 300\/250;\"><\/figure>\n","protected":false},"excerpt":{"rendered":"<p>Akademia Norwidziaka dzia\u0142aj\u0105ca przy klubie Exact Systems Norwid Cz\u0119stochowa og\u0142asza nab\u00f3r do swojej akademii przy ul. Jasnog\u00f3rskiej, a tak\u017ce przy ul. \u015aw. Barbary. Akademia<\/p>\n","protected":false},"author":15,"featured_media":78674,"comment_status":"closed","ping_status":"open","sticky":false,"template":"","format":"standard","meta":{"_monsterinsights_skip_tracking":false,"_monsterinsights_sitenote_active":false,"_monsterinsights_sitenote_note":"","_monsterinsights_sitenote_category":0,"_uf_show_specific_survey":0,"_uf_disable_surveys":false,"footnotes":""},"categories":[5,8],"tags":[],"class_list":["post-78673","post","type-post","status-publish","format-standard","has-post-thumbnail","hentry","category-sport","category-siatkowka"],"_links":{"self":[{"href":"https:\/\/gazetaregionalna.com\/index.php?rest_route=\/wp\/v2\/posts\/78673","targetHints":{"allow":["GET"]}}],"collection":[{"href":"https:\/\/gazetaregionalna.com\/index.php?rest_route=\/wp\/v2\/posts"}],"about":[{"href":"https:\/\/gazetaregionalna.com\/index.php?rest_route=\/wp\/v2\/types\/post"}],"author":[{"embeddable":true,"href":"https:\/\/gazetaregionalna.com\/index.php?rest_route=\/wp\/v2\/users\/15"}],"replies":[{"embeddable":true,"href":"https:\/\/gazetaregionalna.com\/index.php?rest_route=%2Fwp%2Fv2%2Fcomments&post=78673"}],"version-history":[{"count":2,"href":"https:\/\/gazetaregionalna.com\/index.php?rest_route=\/wp\/v2\/posts\/78673\/revisions"}],"predecessor-version":[{"id":78677,"href":"https:\/\/gazetaregionalna.com\/index.php?rest_route=\/wp\/v2\/posts\/78673\/revisions\/78677"}],"wp:featuredmedia":[{"embeddable":true,"href":"https:\/\/gazetaregionalna.com\/index.php?rest_route=\/wp\/v2\/media\/78674"}],"wp:attachment":[{"href":"https:\/\/gazetaregionalna.com\/index.php?rest_route=%2Fwp%2Fv2%2Fmedia&parent=78673"}],"wp:term":[{"taxonomy":"category","embeddable":true,"href":"https:\/\/gazetaregionalna.com\/index.php?rest_route=%2Fwp%2Fv2%2Fcategories&post=78673"},{"taxonomy":"post_tag","embeddable":true,"href":"https:\/\/gazetaregionalna.com\/index.php?rest_route=%2Fwp%2Fv2%2Ftags&post=78673"}],"curies":[{"name":"wp","href":"https:\/\/api.w.org\/{rel}","templated":true}]}}