{"id":78585,"date":"2022-05-04T14:37:46","date_gmt":"2022-05-04T14:37:46","guid":{"rendered":"https:\/\/gazetaregionalna.com\/?p=78585"},"modified":"2022-05-04T14:37:47","modified_gmt":"2022-05-04T14:37:47","slug":"wiceprezes-exact-systems-norwid-leslaw-walaszczyk-jestesmy-zawiedzeni","status":"publish","type":"post","link":"https:\/\/gazetaregionalna.com\/?p=78585","title":{"rendered":"Wiceprezes Exact Systems Norwid Les\u0142aw Walaszczyk:  Jeste\u015bmy zawiedzeni"},"content":{"rendered":"\n<p><strong>Wiceprezes Exact Systems Norwid Les\u0142aw Walaszczyk: Jeste\u015bmy zawiedzeni<\/strong><\/p>\n\n\n\n<p>&#8211; Jeste\u015bmy w jaki\u015b spos\u00f3b zawiedzeni tym, \u017ce dru\u017cyna, na kt\u00f3r\u0105 postawili\u015bmy w tym roku, nie osi\u0105gn\u0119\u0142a takiego wyniku i takiej atmosfery oraz zespo\u0142owo\u015bci, aby przynajmniej powt\u00f3rzy\u0107 wynik z poprzedniego sezonu \u2013 ocenia zako\u0144czony sezon w Tauron 1 Lidze wiceprezes Exact Systems Norwid Les\u0142aw Walaszczyk.<\/p>\n\n\n\n<p><strong>Gazeta Regionalna: Miniony sezon w Tauron 1 Lidze zako\u0144czyli\u015bcie dopiero na 11. miejscu. To na pewno niedosyt tym bardziej, \u017ce byli\u015bcie tu\u017c po najlepszym sezonie w historii klubu&#8230;<\/strong><\/p>\n\n\n\n<p>Les\u0142aw Walaszczyk &#8211; Po poprzednim sezonie, gdzie zaj\u0119li\u015bmy po rundzie zasadniczej wysokie 4. miejsce, a po play-off 5. pozycj\u0119 chcieli\u015bmy zrobi\u0107 kolejny krok naprz\u00f3d i zagra\u0107 w \u015bcis\u0142ych fina\u0142ach play-off i osi\u0105gn\u0105\u0107 jeszcze lepszy wynik sportowy. To nam si\u0119 niestety nie uda\u0142o. Jeste\u015bmy w jaki\u015b spos\u00f3b zawiedzeni tym, \u017ce dru\u017cyna, na kt\u00f3r\u0105 postawili\u015bmy w tym roku, nie osi\u0105gn\u0119\u0142a takiego wyniku i takiej atmosfery oraz zespo\u0142owo\u015bci, aby przynajmniej powt\u00f3rzy\u0107 wynik z poprzedniego sezonu.<\/p>\n\n\n\n<p><strong>Analizowali\u015bcie ju\u017c przyczyny s\u0142abszej dyspozycji dru\u017cyny?<\/strong><\/p>\n\n\n\n<p>&#8211; Na pewno by\u0142 to sezon, kt\u00f3ry mia\u0142 du\u017co zmieni\u0107 i mieli\u015bmy spore ambicje. Do sztabu trenerskiego do\u0142\u0105czy\u0142 znany Piotr Gruszka, ale nie mia\u0142 du\u017cego wp\u0142ywu na sk\u0142ad dru\u017cyny. Teraz Piotr Gruszka b\u0119dzie budowa\u0142 zesp\u00f3\u0142 od samego pocz\u0105tku i pod siebie. Oczywi\u015bcie, \u017ce przeprowadzili\u015bmy analiz\u0119<\/p>\n\n\n\n<p><strong>Czyli mo\u017cna powiedzie\u0107, \u017ce tutaj nic si\u0119 nie zmienia. Trenerem b\u0119dzie nadal Piotr Gruszka, a co z zawodnikami?<\/strong><\/p>\n\n\n\n<p>&#8211; Tak. Piotr b\u0119dzie nadal pierwszym trenerem. I b\u0119dzie budowa\u0142 zesp\u00f3\u0142 pod siebie. Ka\u017cdy trener ma swoj\u0105 koncepcj\u0119 budowy zespo\u0142u i wsp\u00f3\u0142pracy z tym zespo\u0142em. To b\u0119dzie pierwszy sezon, w kt\u00f3rym trener Gruszka od samego pocz\u0105tku b\u0119dzie mia\u0142 du\u017cy wp\u0142yw na dru\u017cyn\u0119. A je\u015bli chodzi o zawodnik\u00f3w to na pewno b\u0119d\u0105 jakie\u015b roszady i o nich b\u0119dziemy informowa\u0107.<\/p>\n\n\n\n<p><strong>Co zadecydowa\u0142o, \u017ce zako\u0144czyli\u015bcie sezon dopiero na 11. miejscu w Tauron 1 Lidze?<\/strong><\/p>\n\n\n\n<p>&#8211; Pocz\u0105tek sezonu mieli\u015bmy bardzo trudny. Szkoda tych mecz\u00f3w, kt\u00f3re przegrali\u015bmy jesieni\u0105, bo praktycznie one zadecydowa\u0142y o tym, \u017ce zabrak\u0142o nas w play-off. Cieszy mnie natomiast fakt, \u017ce od ko\u0144ca grudnia zacz\u0119li\u015bmy gra\u0107 ju\u017c fajn\u0105 siatk\u00f3wk\u0119, kt\u00f3ra mog\u0142a ju\u017c podoba\u0107 si\u0119 kibicom. Wydaje mi si\u0119 te\u017c, \u017ce stworzyli\u015bmy fajn\u0105 atmosfer\u0119 na tych meczach. Powsta\u0142 klub kibica, kt\u00f3ry dopingowa\u0142 naszych zawodnik\u00f3w u nas przy Jasnog\u00f3rskiej i na wi\u0119kszo\u015bci mecz\u00f3w wyjazdowych. To te\u017c by\u0142o du\u017c\u0105 zmian\u0105 w tym sezonie i fajnie to pomaga\u0142o. To budowa\u0142o atmosfer\u0119 i ch\u0119\u0107 do grania i ch\u0119\u0107 do przychodzenia na mecze. Po to te\u017c tworzymy ten zesp\u00f3\u0142 i staramy si\u0119, aby jak najwi\u0119cej cz\u0119stochowskich kibic\u00f3w cieszy\u0142o si\u0119 z siatk\u00f3wki na najwy\u017cszym poziomie, jaki mam teraz w Cz\u0119stochowie.<\/p>\n\n\n\n<p><strong>Zapytam o kolejny sezon. Czy kibice mog\u0105 si\u0119 spodziewa\u0107 du\u017cych roszad w sk\u0142adzie czy to b\u0119d\u0105 kosmetyczne zmiany. Co mo\u017ce Pan na dzisiaj powiedzie\u0107?<\/strong><\/p>\n\n\n\n<p>&#8211; O nowym sezonie my\u015blimy ju\u017c od zimy. Zawodnicy w tych ostatnich meczach pracowali na zaufanie trenera. Zmiany na pewno jakie\u015b b\u0119d\u0105, ale tak jak powiedzia\u0142em wcze\u015bniej, o wszystkim b\u0119dziemy informowa\u0107. Jednym z naszych cel\u00f3w na najbli\u017cszy sezon jest zmiana wizerunku z klubu uczniowskiego na bardziej profesjonalny. Chcemy bardziej wyj\u015b\u0107 na miasto. Prowadzili\u015bmy rozmowy z administratorami wi\u0119kszych hal w Cz\u0119stochowie, ale niestety nie uda\u0142o nam si\u0119 znale\u017a\u0107 miejsca w hali na \u017bu\u017clowej. I to jest dla nas sporym zaskoczeniem. Chcemy te nasze widowiska rozbudowywa\u0107 i zale\u017ca\u0142o nam, aby by\u0107 ju\u017c na wi\u0119kszym obiekcie. Obecnie prowadzimy rozmowy z innymi administratorami. My\u015bl\u0119 tutaj o halach uczelnianych i o Hali Polonia. Sportowo z trenerem Piotrem Gruszk\u0105 szukamy rozwi\u0105za\u0144, aby zesp\u00f3\u0142 by\u0142 kompletny pod jego wizj\u0119 gry i rozwoju tego klubu. Liczymy na to, \u017ce wr\u00f3cimy na tak\u0105 \u015bcie\u017ck\u0119, \u017ce b\u0119dziemy jednak licz\u0105cym si\u0119 zespo\u0142em w Tauron 1 Lidze. Je\u015bli b\u0119d\u0105 dobre warunki i dobra atmosfera to mam nadziej\u0119, \u017ce w\u0142\u0105czymy si\u0119 do walki o najwy\u017csze cele&#8230;<\/p>\n\n\n\n<p><strong>Dzi\u0119kujemy za rozmow\u0119<\/strong><\/p>\n\n\n\n<figure class=\"wp-block-image size-large\"><img decoding=\"async\" width=\"1024\" height=\"683\" data-src=\"https:\/\/gazetaregionalna.com\/wp-content\/uploads\/2021\/12\/ESN-Skra-86-1024x683.jpg\" alt=\"\" class=\"wp-image-67896 lazyload\" data-srcset=\"https:\/\/gazetaregionalna.com\/wp-content\/uploads\/2021\/12\/ESN-Skra-86-1024x683.jpg 1024w, https:\/\/gazetaregionalna.com\/wp-content\/uploads\/2021\/12\/ESN-Skra-86-300x200.jpg 300w, https:\/\/gazetaregionalna.com\/wp-content\/uploads\/2021\/12\/ESN-Skra-86-768x512.jpg 768w, https:\/\/gazetaregionalna.com\/wp-content\/uploads\/2021\/12\/ESN-Skra-86-1536x1024.jpg 1536w, https:\/\/gazetaregionalna.com\/wp-content\/uploads\/2021\/12\/ESN-Skra-86-2048x1365.jpg 2048w, https:\/\/gazetaregionalna.com\/wp-content\/uploads\/2021\/12\/ESN-Skra-86-696x464.jpg 696w, https:\/\/gazetaregionalna.com\/wp-content\/uploads\/2021\/12\/ESN-Skra-86-1068x712.jpg 1068w, https:\/\/gazetaregionalna.com\/wp-content\/uploads\/2021\/12\/ESN-Skra-86-1920x1280.jpg 1920w, https:\/\/gazetaregionalna.com\/wp-content\/uploads\/2021\/12\/ESN-Skra-86-630x420.jpg 630w, https:\/\/gazetaregionalna.com\/wp-content\/uploads\/2021\/12\/ESN-Skra-86-scaled.jpg 1600w\" data-sizes=\"(max-width: 1024px) 100vw, 1024px\" src=\"data:image\/svg+xml;base64,PHN2ZyB3aWR0aD0iMSIgaGVpZ2h0PSIxIiB4bWxucz0iaHR0cDovL3d3dy53My5vcmcvMjAwMC9zdmciPjwvc3ZnPg==\" style=\"--smush-placeholder-width: 1024px; --smush-placeholder-aspect-ratio: 1024\/683;\" \/><\/figure>\n\n\n\n<figure class=\"wp-block-image size-large\"><img decoding=\"async\" width=\"300\" height=\"250\" data-src=\"https:\/\/gazetaregionalna.com\/wp-content\/uploads\/2022\/04\/DMK-8.jpg\" alt=\"\" class=\"wp-image-77215 lazyload\" src=\"data:image\/svg+xml;base64,PHN2ZyB3aWR0aD0iMSIgaGVpZ2h0PSIxIiB4bWxucz0iaHR0cDovL3d3dy53My5vcmcvMjAwMC9zdmciPjwvc3ZnPg==\" style=\"--smush-placeholder-width: 300px; --smush-placeholder-aspect-ratio: 300\/250;\"><\/figure>\n\n\n\n<figure class=\"wp-block-image size-large\"><img decoding=\"async\" width=\"300\" height=\"250\" data-src=\"https:\/\/gazetaregionalna.com\/wp-content\/uploads\/2022\/04\/DMK-2.jpg\" alt=\"\" class=\"wp-image-77210 lazyload\" src=\"data:image\/svg+xml;base64,PHN2ZyB3aWR0aD0iMSIgaGVpZ2h0PSIxIiB4bWxucz0iaHR0cDovL3d3dy53My5vcmcvMjAwMC9zdmciPjwvc3ZnPg==\" style=\"--smush-placeholder-width: 300px; --smush-placeholder-aspect-ratio: 300\/250;\"><\/figure>\n","protected":false},"excerpt":{"rendered":"<p>Wiceprezes Exact Systems Norwid Les\u0142aw Walaszczyk: Jeste\u015bmy zawiedzeni &#8211; Jeste\u015bmy w jaki\u015b spos\u00f3b zawiedzeni tym, \u017ce dru\u017cyna, na kt\u00f3r\u0105 postawili\u015bmy w tym roku, nie<\/p>\n","protected":false},"author":15,"featured_media":67896,"comment_status":"closed","ping_status":"open","sticky":false,"template":"","format":"standard","meta":{"_monsterinsights_skip_tracking":false,"_monsterinsights_sitenote_active":false,"_monsterinsights_sitenote_note":"","_monsterinsights_sitenote_category":0,"_uf_show_specific_survey":0,"_uf_disable_surveys":false,"footnotes":""},"categories":[5,8],"tags":[],"class_list":["post-78585","post","type-post","status-publish","format-standard","has-post-thumbnail","hentry","category-sport","category-siatkowka"],"_links":{"self":[{"href":"https:\/\/gazetaregionalna.com\/index.php?rest_route=\/wp\/v2\/posts\/78585","targetHints":{"allow":["GET"]}}],"collection":[{"href":"https:\/\/gazetaregionalna.com\/index.php?rest_route=\/wp\/v2\/posts"}],"about":[{"href":"https:\/\/gazetaregionalna.com\/index.php?rest_route=\/wp\/v2\/types\/post"}],"author":[{"embeddable":true,"href":"https:\/\/gazetaregionalna.com\/index.php?rest_route=\/wp\/v2\/users\/15"}],"replies":[{"embeddable":true,"href":"https:\/\/gazetaregionalna.com\/index.php?rest_route=%2Fwp%2Fv2%2Fcomments&post=78585"}],"version-history":[{"count":1,"href":"https:\/\/gazetaregionalna.com\/index.php?rest_route=\/wp\/v2\/posts\/78585\/revisions"}],"predecessor-version":[{"id":78586,"href":"https:\/\/gazetaregionalna.com\/index.php?rest_route=\/wp\/v2\/posts\/78585\/revisions\/78586"}],"wp:featuredmedia":[{"embeddable":true,"href":"https:\/\/gazetaregionalna.com\/index.php?rest_route=\/wp\/v2\/media\/67896"}],"wp:attachment":[{"href":"https:\/\/gazetaregionalna.com\/index.php?rest_route=%2Fwp%2Fv2%2Fmedia&parent=78585"}],"wp:term":[{"taxonomy":"category","embeddable":true,"href":"https:\/\/gazetaregionalna.com\/index.php?rest_route=%2Fwp%2Fv2%2Fcategories&post=78585"},{"taxonomy":"post_tag","embeddable":true,"href":"https:\/\/gazetaregionalna.com\/index.php?rest_route=%2Fwp%2Fv2%2Ftags&post=78585"}],"curies":[{"name":"wp","href":"https:\/\/api.w.org\/{rel}","templated":true}]}}