{"id":78162,"date":"2022-05-01T14:00:37","date_gmt":"2022-05-01T14:00:37","guid":{"rendered":"https:\/\/gazetaregionalna.com\/?p=78162"},"modified":"2022-05-01T14:00:38","modified_gmt":"2022-05-01T14:00:38","slug":"w-czestochowie-odbylo-sie-spotkanie-biznesowe","status":"publish","type":"post","link":"https:\/\/gazetaregionalna.com\/?p=78162","title":{"rendered":"W Cz\u0119stochowie odby\u0142o si\u0119 spotkanie biznesowe \u201eSzukasz swojego partnera w biznesie?\u201d"},"content":{"rendered":"\n<h2 class=\"wp-block-heading\">Regionalna Izba Przemys\u0142owo-Handlowa w Cz\u0119stochowie zorganizowa\u0142a w \u015brod\u0119, 27 kwietnia spotkanie biznesowe\u00a0 \u201eSzukasz swojego partnera w biznesie?\u201d.<\/h2>\n\n\n\n<p>To wydarzenie zapowiadali\u015bmy ju\u017c na \u0142amach \u201eGazety Regionalnej\u201d (m.in.<a href=\"https:\/\/gazetaregionalna.com\/spotkanie-biznesowe-juz-27-kwietnia-w-czestochowie\/\"> TUTAJ<\/a>). Nasza redakcja znalaz\u0142a si\u0119 bowiem w\u015br\u00f3d patron\u00f3w medialnych spotkania biznesowego \u201eSzukasz swojego partnera w biznesie?\u201d. Celem przedsi\u0119wzi\u0119cia by\u0142o promowanie firm, nawi\u0105zywanie nowych kontakt\u00f3w biznesowych przez ich przedstawicieli, a tak\u017ce wspieranie dzia\u0142a\u0144 dla rozwoju gospodarczego.<\/p>\n\n\n\n<p>Organizatorem spotkania by\u0142 przedstawiciel samorz\u0105du gospodarczego regionu, czyli <a href=\"https:\/\/www.facebook.com\/Regionalna-Izba-Przemys%C5%82owo-Handlowa-w-Cz%C4%99stochowie-440038452681891\" target=\"_blank\" rel=\"noopener\">Regionalna Izba Przemys\u0142owo-Handlowa w Cz\u0119stochowie<\/a>.<\/p>\n\n\n\n<figure class=\"wp-block-image size-large\"><img decoding=\"async\" width=\"1024\" height=\"683\" data-src=\"https:\/\/gazetaregionalna.com\/wp-content\/uploads\/2022\/05\/DSC_0391-1024x683.jpg\" alt=\"\" class=\"wp-image-78164 lazyload\" data-srcset=\"https:\/\/gazetaregionalna.com\/wp-content\/uploads\/2022\/05\/DSC_0391-1024x683.jpg 1024w, https:\/\/gazetaregionalna.com\/wp-content\/uploads\/2022\/05\/DSC_0391-300x200.jpg 300w, https:\/\/gazetaregionalna.com\/wp-content\/uploads\/2022\/05\/DSC_0391-768x512.jpg 768w, https:\/\/gazetaregionalna.com\/wp-content\/uploads\/2022\/05\/DSC_0391-1536x1024.jpg 1536w, https:\/\/gazetaregionalna.com\/wp-content\/uploads\/2022\/05\/DSC_0391-2048x1365.jpg 2048w, https:\/\/gazetaregionalna.com\/wp-content\/uploads\/2022\/05\/DSC_0391-696x464.jpg 696w, https:\/\/gazetaregionalna.com\/wp-content\/uploads\/2022\/05\/DSC_0391-1068x712.jpg 1068w, https:\/\/gazetaregionalna.com\/wp-content\/uploads\/2022\/05\/DSC_0391-1920x1280.jpg 1920w, https:\/\/gazetaregionalna.com\/wp-content\/uploads\/2022\/05\/DSC_0391-630x420.jpg 630w, https:\/\/gazetaregionalna.com\/wp-content\/uploads\/2022\/05\/DSC_0391-scaled.jpg 1600w\" data-sizes=\"(max-width: 1024px) 100vw, 1024px\" src=\"data:image\/svg+xml;base64,PHN2ZyB3aWR0aD0iMSIgaGVpZ2h0PSIxIiB4bWxucz0iaHR0cDovL3d3dy53My5vcmcvMjAwMC9zdmciPjwvc3ZnPg==\" style=\"--smush-placeholder-width: 1024px; --smush-placeholder-aspect-ratio: 1024\/683;\" \/><figcaption>Spotkanie biznesowe  \u201eSzukasz swojego partnera w biznesie?\u201d (fot. Adam Kostyra)<\/figcaption><\/figure>\n\n\n\n<p>Wydarzenie odby\u0142o si\u0119 w \u015brod\u0119, 27 kwietnia w sali konferencyjnej firmy Polontex S.A. przy ul. Rejtana 25. Podczas otwarcia uczestnik\u00f3w przywitali prezes Zarz\u0105du RIPH Andrzej Broniewski oraz prezydent Rady RIPH Tadeusz Szymanek. Potem rozpocz\u0119\u0142y si\u0119 rozmowy &#8222;stolikowe&#8221; pomi\u0119dzy przedstawicielami firm. Przedsi\u0119biorcy mieli czas na zaprezentowanie swojej dzia\u0142alno\u015bci, wymian\u0119 wizyt\u00f3wek i ulotek. Organizatorzy wydarzenia wierz\u0105, \u017ce nawi\u0105zane podczas spotkania kontakty, zaowocuj\u0105 w przysz\u0142o\u015bci efektywn\u0105 wsp\u00f3\u0142prac\u0105.<\/p>\n\n\n\n<p>W spotkaniu biznesowym, opr\u00f3cz przedsi\u0119biorc\u00f3w, uczestniczyli cho\u0107by Urz\u0105d Miasta Cz\u0119stochowy, Katowicka Specjalna Strefa Ekonomiczna S.A., Agencja Rozwoju Przemys\u0142u S.A., RFG S.A., Starostwo Powiatowe w Cz\u0119stochowie, Miejskie Przedsi\u0119biorstwo Komunikacyjne w Cz\u0119stochowie oraz Wydzia\u0142 Zarz\u0105dzania Politechniki Cz\u0119stochowskiej.<\/p>\n\n\n\n<figure class=\"wp-block-image size-large\"><img decoding=\"async\" width=\"1024\" height=\"683\" data-src=\"https:\/\/gazetaregionalna.com\/wp-content\/uploads\/2022\/05\/DSC_0390-1024x683.jpg\" alt=\"\" class=\"wp-image-78161 lazyload\" data-srcset=\"https:\/\/gazetaregionalna.com\/wp-content\/uploads\/2022\/05\/DSC_0390-1024x683.jpg 1024w, https:\/\/gazetaregionalna.com\/wp-content\/uploads\/2022\/05\/DSC_0390-300x200.jpg 300w, https:\/\/gazetaregionalna.com\/wp-content\/uploads\/2022\/05\/DSC_0390-768x512.jpg 768w, https:\/\/gazetaregionalna.com\/wp-content\/uploads\/2022\/05\/DSC_0390-1536x1024.jpg 1536w, https:\/\/gazetaregionalna.com\/wp-content\/uploads\/2022\/05\/DSC_0390-2048x1365.jpg 2048w, https:\/\/gazetaregionalna.com\/wp-content\/uploads\/2022\/05\/DSC_0390-696x464.jpg 696w, https:\/\/gazetaregionalna.com\/wp-content\/uploads\/2022\/05\/DSC_0390-1068x712.jpg 1068w, https:\/\/gazetaregionalna.com\/wp-content\/uploads\/2022\/05\/DSC_0390-1920x1280.jpg 1920w, https:\/\/gazetaregionalna.com\/wp-content\/uploads\/2022\/05\/DSC_0390-630x420.jpg 630w, https:\/\/gazetaregionalna.com\/wp-content\/uploads\/2022\/05\/DSC_0390-scaled.jpg 1600w\" data-sizes=\"(max-width: 1024px) 100vw, 1024px\" src=\"data:image\/svg+xml;base64,PHN2ZyB3aWR0aD0iMSIgaGVpZ2h0PSIxIiB4bWxucz0iaHR0cDovL3d3dy53My5vcmcvMjAwMC9zdmciPjwvc3ZnPg==\" style=\"--smush-placeholder-width: 1024px; --smush-placeholder-aspect-ratio: 1024\/683;\" \/><figcaption>Spotkanie biznesowe  \u201eSzukasz swojego partnera w biznesie?\u201d (fot. Adam Kostyra)<\/figcaption><\/figure>\n\n\n\n<p>&nbsp;W sumie sw\u00f3j udzia\u0142 zg\u0142osi\u0142o blisko 80 firm, w tym np. Helegmann Transporte sp. z o.o. (firma po\u015bwi\u0119ci\u0142a sporo uwagi kwestii pomocy uchod\u017acom z Ukrainy), F\/P\/H.U Green Pack, Klub Biznesu &#8222;SILESIA&#8221; czy Polontex.<\/p>\n\n\n\n<p>Wydarzeniu towarzyszy\u0142o wydanie okoliczno\u015bciowego katalogu. Szczeg\u00f3\u0142y: <a href=\"http:\/\/www.riph.eu\/\" target=\"_blank\" rel=\"noopener\">www.riph.eu<\/a>.<\/p>\n\n\n\n<p><strong>ZS<\/strong><\/p>\n","protected":false},"excerpt":{"rendered":"<p>Regionalna Izba Przemys\u0142owo-Handlowa w Cz\u0119stochowie zorganizowa\u0142a w \u015brod\u0119, 27 kwietnia spotkanie biznesowe\u00a0 \u201eSzukasz swojego partnera w biznesie?\u201d. To wydarzenie zapowiadali\u015bmy ju\u017c na \u0142amach \u201eGazety<\/p>\n","protected":false},"author":18,"featured_media":78163,"comment_status":"closed","ping_status":"open","sticky":false,"template":"","format":"standard","meta":{"_monsterinsights_skip_tracking":false,"_monsterinsights_sitenote_active":false,"_monsterinsights_sitenote_note":"","_monsterinsights_sitenote_category":0,"_uf_show_specific_survey":0,"_uf_disable_surveys":false,"footnotes":""},"categories":[2,43,3,4],"tags":[2131,4276],"class_list":["post-78162","post","type-post","status-publish","format-standard","has-post-thumbnail","hentry","category-wiadomosci","category-biznes","category-czestochowa-informacje","category-region","tag-regionalna-izba-przemyslowo-handlowa","tag-spotkanie-biznesowe"],"_links":{"self":[{"href":"https:\/\/gazetaregionalna.com\/index.php?rest_route=\/wp\/v2\/posts\/78162","targetHints":{"allow":["GET"]}}],"collection":[{"href":"https:\/\/gazetaregionalna.com\/index.php?rest_route=\/wp\/v2\/posts"}],"about":[{"href":"https:\/\/gazetaregionalna.com\/index.php?rest_route=\/wp\/v2\/types\/post"}],"author":[{"embeddable":true,"href":"https:\/\/gazetaregionalna.com\/index.php?rest_route=\/wp\/v2\/users\/18"}],"replies":[{"embeddable":true,"href":"https:\/\/gazetaregionalna.com\/index.php?rest_route=%2Fwp%2Fv2%2Fcomments&post=78162"}],"version-history":[{"count":1,"href":"https:\/\/gazetaregionalna.com\/index.php?rest_route=\/wp\/v2\/posts\/78162\/revisions"}],"predecessor-version":[{"id":78165,"href":"https:\/\/gazetaregionalna.com\/index.php?rest_route=\/wp\/v2\/posts\/78162\/revisions\/78165"}],"wp:featuredmedia":[{"embeddable":true,"href":"https:\/\/gazetaregionalna.com\/index.php?rest_route=\/wp\/v2\/media\/78163"}],"wp:attachment":[{"href":"https:\/\/gazetaregionalna.com\/index.php?rest_route=%2Fwp%2Fv2%2Fmedia&parent=78162"}],"wp:term":[{"taxonomy":"category","embeddable":true,"href":"https:\/\/gazetaregionalna.com\/index.php?rest_route=%2Fwp%2Fv2%2Fcategories&post=78162"},{"taxonomy":"post_tag","embeddable":true,"href":"https:\/\/gazetaregionalna.com\/index.php?rest_route=%2Fwp%2Fv2%2Ftags&post=78162"}],"curies":[{"name":"wp","href":"https:\/\/api.w.org\/{rel}","templated":true}]}}