{"id":78069,"date":"2022-04-30T06:19:21","date_gmt":"2022-04-30T06:19:21","guid":{"rendered":"https:\/\/gazetaregionalna.com\/?p=78069"},"modified":"2022-04-30T06:19:22","modified_gmt":"2022-04-30T06:19:22","slug":"pilkarze-rakowa-obroncie-puchar-polski-i-przywiezcie-go-drugi-rok-z-rzedu-do-czestochowy","status":"publish","type":"post","link":"https:\/\/gazetaregionalna.com\/?p=78069","title":{"rendered":"Pi\u0142karze Rakowa! Obro\u0144cie Puchar Polski i przywie\u017acie go drugi rok z rz\u0119du do Cz\u0119stochowy!"},"content":{"rendered":"\n<p>Pi\u0142karze Rakowa Cz\u0119stochowa b\u0119d\u0105 mie\u0107 w poniedzia\u0142ek szans\u0119 na zdobycie drugiego w historii Pucharu Polski i czeku na 5 milion\u00f3w z\u0142otych! Rak\u00f3w na Stadionie Narodowym w Warszawie zagra z Lechem Pozna\u0144 w finale Fortuna Puchar Polski. Czy cz\u0119stochowianie obroni\u0105 trofeum, kt\u00f3re po raz pierwszy zdobyli 2 maja 2021 roku czyli r\u00f3wno na 100-lecie klubu?<\/p>\n\n\n\n<p>2 maja 2021 roku przeszed\u0142 ju\u017c do historii cz\u0119stochowskiego Klubu i Cz\u0119stochowy. Pi\u0142karze Rakowa Cz\u0119stochowa walczyli w Lublinie w finale Fortuna Puchar Polski z 1-ligow\u0105 Ark\u0105 Gdynia. Dla cz\u0119stochowskiego klubu by\u0142 to dopiero drugi fina\u0142 PP w 100-letniej historii. Pierwszy raz zesp\u00f3\u0142 z Cz\u0119stochowy rywalizowa\u0142 w finale PP w 1967 roku, ale w Kielcach po dogrywce przegra\u0142 z Wis\u0142\u0105 Krak\u00f3w 0:2.<\/p>\n\n\n\n<p>Drugi raz czerwono-niebiescy zagrali w Finale Pucharu Polski 2 maja 2021 roku w Lublinie czyli r\u00f3wno na 100-lecie Klubu. Lublin by\u0142 szcz\u0119\u015bliwy dla Rakowa, cho\u0107 mo\u017cna \u017ca\u0142owa\u0107, \u017ce Rak\u00f3w zdoby\u0142 Puchar Polski w \u201epandemicznym roku\u201d, gdzie mecze rozgrywane by\u0142y bez udzia\u0142u kibic\u00f3w. Ci jednak w licznej grupie przyjechali do Lublina i przed stadionem zaznaczyli swoj\u0105 obecno\u015b\u0107. Rak\u00f3w pokona\u0142 Ark\u0119 2:1 i po raz pierwszy w swojej historii m\u00f3g\u0142 wznie\u015b\u0107 w g\u00f3r\u0119 Puchar Polski. Zdobycie PP by\u0142o te\u017c przepustk\u0105 do fina\u0142u o Superpuchar Polski. W nim Rak\u00f3w pokona\u0142 Mistrza Polski Legi\u0119 Warszawa i w 2021 roku m\u00f3g\u0142 cieszy\u0107 si\u0119 ze zdobycia drugiego trofeum.<\/p>\n\n\n\n<p>W 2022 roku pi\u0142karze Rakowa ponownie prezentuj\u0105 si\u0119 bardzo dobrze w rozgrywkach Fortuna Puchar Polski. Czerwono-niebiescy zameldowali si\u0119 ju\u017c w finale, gdzie 2 maja na Stadionie Narodowym w Warszawie zmierz\u0105 si\u0119 z Lechem Pozna\u0144. Ale\u017c to b\u0119dzie mecz! Zagraj\u0105 obecny lider z wiceliderem PKO BP Ekstraklasy!<\/p>\n\n\n\n<p>Aby awansowa\u0107 do fina\u0142u Rak\u00f3w musia\u0142 wyeliminowa\u0107 5 rywali w tym dwa zespo\u0142y z Ekstraklasy. W 1\/32 Rak\u00f3w wygra\u0142 w Rzeszowie ze Stal\u0105 4:2. W 1\/16 cz\u0119stochowianie wygrali w Kaliszu z KKS-em 2:1. W 1\/8 czerwono-niebiescy wyeliminowali graj\u0105c\u0105 w PKO BP Ekstraklasie Bruk-Bet Termalic\u0119 zwyci\u0119\u017caj\u0105c 2:0.<\/p>\n\n\n\n<p>W \u0107wier\u0107finale PP Rak\u00f3w zagra\u0142 z ubieg\u0142orocznym finalist\u0105 i w Gdyni pokona\u0142 1-ligow\u0105 Ark\u0119 2:0. W p\u00f3\u0142finale czerwono-niebiescy po raz pierwszy zagrali w Cz\u0119stochowie i pokonali Mistrza Polski Legi\u0119 Warszawa 1:0.<\/p>\n\n\n\n<p>Lech w drodze do fina\u0142u wygra\u0142: ze Skr\u0105 Cz\u0119stochowa 3:0, Uni\u0105 Skierniewice 2:0, Garbarni\u0105 Krak\u00f3w 4:0, G\u00f3rnikiem Zabrze 2:0 i Olimpi\u0105 Grudzi\u0105dz 3:0. Co ciekawe, \u201eKolejorz\u201d poza meczem ze Skr\u0105 wszystkie spotkania rozegra\u0142 na wyje\u017adzie i nie straci\u0142 w nich bramki&#8230;<\/p>\n\n\n\n<p>Stawka fina\u0142u jest du\u017ca. Poza czekiem na 5 milion\u00f3w z\u0142otych zwyci\u0119zca Pucharu Polski wywalczy sobie te\u017c awans do fina\u0142u Superpucharu Polski, kt\u00f3rego obro\u0144c\u0105 te\u017c jest&#8230; Rak\u00f3w.<\/p>\n\n\n\n<p>Kibice Rakowa licz\u0105, \u017ce 2 maja, ale tym razem 2022 roku po raz 2 przejdzie do historii Rakowa, a cz\u0119stochowscy pi\u0142karze zdob\u0119d\u0105 sw\u00f3j 2 w historii Puchar Polski&#8230;<\/p>\n\n\n\n<p><strong>MR-K<\/strong>, <strong>AK<\/strong>, foto: <strong>AK<\/strong><\/p>\n\n\n\n<p><strong>Partnerami relacji s\u0105:<\/strong> <strong>Boulangerie<\/strong> Kawa i Wypieki Cz\u0119stochowa, <strong>DMK Invest<\/strong> Materia\u0142y Budowlane Konopiska, <strong>Mazda<\/strong> Klimczak Cz\u0119stochowa, <strong>Osiedle Lawendowe<\/strong> Jaskr\u00f3w, <strong>Strzelnica<\/strong> Family Resort &amp; Spa Kochcice, <strong>Tbilisi Smaki Gruzji<\/strong> Cz\u0119stochowa i K\u0142omnice.<\/p>\n\n\n\n<figure class=\"wp-block-image size-large\"><img decoding=\"async\" width=\"1024\" height=\"683\" data-src=\"https:\/\/gazetaregionalna.com\/wp-content\/uploads\/2022\/04\/Rakow-Puchar-109-1024x683.jpg\" alt=\"\" class=\"wp-image-78074 lazyload\" data-srcset=\"https:\/\/gazetaregionalna.com\/wp-content\/uploads\/2022\/04\/Rakow-Puchar-109-1024x683.jpg 1024w, https:\/\/gazetaregionalna.com\/wp-content\/uploads\/2022\/04\/Rakow-Puchar-109-300x200.jpg 300w, https:\/\/gazetaregionalna.com\/wp-content\/uploads\/2022\/04\/Rakow-Puchar-109-768x512.jpg 768w, https:\/\/gazetaregionalna.com\/wp-content\/uploads\/2022\/04\/Rakow-Puchar-109-1536x1024.jpg 1536w, https:\/\/gazetaregionalna.com\/wp-content\/uploads\/2022\/04\/Rakow-Puchar-109-2048x1365.jpg 2048w, https:\/\/gazetaregionalna.com\/wp-content\/uploads\/2022\/04\/Rakow-Puchar-109-696x464.jpg 696w, https:\/\/gazetaregionalna.com\/wp-content\/uploads\/2022\/04\/Rakow-Puchar-109-1068x712.jpg 1068w, https:\/\/gazetaregionalna.com\/wp-content\/uploads\/2022\/04\/Rakow-Puchar-109-1920x1280.jpg 1920w, https:\/\/gazetaregionalna.com\/wp-content\/uploads\/2022\/04\/Rakow-Puchar-109-630x420.jpg 630w, https:\/\/gazetaregionalna.com\/wp-content\/uploads\/2022\/04\/Rakow-Puchar-109-scaled.jpg 1600w\" data-sizes=\"(max-width: 1024px) 100vw, 1024px\" src=\"data:image\/svg+xml;base64,PHN2ZyB3aWR0aD0iMSIgaGVpZ2h0PSIxIiB4bWxucz0iaHR0cDovL3d3dy53My5vcmcvMjAwMC9zdmciPjwvc3ZnPg==\" style=\"--smush-placeholder-width: 1024px; --smush-placeholder-aspect-ratio: 1024\/683;\" \/><\/figure>\n\n\n\n<figure class=\"wp-block-image size-large\"><img decoding=\"async\" width=\"1024\" height=\"1024\" data-src=\"https:\/\/gazetaregionalna.com\/wp-content\/uploads\/2022\/04\/PPRadosc-Rakow-6-1024x1024.png\" alt=\"\" class=\"wp-image-78061 lazyload\" data-srcset=\"https:\/\/gazetaregionalna.com\/wp-content\/uploads\/2022\/04\/PPRadosc-Rakow-6-1024x1024.png 1024w, https:\/\/gazetaregionalna.com\/wp-content\/uploads\/2022\/04\/PPRadosc-Rakow-6-300x300.png 300w, https:\/\/gazetaregionalna.com\/wp-content\/uploads\/2022\/04\/PPRadosc-Rakow-6-150x150.png 150w, https:\/\/gazetaregionalna.com\/wp-content\/uploads\/2022\/04\/PPRadosc-Rakow-6-768x768.png 768w, https:\/\/gazetaregionalna.com\/wp-content\/uploads\/2022\/04\/PPRadosc-Rakow-6-696x696.png 696w, https:\/\/gazetaregionalna.com\/wp-content\/uploads\/2022\/04\/PPRadosc-Rakow-6-1068x1068.png 1068w, https:\/\/gazetaregionalna.com\/wp-content\/uploads\/2022\/04\/PPRadosc-Rakow-6-420x420.png 420w, https:\/\/gazetaregionalna.com\/wp-content\/uploads\/2022\/04\/PPRadosc-Rakow-6.png 1200w\" data-sizes=\"(max-width: 1024px) 100vw, 1024px\" src=\"data:image\/svg+xml;base64,PHN2ZyB3aWR0aD0iMSIgaGVpZ2h0PSIxIiB4bWxucz0iaHR0cDovL3d3dy53My5vcmcvMjAwMC9zdmciPjwvc3ZnPg==\" style=\"--smush-placeholder-width: 1024px; --smush-placeholder-aspect-ratio: 1024\/1024;\" \/><\/figure>\n\n\n\n<figure class=\"wp-block-image size-large\"><img decoding=\"async\" width=\"1024\" height=\"683\" data-src=\"https:\/\/gazetaregionalna.com\/wp-content\/uploads\/2022\/04\/Rakow-Puchar-105-1024x683.jpg\" alt=\"\" class=\"wp-image-78072 lazyload\" data-srcset=\"https:\/\/gazetaregionalna.com\/wp-content\/uploads\/2022\/04\/Rakow-Puchar-105-1024x683.jpg 1024w, https:\/\/gazetaregionalna.com\/wp-content\/uploads\/2022\/04\/Rakow-Puchar-105-300x200.jpg 300w, https:\/\/gazetaregionalna.com\/wp-content\/uploads\/2022\/04\/Rakow-Puchar-105-768x512.jpg 768w, https:\/\/gazetaregionalna.com\/wp-content\/uploads\/2022\/04\/Rakow-Puchar-105-1536x1024.jpg 1536w, https:\/\/gazetaregionalna.com\/wp-content\/uploads\/2022\/04\/Rakow-Puchar-105-2048x1365.jpg 2048w, https:\/\/gazetaregionalna.com\/wp-content\/uploads\/2022\/04\/Rakow-Puchar-105-696x464.jpg 696w, https:\/\/gazetaregionalna.com\/wp-content\/uploads\/2022\/04\/Rakow-Puchar-105-1068x712.jpg 1068w, https:\/\/gazetaregionalna.com\/wp-content\/uploads\/2022\/04\/Rakow-Puchar-105-1920x1280.jpg 1920w, https:\/\/gazetaregionalna.com\/wp-content\/uploads\/2022\/04\/Rakow-Puchar-105-630x420.jpg 630w, https:\/\/gazetaregionalna.com\/wp-content\/uploads\/2022\/04\/Rakow-Puchar-105-scaled.jpg 1600w\" data-sizes=\"(max-width: 1024px) 100vw, 1024px\" src=\"data:image\/svg+xml;base64,PHN2ZyB3aWR0aD0iMSIgaGVpZ2h0PSIxIiB4bWxucz0iaHR0cDovL3d3dy53My5vcmcvMjAwMC9zdmciPjwvc3ZnPg==\" style=\"--smush-placeholder-width: 1024px; --smush-placeholder-aspect-ratio: 1024\/683;\" \/><\/figure>\n\n\n\n<figure class=\"wp-block-image size-large\"><img decoding=\"async\" width=\"960\" height=\"720\" data-src=\"https:\/\/gazetaregionalna.com\/wp-content\/uploads\/2022\/04\/PPRadosc-Rakow-12.jpg\" alt=\"\" class=\"wp-image-78063 lazyload\" data-srcset=\"https:\/\/gazetaregionalna.com\/wp-content\/uploads\/2022\/04\/PPRadosc-Rakow-12.jpg 960w, https:\/\/gazetaregionalna.com\/wp-content\/uploads\/2022\/04\/PPRadosc-Rakow-12-300x225.jpg 300w, https:\/\/gazetaregionalna.com\/wp-content\/uploads\/2022\/04\/PPRadosc-Rakow-12-768x576.jpg 768w, https:\/\/gazetaregionalna.com\/wp-content\/uploads\/2022\/04\/PPRadosc-Rakow-12-696x522.jpg 696w, https:\/\/gazetaregionalna.com\/wp-content\/uploads\/2022\/04\/PPRadosc-Rakow-12-560x420.jpg 560w, https:\/\/gazetaregionalna.com\/wp-content\/uploads\/2022\/04\/PPRadosc-Rakow-12-80x60.jpg 80w, https:\/\/gazetaregionalna.com\/wp-content\/uploads\/2022\/04\/PPRadosc-Rakow-12-265x198.jpg 265w\" data-sizes=\"(max-width: 960px) 100vw, 960px\" src=\"data:image\/svg+xml;base64,PHN2ZyB3aWR0aD0iMSIgaGVpZ2h0PSIxIiB4bWxucz0iaHR0cDovL3d3dy53My5vcmcvMjAwMC9zdmciPjwvc3ZnPg==\" style=\"--smush-placeholder-width: 960px; --smush-placeholder-aspect-ratio: 960\/720;\" \/><\/figure>\n\n\n\n<figure class=\"wp-block-image size-large\"><img decoding=\"async\" width=\"1024\" height=\"683\" data-src=\"https:\/\/gazetaregionalna.com\/wp-content\/uploads\/2022\/04\/Rakow-Puchar-109-1024x683.jpg\" alt=\"\" class=\"wp-image-78074 lazyload\" data-srcset=\"https:\/\/gazetaregionalna.com\/wp-content\/uploads\/2022\/04\/Rakow-Puchar-109-1024x683.jpg 1024w, https:\/\/gazetaregionalna.com\/wp-content\/uploads\/2022\/04\/Rakow-Puchar-109-300x200.jpg 300w, https:\/\/gazetaregionalna.com\/wp-content\/uploads\/2022\/04\/Rakow-Puchar-109-768x512.jpg 768w, https:\/\/gazetaregionalna.com\/wp-content\/uploads\/2022\/04\/Rakow-Puchar-109-1536x1024.jpg 1536w, https:\/\/gazetaregionalna.com\/wp-content\/uploads\/2022\/04\/Rakow-Puchar-109-2048x1365.jpg 2048w, https:\/\/gazetaregionalna.com\/wp-content\/uploads\/2022\/04\/Rakow-Puchar-109-696x464.jpg 696w, https:\/\/gazetaregionalna.com\/wp-content\/uploads\/2022\/04\/Rakow-Puchar-109-1068x712.jpg 1068w, https:\/\/gazetaregionalna.com\/wp-content\/uploads\/2022\/04\/Rakow-Puchar-109-1920x1280.jpg 1920w, https:\/\/gazetaregionalna.com\/wp-content\/uploads\/2022\/04\/Rakow-Puchar-109-630x420.jpg 630w, https:\/\/gazetaregionalna.com\/wp-content\/uploads\/2022\/04\/Rakow-Puchar-109-scaled.jpg 1600w\" data-sizes=\"(max-width: 1024px) 100vw, 1024px\" src=\"data:image\/svg+xml;base64,PHN2ZyB3aWR0aD0iMSIgaGVpZ2h0PSIxIiB4bWxucz0iaHR0cDovL3d3dy53My5vcmcvMjAwMC9zdmciPjwvc3ZnPg==\" style=\"--smush-placeholder-width: 1024px; --smush-placeholder-aspect-ratio: 1024\/683;\" \/><\/figure>\n\n\n\n<figure class=\"wp-block-image size-large\"><img decoding=\"async\" width=\"300\" height=\"250\" data-src=\"https:\/\/gazetaregionalna.com\/wp-content\/uploads\/2022\/04\/PPRadosc-Rakow-22.jpg\" alt=\"\" class=\"wp-image-78067 lazyload\" src=\"data:image\/svg+xml;base64,PHN2ZyB3aWR0aD0iMSIgaGVpZ2h0PSIxIiB4bWxucz0iaHR0cDovL3d3dy53My5vcmcvMjAwMC9zdmciPjwvc3ZnPg==\" style=\"--smush-placeholder-width: 300px; --smush-placeholder-aspect-ratio: 300\/250;\"><\/figure>\n\n\n\n<figure class=\"wp-block-image size-large\"><img decoding=\"async\" width=\"1024\" height=\"683\" data-src=\"https:\/\/gazetaregionalna.com\/wp-content\/uploads\/2022\/04\/Rakow-Puchar-103-1024x683.jpg\" alt=\"\" class=\"wp-image-78071 lazyload\" data-srcset=\"https:\/\/gazetaregionalna.com\/wp-content\/uploads\/2022\/04\/Rakow-Puchar-103-1024x683.jpg 1024w, https:\/\/gazetaregionalna.com\/wp-content\/uploads\/2022\/04\/Rakow-Puchar-103-300x200.jpg 300w, https:\/\/gazetaregionalna.com\/wp-content\/uploads\/2022\/04\/Rakow-Puchar-103-768x512.jpg 768w, https:\/\/gazetaregionalna.com\/wp-content\/uploads\/2022\/04\/Rakow-Puchar-103-1536x1024.jpg 1536w, https:\/\/gazetaregionalna.com\/wp-content\/uploads\/2022\/04\/Rakow-Puchar-103-2048x1365.jpg 2048w, https:\/\/gazetaregionalna.com\/wp-content\/uploads\/2022\/04\/Rakow-Puchar-103-696x464.jpg 696w, https:\/\/gazetaregionalna.com\/wp-content\/uploads\/2022\/04\/Rakow-Puchar-103-1068x712.jpg 1068w, https:\/\/gazetaregionalna.com\/wp-content\/uploads\/2022\/04\/Rakow-Puchar-103-1920x1280.jpg 1920w, https:\/\/gazetaregionalna.com\/wp-content\/uploads\/2022\/04\/Rakow-Puchar-103-630x420.jpg 630w, https:\/\/gazetaregionalna.com\/wp-content\/uploads\/2022\/04\/Rakow-Puchar-103-scaled.jpg 1600w\" data-sizes=\"(max-width: 1024px) 100vw, 1024px\" src=\"data:image\/svg+xml;base64,PHN2ZyB3aWR0aD0iMSIgaGVpZ2h0PSIxIiB4bWxucz0iaHR0cDovL3d3dy53My5vcmcvMjAwMC9zdmciPjwvc3ZnPg==\" style=\"--smush-placeholder-width: 1024px; --smush-placeholder-aspect-ratio: 1024\/683;\" \/><\/figure>\n\n\n\n<figure class=\"wp-block-image size-large\"><img decoding=\"async\" data-src=\"https:\/\/gazetaregionalna.com\/wp-content\/uploads\/2022\/04\/PPRadosc-Rakow-15.jpg\" alt=\"\" class=\"wp-image-78064 lazyload\" src=\"data:image\/svg+xml;base64,PHN2ZyB3aWR0aD0iMSIgaGVpZ2h0PSIxIiB4bWxucz0iaHR0cDovL3d3dy53My5vcmcvMjAwMC9zdmciPjwvc3ZnPg==\"><\/figure>\n\n\n\n<figure class=\"wp-block-image size-large\"><img decoding=\"async\" width=\"1024\" height=\"683\" data-src=\"https:\/\/gazetaregionalna.com\/wp-content\/uploads\/2022\/04\/Rakow-Puchar-102-1024x683.jpg\" alt=\"\" class=\"wp-image-78070 lazyload\" data-srcset=\"https:\/\/gazetaregionalna.com\/wp-content\/uploads\/2022\/04\/Rakow-Puchar-102-1024x683.jpg 1024w, https:\/\/gazetaregionalna.com\/wp-content\/uploads\/2022\/04\/Rakow-Puchar-102-300x200.jpg 300w, https:\/\/gazetaregionalna.com\/wp-content\/uploads\/2022\/04\/Rakow-Puchar-102-768x512.jpg 768w, https:\/\/gazetaregionalna.com\/wp-content\/uploads\/2022\/04\/Rakow-Puchar-102-1536x1024.jpg 1536w, https:\/\/gazetaregionalna.com\/wp-content\/uploads\/2022\/04\/Rakow-Puchar-102-2048x1365.jpg 2048w, https:\/\/gazetaregionalna.com\/wp-content\/uploads\/2022\/04\/Rakow-Puchar-102-696x464.jpg 696w, https:\/\/gazetaregionalna.com\/wp-content\/uploads\/2022\/04\/Rakow-Puchar-102-1068x712.jpg 1068w, https:\/\/gazetaregionalna.com\/wp-content\/uploads\/2022\/04\/Rakow-Puchar-102-1920x1280.jpg 1920w, https:\/\/gazetaregionalna.com\/wp-content\/uploads\/2022\/04\/Rakow-Puchar-102-630x420.jpg 630w, https:\/\/gazetaregionalna.com\/wp-content\/uploads\/2022\/04\/Rakow-Puchar-102-scaled.jpg 1600w\" data-sizes=\"(max-width: 1024px) 100vw, 1024px\" src=\"data:image\/svg+xml;base64,PHN2ZyB3aWR0aD0iMSIgaGVpZ2h0PSIxIiB4bWxucz0iaHR0cDovL3d3dy53My5vcmcvMjAwMC9zdmciPjwvc3ZnPg==\" style=\"--smush-placeholder-width: 1024px; --smush-placeholder-aspect-ratio: 1024\/683;\" \/><\/figure>\n\n\n\n<figure class=\"wp-block-image size-large\"><img decoding=\"async\" data-src=\"https:\/\/gazetaregionalna.com\/wp-content\/uploads\/2022\/04\/PPRadosc-Rakow-25.jpeg\" alt=\"\" class=\"wp-image-78068 lazyload\" src=\"data:image\/svg+xml;base64,PHN2ZyB3aWR0aD0iMSIgaGVpZ2h0PSIxIiB4bWxucz0iaHR0cDovL3d3dy53My5vcmcvMjAwMC9zdmciPjwvc3ZnPg==\"><\/figure>\n\n\n\n<figure class=\"wp-block-image size-large\"><img decoding=\"async\" width=\"1024\" height=\"683\" data-src=\"https:\/\/gazetaregionalna.com\/wp-content\/uploads\/2021\/05\/Rakow-Arka-52-1024x683.jpg\" alt=\"\" class=\"wp-image-40228 lazyload\" data-srcset=\"https:\/\/gazetaregionalna.com\/wp-content\/uploads\/2021\/05\/Rakow-Arka-52-1024x683.jpg 1024w, https:\/\/gazetaregionalna.com\/wp-content\/uploads\/2021\/05\/Rakow-Arka-52-300x200.jpg 300w, https:\/\/gazetaregionalna.com\/wp-content\/uploads\/2021\/05\/Rakow-Arka-52-768x512.jpg 768w, https:\/\/gazetaregionalna.com\/wp-content\/uploads\/2021\/05\/Rakow-Arka-52-1536x1024.jpg 1536w, https:\/\/gazetaregionalna.com\/wp-content\/uploads\/2021\/05\/Rakow-Arka-52-2048x1365.jpg 2048w, https:\/\/gazetaregionalna.com\/wp-content\/uploads\/2021\/05\/Rakow-Arka-52-696x464.jpg 696w, https:\/\/gazetaregionalna.com\/wp-content\/uploads\/2021\/05\/Rakow-Arka-52-1068x712.jpg 1068w, https:\/\/gazetaregionalna.com\/wp-content\/uploads\/2021\/05\/Rakow-Arka-52-1920x1280.jpg 1920w, https:\/\/gazetaregionalna.com\/wp-content\/uploads\/2021\/05\/Rakow-Arka-52-630x420.jpg 630w, https:\/\/gazetaregionalna.com\/wp-content\/uploads\/2021\/05\/Rakow-Arka-52-scaled.jpg 1200w\" data-sizes=\"(max-width: 1024px) 100vw, 1024px\" src=\"data:image\/svg+xml;base64,PHN2ZyB3aWR0aD0iMSIgaGVpZ2h0PSIxIiB4bWxucz0iaHR0cDovL3d3dy53My5vcmcvMjAwMC9zdmciPjwvc3ZnPg==\" style=\"--smush-placeholder-width: 1024px; --smush-placeholder-aspect-ratio: 1024\/683;\" \/><\/figure>\n\n\n\n<figure class=\"wp-block-image size-large\"><img decoding=\"async\" data-src=\"https:\/\/gazetaregionalna.com\/wp-content\/uploads\/2022\/04\/PPRadosc-Rakow-17-1024x614.jpg\" alt=\"\" class=\"wp-image-78065 lazyload\" src=\"data:image\/svg+xml;base64,PHN2ZyB3aWR0aD0iMSIgaGVpZ2h0PSIxIiB4bWxucz0iaHR0cDovL3d3dy53My5vcmcvMjAwMC9zdmciPjwvc3ZnPg==\" style=\"--smush-placeholder-width: 1024px; --smush-placeholder-aspect-ratio: 1024\/614;\"><\/figure>\n\n\n\n<figure class=\"wp-block-image size-large\"><img decoding=\"async\" width=\"1024\" height=\"749\" data-src=\"https:\/\/gazetaregionalna.com\/wp-content\/uploads\/2021\/05\/Rakow-Arka-14-1024x749.jpg\" alt=\"\" class=\"wp-image-40226 lazyload\" data-srcset=\"https:\/\/gazetaregionalna.com\/wp-content\/uploads\/2021\/05\/Rakow-Arka-14-1024x749.jpg 1024w, https:\/\/gazetaregionalna.com\/wp-content\/uploads\/2021\/05\/Rakow-Arka-14-300x219.jpg 300w, https:\/\/gazetaregionalna.com\/wp-content\/uploads\/2021\/05\/Rakow-Arka-14-768x562.jpg 768w, https:\/\/gazetaregionalna.com\/wp-content\/uploads\/2021\/05\/Rakow-Arka-14-1536x1123.jpg 1536w, https:\/\/gazetaregionalna.com\/wp-content\/uploads\/2021\/05\/Rakow-Arka-14-2048x1497.jpg 2048w, https:\/\/gazetaregionalna.com\/wp-content\/uploads\/2021\/05\/Rakow-Arka-14-696x509.jpg 696w, https:\/\/gazetaregionalna.com\/wp-content\/uploads\/2021\/05\/Rakow-Arka-14-1068x781.jpg 1068w, https:\/\/gazetaregionalna.com\/wp-content\/uploads\/2021\/05\/Rakow-Arka-14-1920x1404.jpg 1920w, https:\/\/gazetaregionalna.com\/wp-content\/uploads\/2021\/05\/Rakow-Arka-14-574x420.jpg 574w, https:\/\/gazetaregionalna.com\/wp-content\/uploads\/2021\/05\/Rakow-Arka-14-80x60.jpg 80w, https:\/\/gazetaregionalna.com\/wp-content\/uploads\/2021\/05\/Rakow-Arka-14-scaled.jpg 1200w\" data-sizes=\"(max-width: 1024px) 100vw, 1024px\" src=\"data:image\/svg+xml;base64,PHN2ZyB3aWR0aD0iMSIgaGVpZ2h0PSIxIiB4bWxucz0iaHR0cDovL3d3dy53My5vcmcvMjAwMC9zdmciPjwvc3ZnPg==\" style=\"--smush-placeholder-width: 1024px; --smush-placeholder-aspect-ratio: 1024\/749;\" \/><\/figure>\n\n\n\n<figure class=\"wp-block-image size-large\"><img decoding=\"async\" width=\"1024\" height=\"602\" data-src=\"https:\/\/gazetaregionalna.com\/wp-content\/uploads\/2021\/05\/Rakow-Arka-54-1024x602.jpg\" alt=\"\" class=\"wp-image-40230 lazyload\" data-srcset=\"https:\/\/gazetaregionalna.com\/wp-content\/uploads\/2021\/05\/Rakow-Arka-54-1024x602.jpg 1024w, https:\/\/gazetaregionalna.com\/wp-content\/uploads\/2021\/05\/Rakow-Arka-54-300x176.jpg 300w, https:\/\/gazetaregionalna.com\/wp-content\/uploads\/2021\/05\/Rakow-Arka-54-768x451.jpg 768w, https:\/\/gazetaregionalna.com\/wp-content\/uploads\/2021\/05\/Rakow-Arka-54-1536x903.jpg 1536w, https:\/\/gazetaregionalna.com\/wp-content\/uploads\/2021\/05\/Rakow-Arka-54-2048x1204.jpg 2048w, https:\/\/gazetaregionalna.com\/wp-content\/uploads\/2021\/05\/Rakow-Arka-54-696x409.jpg 696w, https:\/\/gazetaregionalna.com\/wp-content\/uploads\/2021\/05\/Rakow-Arka-54-1068x628.jpg 1068w, https:\/\/gazetaregionalna.com\/wp-content\/uploads\/2021\/05\/Rakow-Arka-54-1920x1129.jpg 1920w, https:\/\/gazetaregionalna.com\/wp-content\/uploads\/2021\/05\/Rakow-Arka-54-714x420.jpg 714w, https:\/\/gazetaregionalna.com\/wp-content\/uploads\/2021\/05\/Rakow-Arka-54-scaled.jpg 1200w\" data-sizes=\"(max-width: 1024px) 100vw, 1024px\" src=\"data:image\/svg+xml;base64,PHN2ZyB3aWR0aD0iMSIgaGVpZ2h0PSIxIiB4bWxucz0iaHR0cDovL3d3dy53My5vcmcvMjAwMC9zdmciPjwvc3ZnPg==\" style=\"--smush-placeholder-width: 1024px; --smush-placeholder-aspect-ratio: 1024\/602;\" \/><\/figure>\n\n\n\n<figure class=\"wp-block-image size-large\"><img decoding=\"async\" width=\"1024\" height=\"722\" data-src=\"https:\/\/gazetaregionalna.com\/wp-content\/uploads\/2021\/05\/Rakow-Arka-59-1024x722.jpg\" alt=\"\" class=\"wp-image-40235 lazyload\" data-srcset=\"https:\/\/gazetaregionalna.com\/wp-content\/uploads\/2021\/05\/Rakow-Arka-59-1024x722.jpg 1024w, https:\/\/gazetaregionalna.com\/wp-content\/uploads\/2021\/05\/Rakow-Arka-59-300x211.jpg 300w, https:\/\/gazetaregionalna.com\/wp-content\/uploads\/2021\/05\/Rakow-Arka-59-768x541.jpg 768w, https:\/\/gazetaregionalna.com\/wp-content\/uploads\/2021\/05\/Rakow-Arka-59-1536x1082.jpg 1536w, https:\/\/gazetaregionalna.com\/wp-content\/uploads\/2021\/05\/Rakow-Arka-59-2048x1443.jpg 2048w, https:\/\/gazetaregionalna.com\/wp-content\/uploads\/2021\/05\/Rakow-Arka-59-696x490.jpg 696w, https:\/\/gazetaregionalna.com\/wp-content\/uploads\/2021\/05\/Rakow-Arka-59-1068x753.jpg 1068w, https:\/\/gazetaregionalna.com\/wp-content\/uploads\/2021\/05\/Rakow-Arka-59-1920x1353.jpg 1920w, https:\/\/gazetaregionalna.com\/wp-content\/uploads\/2021\/05\/Rakow-Arka-59-596x420.jpg 596w, https:\/\/gazetaregionalna.com\/wp-content\/uploads\/2021\/05\/Rakow-Arka-59-100x70.jpg 100w, https:\/\/gazetaregionalna.com\/wp-content\/uploads\/2021\/05\/Rakow-Arka-59-scaled.jpg 1200w\" data-sizes=\"(max-width: 1024px) 100vw, 1024px\" src=\"data:image\/svg+xml;base64,PHN2ZyB3aWR0aD0iMSIgaGVpZ2h0PSIxIiB4bWxucz0iaHR0cDovL3d3dy53My5vcmcvMjAwMC9zdmciPjwvc3ZnPg==\" style=\"--smush-placeholder-width: 1024px; --smush-placeholder-aspect-ratio: 1024\/722;\" \/><\/figure>\n\n\n\n<figure class=\"wp-block-image size-large\"><img decoding=\"async\" width=\"1024\" height=\"683\" data-src=\"https:\/\/gazetaregionalna.com\/wp-content\/uploads\/2021\/05\/Rakow-Arka-56-1024x683.jpg\" alt=\"\" class=\"wp-image-40232 lazyload\" data-srcset=\"https:\/\/gazetaregionalna.com\/wp-content\/uploads\/2021\/05\/Rakow-Arka-56-1024x683.jpg 1024w, https:\/\/gazetaregionalna.com\/wp-content\/uploads\/2021\/05\/Rakow-Arka-56-300x200.jpg 300w, https:\/\/gazetaregionalna.com\/wp-content\/uploads\/2021\/05\/Rakow-Arka-56-768x512.jpg 768w, https:\/\/gazetaregionalna.com\/wp-content\/uploads\/2021\/05\/Rakow-Arka-56-1536x1024.jpg 1536w, https:\/\/gazetaregionalna.com\/wp-content\/uploads\/2021\/05\/Rakow-Arka-56-2048x1365.jpg 2048w, https:\/\/gazetaregionalna.com\/wp-content\/uploads\/2021\/05\/Rakow-Arka-56-696x464.jpg 696w, https:\/\/gazetaregionalna.com\/wp-content\/uploads\/2021\/05\/Rakow-Arka-56-1068x712.jpg 1068w, https:\/\/gazetaregionalna.com\/wp-content\/uploads\/2021\/05\/Rakow-Arka-56-1920x1280.jpg 1920w, https:\/\/gazetaregionalna.com\/wp-content\/uploads\/2021\/05\/Rakow-Arka-56-630x420.jpg 630w, https:\/\/gazetaregionalna.com\/wp-content\/uploads\/2021\/05\/Rakow-Arka-56-scaled.jpg 1200w\" data-sizes=\"(max-width: 1024px) 100vw, 1024px\" src=\"data:image\/svg+xml;base64,PHN2ZyB3aWR0aD0iMSIgaGVpZ2h0PSIxIiB4bWxucz0iaHR0cDovL3d3dy53My5vcmcvMjAwMC9zdmciPjwvc3ZnPg==\" style=\"--smush-placeholder-width: 1024px; --smush-placeholder-aspect-ratio: 1024\/683;\" \/><\/figure>\n","protected":false},"excerpt":{"rendered":"<p>Pi\u0142karze Rakowa Cz\u0119stochowa b\u0119d\u0105 mie\u0107 w poniedzia\u0142ek szans\u0119 na zdobycie drugiego w historii Pucharu Polski i czeku na 5 milion\u00f3w z\u0142otych! Rak\u00f3w na Stadionie<\/p>\n","protected":false},"author":15,"featured_media":78073,"comment_status":"closed","ping_status":"open","sticky":false,"template":"","format":"standard","meta":{"_monsterinsights_skip_tracking":false,"_monsterinsights_sitenote_active":false,"_monsterinsights_sitenote_note":"","_monsterinsights_sitenote_category":0,"_uf_show_specific_survey":0,"_uf_disable_surveys":false,"footnotes":""},"categories":[94,6,5],"tags":[],"class_list":["post-78069","post","type-post","status-publish","format-standard","has-post-thumbnail","hentry","category-polecane","category-pilka-nozna","category-sport"],"_links":{"self":[{"href":"https:\/\/gazetaregionalna.com\/index.php?rest_route=\/wp\/v2\/posts\/78069","targetHints":{"allow":["GET"]}}],"collection":[{"href":"https:\/\/gazetaregionalna.com\/index.php?rest_route=\/wp\/v2\/posts"}],"about":[{"href":"https:\/\/gazetaregionalna.com\/index.php?rest_route=\/wp\/v2\/types\/post"}],"author":[{"embeddable":true,"href":"https:\/\/gazetaregionalna.com\/index.php?rest_route=\/wp\/v2\/users\/15"}],"replies":[{"embeddable":true,"href":"https:\/\/gazetaregionalna.com\/index.php?rest_route=%2Fwp%2Fv2%2Fcomments&post=78069"}],"version-history":[{"count":1,"href":"https:\/\/gazetaregionalna.com\/index.php?rest_route=\/wp\/v2\/posts\/78069\/revisions"}],"predecessor-version":[{"id":78075,"href":"https:\/\/gazetaregionalna.com\/index.php?rest_route=\/wp\/v2\/posts\/78069\/revisions\/78075"}],"wp:featuredmedia":[{"embeddable":true,"href":"https:\/\/gazetaregionalna.com\/index.php?rest_route=\/wp\/v2\/media\/78073"}],"wp:attachment":[{"href":"https:\/\/gazetaregionalna.com\/index.php?rest_route=%2Fwp%2Fv2%2Fmedia&parent=78069"}],"wp:term":[{"taxonomy":"category","embeddable":true,"href":"https:\/\/gazetaregionalna.com\/index.php?rest_route=%2Fwp%2Fv2%2Fcategories&post=78069"},{"taxonomy":"post_tag","embeddable":true,"href":"https:\/\/gazetaregionalna.com\/index.php?rest_route=%2Fwp%2Fv2%2Ftags&post=78069"}],"curies":[{"name":"wp","href":"https:\/\/api.w.org\/{rel}","templated":true}]}}