{"id":78041,"date":"2022-04-29T15:19:17","date_gmt":"2022-04-29T15:19:17","guid":{"rendered":"https:\/\/gazetaregionalna.com\/?p=78041"},"modified":"2022-04-29T15:19:18","modified_gmt":"2022-04-29T15:19:18","slug":"kolejna-garazowka-w-galerii-jurajskiej","status":"publish","type":"post","link":"https:\/\/gazetaregionalna.com\/?p=78041","title":{"rendered":"Kolejna &#8222;gara\u017c\u00f3wka&#8221; w Galerii Jurajskiej. 1 maja na wyprzeda\u017cy stawi si\u0119 blisko 80 wystawc\u00f3w"},"content":{"rendered":"\n<h2 class=\"wp-block-heading\">&#8222;Gara\u017c\u00f3wka&#8221; to propozycja dla tych, kt\u00f3rzy lubi\u0105 polowa\u0107 na skarby vintage i bibeloty za grosze. W niedziel\u0119, 1 maja w Galerii Jurajskiej odb\u0119dzie si\u0119 druga z rz\u0119du wyprzeda\u017c gara\u017cowa. <\/h2>\n\n\n\n<p>Wyprzeda\u017ce gara\u017cowe to jedna z najnowszych propozycji Galerii Jurajskiej. Pierwsz\u0105 edycj\u0119 (kt\u00f3r\u0105 zapowiadali\u015bmy m.in. <a href=\"https:\/\/gazetaregionalna.com\/pierwsza-garazowka\/\">TUTAJ<\/a>) centrum  handlowe zorganizowa\u0142o 3 kwietnia. <\/p>\n\n\n\n<p>Pierwsza tego typu impreza zgromadzi\u0142a tak\u017ce ponad 60 wystawc\u00f3w. Kupi\u0107 mo\u017cna by\u0142o zar\u00f3wno rzeczy vintage, w tym m.in.\u00a0kultow\u0105 ceramik\u0119 z epoki PRL-u, szk\u0142o czy mosi\u0105dz, jak r\u00f3wnie\u017c u\u017cywane rzeczy wsp\u00f3\u0142czesne np. zabawki, ksi\u0105\u017cki, elektronik\u0119, a tak\u017ce ubrania, buty czy dodatki.\u00a0Nie zabrak\u0142o tak\u017ce kilku zaskakuj\u0105cych stoisk. W\u015br\u00f3d sprzedawc\u00f3w pojawi\u0142y si\u0119 osoby, kt\u00f3re nadaj\u0105 nowe \u017cycie u\u017cywanym ubraniom, przyozdabiaj\u0105c je m.in. naszywkami i artystycznymi nadrukami. W Jurajskiej handlowa\u0142y tak\u017ce ca\u0142e rodziny, a w nich m.in. dzieci wyprzedaj\u0105ce zabawki, z kt\u00f3rych wyros\u0142y. <\/p>\n\n\n\n<figure class=\"wp-block-image size-large\"><img decoding=\"async\" width=\"1024\" height=\"768\" data-src=\"https:\/\/gazetaregionalna.com\/wp-content\/uploads\/2022\/04\/Garazowka-w-Galerii-Jurajskiej-fot.-Galeria-Jurajska-3-1024x768.jpg\" alt=\"\" class=\"wp-image-78045 lazyload\" data-srcset=\"https:\/\/gazetaregionalna.com\/wp-content\/uploads\/2022\/04\/Garazowka-w-Galerii-Jurajskiej-fot.-Galeria-Jurajska-3-1024x768.jpg 1024w, https:\/\/gazetaregionalna.com\/wp-content\/uploads\/2022\/04\/Garazowka-w-Galerii-Jurajskiej-fot.-Galeria-Jurajska-3-300x225.jpg 300w, https:\/\/gazetaregionalna.com\/wp-content\/uploads\/2022\/04\/Garazowka-w-Galerii-Jurajskiej-fot.-Galeria-Jurajska-3-768x576.jpg 768w, https:\/\/gazetaregionalna.com\/wp-content\/uploads\/2022\/04\/Garazowka-w-Galerii-Jurajskiej-fot.-Galeria-Jurajska-3-1536x1152.jpg 1536w, https:\/\/gazetaregionalna.com\/wp-content\/uploads\/2022\/04\/Garazowka-w-Galerii-Jurajskiej-fot.-Galeria-Jurajska-3-696x522.jpg 696w, https:\/\/gazetaregionalna.com\/wp-content\/uploads\/2022\/04\/Garazowka-w-Galerii-Jurajskiej-fot.-Galeria-Jurajska-3-1068x801.jpg 1068w, https:\/\/gazetaregionalna.com\/wp-content\/uploads\/2022\/04\/Garazowka-w-Galerii-Jurajskiej-fot.-Galeria-Jurajska-3-1920x1440.jpg 1920w, https:\/\/gazetaregionalna.com\/wp-content\/uploads\/2022\/04\/Garazowka-w-Galerii-Jurajskiej-fot.-Galeria-Jurajska-3-560x420.jpg 560w, https:\/\/gazetaregionalna.com\/wp-content\/uploads\/2022\/04\/Garazowka-w-Galerii-Jurajskiej-fot.-Galeria-Jurajska-3-80x60.jpg 80w, https:\/\/gazetaregionalna.com\/wp-content\/uploads\/2022\/04\/Garazowka-w-Galerii-Jurajskiej-fot.-Galeria-Jurajska-3-265x198.jpg 265w, https:\/\/gazetaregionalna.com\/wp-content\/uploads\/2022\/04\/Garazowka-w-Galerii-Jurajskiej-fot.-Galeria-Jurajska-3.jpg 1600w\" data-sizes=\"(max-width: 1024px) 100vw, 1024px\" src=\"data:image\/svg+xml;base64,PHN2ZyB3aWR0aD0iMSIgaGVpZ2h0PSIxIiB4bWxucz0iaHR0cDovL3d3dy53My5vcmcvMjAwMC9zdmciPjwvc3ZnPg==\" style=\"--smush-placeholder-width: 1024px; --smush-placeholder-aspect-ratio: 1024\/768;\" \/><figcaption>Gara\u017c\u00f3wka w Galerii Jurajskiej (fot. Galeria Jurajska)<\/figcaption><\/figure>\n\n\n\n<p>Ponadto mo\u017cna by\u0142o spotka\u0107 m.in. m\u0142odego pi\u0142karza, kt\u00f3ry sprzedawa\u0142 markowe korki, kt\u00f3re s\u0105 ju\u017c na niego za ma\u0142e, a tak\u017ce tw\u00f3rc\u00f3w bi\u017cuterii, a nawet\u2026 \u0142apaczy sn\u00f3w. Skarby mo\u017cna by\u0142o znale\u017a\u0107 tak\u017ce w \u201eKredensie babci Czesi\u201d, jak nazwali swoje stoisko jedni ze sprzedawc\u00f3w, kt\u00f3rzy z kolei handlowali przedmiotami pozostawionymi po swojej krewnej.\u00a0\u00a0 \u00a0<\/p>\n\n\n\n<h4 class=\"wp-block-heading\">Sw\u00f3j udzia\u0142 zapowiedzia\u0142o blisko 80 wystawc\u00f3w<\/h4>\n\n\n\n<p>Zainteresowanie pierwsz\u0105 edycj\u0105 spowodowa\u0142o, \u017ce &#8222;gara\u017c\u00f3wka&#8221; doczeka si\u0119 kontynuacji. Zaplanowano j\u0105 na niedziel\u0119, 1 maja. Wed\u0142ug zapowiedzi na imprezie stawi si\u0119 blisko 80 wystawc\u00f3w. W\u015br\u00f3d nich znajd\u0105 si\u0119 mieszka\u0144cy Cz\u0119stochowy i okolic, kt\u00f3rzy postanowili wykorzysta\u0107 wydarzenie, jako okazj\u0119 do pozbycia si\u0119 nadmiaru przedmiot\u00f3w, kt\u00f3re zwykle zalegaj\u0105 w pawlaczach, szafach, tapczanach, ale tak\u017ce w piwnicach, gara\u017cach i na strychach. <\/p>\n\n\n\n<p> \u2013 \u201eGara\u017c\u00f3wka\u201d to przede wszystkim spotkanie mieszka\u0144c\u00f3w, impreza s\u0105siedzka, na kt\u00f3rej mo\u017ce handlowa\u0107 ka\u017cdy, kto nie para si\u0119 profesjonaln\u0105 sprzeda\u017c\u0105 staroci i vintage. To szansa na pozbycie si\u0119 z domu tego, co od lat nam przeszkadza, ale jednocze\u015bnie jest uszanowane i by\u0107 mo\u017ce zainteresuje innych \u2013 m\u00f3wi Violetta Dziubin-\u0141uszczyk, dyrektor marketingu Galerii Jurajskiej. \u2013 To tak\u017ce okazja, aby wpad\u0142o par\u0119 groszy do domowego bud\u017cetu. Sprzedaj\u0105cy sami ustalaj\u0105 ceny sprzedawanych przedmiot\u00f3w, a tak\u017ce bawi\u0105 si\u0119 w handlarzy, z kt\u00f3rymi zawsze mo\u017cna co\u015b utargowa\u0107 \u2013 dodaje.<\/p>\n\n\n\n<p>Jakiej oferty nale\u017cy spodziewa\u0107 si\u0119 po zbli\u017caj\u0105cej si\u0119 \u201egara\u017c\u00f3wce\u201d? Na pewno wielu zaskocze\u0144. Na imprezach tego typu mo\u017cna kupi\u0107 dos\u0142ownie wszystko, w tym przys\u0142owiowe myd\u0142o i powid\u0142o. <\/p>\n\n\n\n<figure class=\"wp-block-image size-large\"><img decoding=\"async\" width=\"1024\" height=\"768\" data-src=\"https:\/\/gazetaregionalna.com\/wp-content\/uploads\/2022\/04\/Garazowka-w-Galerii-Jurajskiej-fot.-Galeria-Jurajska-4-1024x768.jpg\" alt=\"\" class=\"wp-image-78046 lazyload\" data-srcset=\"https:\/\/gazetaregionalna.com\/wp-content\/uploads\/2022\/04\/Garazowka-w-Galerii-Jurajskiej-fot.-Galeria-Jurajska-4-1024x768.jpg 1024w, https:\/\/gazetaregionalna.com\/wp-content\/uploads\/2022\/04\/Garazowka-w-Galerii-Jurajskiej-fot.-Galeria-Jurajska-4-300x225.jpg 300w, https:\/\/gazetaregionalna.com\/wp-content\/uploads\/2022\/04\/Garazowka-w-Galerii-Jurajskiej-fot.-Galeria-Jurajska-4-768x576.jpg 768w, https:\/\/gazetaregionalna.com\/wp-content\/uploads\/2022\/04\/Garazowka-w-Galerii-Jurajskiej-fot.-Galeria-Jurajska-4-1536x1152.jpg 1536w, https:\/\/gazetaregionalna.com\/wp-content\/uploads\/2022\/04\/Garazowka-w-Galerii-Jurajskiej-fot.-Galeria-Jurajska-4-696x522.jpg 696w, https:\/\/gazetaregionalna.com\/wp-content\/uploads\/2022\/04\/Garazowka-w-Galerii-Jurajskiej-fot.-Galeria-Jurajska-4-1068x801.jpg 1068w, https:\/\/gazetaregionalna.com\/wp-content\/uploads\/2022\/04\/Garazowka-w-Galerii-Jurajskiej-fot.-Galeria-Jurajska-4-1920x1440.jpg 1920w, https:\/\/gazetaregionalna.com\/wp-content\/uploads\/2022\/04\/Garazowka-w-Galerii-Jurajskiej-fot.-Galeria-Jurajska-4-560x420.jpg 560w, https:\/\/gazetaregionalna.com\/wp-content\/uploads\/2022\/04\/Garazowka-w-Galerii-Jurajskiej-fot.-Galeria-Jurajska-4-80x60.jpg 80w, https:\/\/gazetaregionalna.com\/wp-content\/uploads\/2022\/04\/Garazowka-w-Galerii-Jurajskiej-fot.-Galeria-Jurajska-4-265x198.jpg 265w, https:\/\/gazetaregionalna.com\/wp-content\/uploads\/2022\/04\/Garazowka-w-Galerii-Jurajskiej-fot.-Galeria-Jurajska-4.jpg 1600w\" data-sizes=\"(max-width: 1024px) 100vw, 1024px\" src=\"data:image\/svg+xml;base64,PHN2ZyB3aWR0aD0iMSIgaGVpZ2h0PSIxIiB4bWxucz0iaHR0cDovL3d3dy53My5vcmcvMjAwMC9zdmciPjwvc3ZnPg==\" style=\"--smush-placeholder-width: 1024px; --smush-placeholder-aspect-ratio: 1024\/768;\" \/><figcaption>Gara\u017c\u00f3wka w Galerii Jurajskiej (fot. Galeria Jurajska)<\/figcaption><\/figure>\n\n\n\n<h4 class=\"wp-block-heading\">Niedzielna impreza potrwa od godz. 12 do 16<\/h4>\n\n\n\n<p>-Wyprzeda\u017ce gara\u017cowe zawsze zadziwiaj\u0105 ofert\u0105, bo sprzedaje si\u0119 na nich rzeczy, kt\u00f3re ka\u017cdy przynosi z domu. Pierwsza edycja zaskoczy\u0142a nas np. wyprzeda\u017c\u0105 kredensu babci czy wyprzeda\u017c\u0105 zabawek, z kt\u00f3rych dzieci wyros\u0142y. Zapewne i ta edycja dostarczy nam kilku niespodzianek, na co liczymy razem z kupuj\u0105cymi \u2013 m\u00f3wi przedstawicielka Galerii Jurajskiej. \u00a0<\/p>\n\n\n\n<p>Centrum handlowe podkre\u015bla, \u017ce &#8222;gara\u017c\u00f3wka&#8221; jest dobr\u0105 okazj\u0105, aby zapozna\u0107 si\u0119 z ide\u0105 zero waste. \u2013 Ka\u017cda rzecz, je\u015bli jest uszanowana, zas\u0142uguje na drugie \u017cycie. Zamiast j\u0105 wyrzuca\u0107 na \u015bmietnik, warto poda\u0107 dalej. Wazon, kt\u00f3ry nas straszy po nocach, dla innych mo\u017ce by\u0107 pere\u0142k\u0105, kt\u00f3r\u0105 szukano od lat.\u00a0 Tak samo ubrania, obciachowa kurtka z szafy mamy, mo\u017ce by\u0107 tym ciuchem, kt\u00f3ry dzi\u015b poszukuj\u0105 nastolatkowie zafascynowani stylem Y2K \u2013 m\u00f3wi Dziubin-\u0141uszczyk.\u00a0 \u00a0<\/p>\n\n\n\n<p> Wyprzeda\u017c gara\u017cowa odbywa si\u0119 we wn\u0119trzu Galerii Jurajskiej w godz. od 12 do 16. Wst\u0119p jest wolny. Szczeg\u00f3\u0142y: <a href=\"https:\/\/www.galeriajurajska.pl\/\" target=\"_blank\" rel=\"noopener\">www.galeriajurajska.pl<\/a>.<\/p>\n\n\n\n<p><strong>ZS<\/strong><\/p>\n","protected":false},"excerpt":{"rendered":"<p>&#8222;Gara\u017c\u00f3wka&#8221; to propozycja dla tych, kt\u00f3rzy lubi\u0105 polowa\u0107 na skarby vintage i bibeloty za grosze. W niedziel\u0119, 1 maja w Galerii Jurajskiej odb\u0119dzie si\u0119<\/p>\n","protected":false},"author":18,"featured_media":78044,"comment_status":"closed","ping_status":"open","sticky":false,"template":"","format":"standard","meta":{"_monsterinsights_skip_tracking":false,"_monsterinsights_sitenote_active":false,"_monsterinsights_sitenote_note":"","_monsterinsights_sitenote_category":0,"_uf_show_specific_survey":0,"_uf_disable_surveys":false,"footnotes":""},"categories":[12,3,94,2],"tags":[151,4667,4329],"class_list":["post-78041","post","type-post","status-publish","format-standard","has-post-thumbnail","hentry","category-kultura-i-rozrywka","category-czestochowa-informacje","category-polecane","category-wiadomosci","tag-galeria-jurajska","tag-garazowka","tag-wyprzedaz"],"_links":{"self":[{"href":"https:\/\/gazetaregionalna.com\/index.php?rest_route=\/wp\/v2\/posts\/78041","targetHints":{"allow":["GET"]}}],"collection":[{"href":"https:\/\/gazetaregionalna.com\/index.php?rest_route=\/wp\/v2\/posts"}],"about":[{"href":"https:\/\/gazetaregionalna.com\/index.php?rest_route=\/wp\/v2\/types\/post"}],"author":[{"embeddable":true,"href":"https:\/\/gazetaregionalna.com\/index.php?rest_route=\/wp\/v2\/users\/18"}],"replies":[{"embeddable":true,"href":"https:\/\/gazetaregionalna.com\/index.php?rest_route=%2Fwp%2Fv2%2Fcomments&post=78041"}],"version-history":[{"count":3,"href":"https:\/\/gazetaregionalna.com\/index.php?rest_route=\/wp\/v2\/posts\/78041\/revisions"}],"predecessor-version":[{"id":78047,"href":"https:\/\/gazetaregionalna.com\/index.php?rest_route=\/wp\/v2\/posts\/78041\/revisions\/78047"}],"wp:featuredmedia":[{"embeddable":true,"href":"https:\/\/gazetaregionalna.com\/index.php?rest_route=\/wp\/v2\/media\/78044"}],"wp:attachment":[{"href":"https:\/\/gazetaregionalna.com\/index.php?rest_route=%2Fwp%2Fv2%2Fmedia&parent=78041"}],"wp:term":[{"taxonomy":"category","embeddable":true,"href":"https:\/\/gazetaregionalna.com\/index.php?rest_route=%2Fwp%2Fv2%2Fcategories&post=78041"},{"taxonomy":"post_tag","embeddable":true,"href":"https:\/\/gazetaregionalna.com\/index.php?rest_route=%2Fwp%2Fv2%2Ftags&post=78041"}],"curies":[{"name":"wp","href":"https:\/\/api.w.org\/{rel}","templated":true}]}}