{"id":78038,"date":"2022-04-29T14:47:04","date_gmt":"2022-04-29T14:47:04","guid":{"rendered":"https:\/\/gazetaregionalna.com\/?p=78038"},"modified":"2022-04-29T14:47:05","modified_gmt":"2022-04-29T14:47:05","slug":"zuzlowcy-zielona-energia-com-wlokniarz-podejmuja-mistrza-polski-z-wroclawia","status":"publish","type":"post","link":"https:\/\/gazetaregionalna.com\/?p=78038","title":{"rendered":"\u017bu\u017clowcy zielona-energia.com W\u0142\u00f3kniarz podejmuj\u0105 Mistrza Polski z Wroc\u0142awia"},"content":{"rendered":"\n<p>W czwartej kolejce PGE Ekstraligi \u017cu\u017clowcy zielona-energia.com W\u0142\u00f3kniarz ugoszcz\u0105 w niedziel\u0119 1 maja aktualnego Mistrza Polski Betard Spart\u0119 Wroc\u0142aw. Cz\u0119stochowianie celuj\u0105 w drugie ligowe zwyci\u0119stwo&#8230;<\/p>\n\n\n\n<p>Rozgrywki w \u017cu\u017clowej PGE Ekstralidze rozkr\u0119caj\u0105 si\u0119 na dobre. Cho\u0107 pogoda nie rozpieszcza (W\u0142\u00f3kniarz mia\u0142 zagro\u017cone wszystkie 3 mecze) to wszystkie zespo\u0142y maj\u0105 ju\u017c na koncie po 3 spotkania. Cz\u0119stochowianie sezon rozpocz\u0119li od pora\u017cki u siebie z Fogo Uni\u0105 Leszno 44:46. Nast\u0119pnie po zaci\u0119tym spotkaniu przegrali w Lublinie z wicemistrzem Polski Motorem 43:47. Wreszcie w minion\u0105 niedziel\u0119 odnie\u015bli pierwsze ligowe zwyci\u0119stwo i pokonali w Ostrowie Wielkopolskim Arged Malesa 30:26. Spotkanie toczy\u0142o si\u0119 jednak przy padaj\u0105cym deszczu, a s\u0119dzia przerwa\u0142 je po 9. wy\u015bcigu, gdy W\u0142\u00f3kniarz prowadzi\u0142 30:26.<\/p>\n\n\n\n<p>W niedziel\u0119 zielona-energia.com W\u0142\u00f3kniarz stanie przed szansa odniesienia 2 ligowego zwyci\u0119stwa w tym sezonie. Na torze w Cz\u0119stochowie \u201eLwy\u201d podejmowa\u0107 b\u0119d\u0105 mistrza Polski Betard Spart\u0119 Wroc\u0142aw. Wroc\u0142awianie jak na razie mog\u0105 pochwali\u0107 si\u0119 identycznym bilansem jak W\u0142\u00f3kniarz. Maj\u0105 na koncie 1 zwyci\u0119stwo i 2 pora\u017cki. Betard Sparta w niedziel\u0119 w Cz\u0119stochowie te\u017c b\u0119dzie walczy\u0107 o 2 zwyci\u0119stwo w sezonie&#8230;<\/p>\n\n\n\n<p>Wroc\u0142awianie w 1. kolejce pokonali u siebie Apator Toru\u0144 49:41. W drugiej kolejce przegrali niespodziewanie w Grudzi\u0105dzu z GKM 41:49. W ostatni weekend ulegli u siebie Unii Leszno 44:46.<\/p>\n\n\n\n<p>Niedzielny mecz b\u0119dzie sprawdzianem dla cz\u0119stochowskich \u017cu\u017clowc\u00f3w. Oka\u017ce si\u0119, czy pora\u017cka z Uni\u0105 by\u0142a przypadkowa i spowodowana tym, \u017ce mecz mia\u0142 status zagro\u017conego i nie mo\u017cna by\u0142o trenowa\u0107 na torze. Je\u015bli wroc\u0142awianie wywioz\u0105 z Cz\u0119stochowy zwyci\u0119stwo to sytuacja w tabeli zielona-energia.com W\u0142\u00f3kniarz po 4 kolejkach nie b\u0119dzie do\u015b\u0107 ciekawa.<\/p>\n\n\n\n<p>W cz\u0119stochowskiej dru\u017cynie jak na razie liderem jest Leon Madsen, kt\u00f3ry po 3 meczach ma \u015bredni\u0105 biegow\u0105 2,28 co daje mu 6. miejsce w klasyfikacji. Prowadzi Bartosz Zmarzlik ze Stali Gorz\u00f3w (2,53). Liderem wroc\u0142awian jest jak na razie Maciej Janowski. Z \u015bredni\u0105 biegow\u0105 2,27 sklasyfikowany jest na 8. pozycji w PGE Ekstralidze.<\/p>\n\n\n\n<p>Nale\u017cy zaznaczy\u0107 te\u017c fakt, \u017ce wroc\u0142awianie korzystaj\u0105 za Rosjanina Artioma \u0141agut\u0119 z zast\u0119pstwa zawodnika. Przypomnijmy, \u017ce rosyjscy i bia\u0142oruscy \u017cu\u017clowcy zostali wykluczeni z polskich rozgrywek.<\/p>\n\n\n\n<p>Na torze w Cz\u0119stochowie pojawi si\u0119 te\u017c Bart\u0142omiej Kowalski, kt\u00f3ry jeszcze rok temu by\u0142 juniorem W\u0142\u00f3kniarza i zdoby\u0142 z cz\u0119stochowskim zespo\u0142em z\u0142oto DMPJ.<\/p>\n\n\n\n<p>Dzia\u0142acze zielona-energia.com W\u0142\u00f3kniarz zach\u0119caj\u0105 do zakupu bilet\u00f3w w przedsprzeda\u017cy. W dniu meczu ka\u017cda wej\u015bci\u00f3wka b\u0119dzie dro\u017csza o 10 z\u0142. Przypomnijmy, \u017ce dzieci i m\u0142odzie\u017c do 12 roku \u017cycia maj\u0105 zagwarantowany bezp\u0142atny wst\u0119p na mecz.<\/p>\n\n\n\n<p>Niedzielny mecz zaplanowano na godz. 16:30.<\/p>\n\n\n\n<p><strong>AK<\/strong>, foto: <strong>AK<\/strong><\/p>\n\n\n\n<p>\u015arednie biegowe po 3 kolejkach PGE Ekstraligi. W nawiasie miejsce w klasyfikacji w PGE Ekstralidze.<\/p>\n\n\n\n<p><strong>zielona-energia.com W\u0142\u00f3kniarz<\/strong><\/p>\n\n\n\n<p>1. (6.) Leon Madsen 2,28<\/p>\n\n\n\n<p>2. (16.) Fredrik Lindgren 1,91<\/p>\n\n\n\n<p>3. (22.) Kacper Woryna 1,76<\/p>\n\n\n\n<p>4. (30.) Bartosz Smekta\u0142a 1,53<\/p>\n\n\n\n<p>5. (36.) Jakub Mi\u015bkowiak 1,44<\/p>\n\n\n\n<p>6. (40.)Jonas Jeppesen 1,25<\/p>\n\n\n\n<p>7. (42.)Mateusz \u015awidnicki 1,22<\/p>\n\n\n\n<p><strong>Betard Sparta Wroc\u0142aw<\/strong><\/p>\n\n\n\n<p>1. (8.) Maciej Janowski 2,27<\/p>\n\n\n\n<p>2. (12.) Tai Woffinden 2,00<\/p>\n\n\n\n<p>3. (20.) Daniel Bewley 1,83<\/p>\n\n\n\n<p>4. (26.) Bart\u0142omiej Kowalski 1,66<\/p>\n\n\n\n<p>5. (37.) Gleb Chugunow 1,38<\/p>\n\n\n\n<p>6. (47.) Micha\u0142 Curzytek 0.88<\/p>\n\n\n\n<p>Awizowane sk\u0142ady<\/p>\n\n\n\n<p>Betard Sparta Wroc\u0142aw<\/p>\n\n\n\n<p>1. Tai Woffinden<\/p>\n\n\n\n<p>2. Mateusz Panicz<\/p>\n\n\n\n<p>3. Gleb Chugunov<\/p>\n\n\n\n<p>4. Zast\u0119pstwo Zaw.<\/p>\n\n\n\n<p>5. Maciej Janowski<\/p>\n\n\n\n<p>6. Bart\u0142omiej Kowalski<\/p>\n\n\n\n<p>7. Micha\u0142 Curzytek<\/p>\n\n\n\n<p>zielona-energia.com W\u0142\u00f3kniarz Cz\u0119stochowa<\/p>\n\n\n\n<p>9. Leon Madsen<\/p>\n\n\n\n<p>10. Bartosz Smekta\u0142a<\/p>\n\n\n\n<p>11. Kacper Woryna<\/p>\n\n\n\n<p>12. Jonas Jeppesen<\/p>\n\n\n\n<p>13. Fredrik Lindgren<\/p>\n\n\n\n<p>14. Mateusz \u015awidnicki<\/p>\n\n\n\n<p>15. Jakub Mi\u015bkowiak<\/p>\n\n\n\n<p>16. Kajetan Kupiec<\/p>\n\n\n\n<figure class=\"wp-block-image size-large\"><img decoding=\"async\" width=\"1024\" height=\"553\" data-src=\"https:\/\/gazetaregionalna.com\/wp-content\/uploads\/2021\/05\/CKM-Sparta-6-1024x553.jpg\" alt=\"\" class=\"wp-image-41014 lazyload\" data-srcset=\"https:\/\/gazetaregionalna.com\/wp-content\/uploads\/2021\/05\/CKM-Sparta-6-1024x553.jpg 1024w, https:\/\/gazetaregionalna.com\/wp-content\/uploads\/2021\/05\/CKM-Sparta-6-300x162.jpg 300w, https:\/\/gazetaregionalna.com\/wp-content\/uploads\/2021\/05\/CKM-Sparta-6-768x415.jpg 768w, https:\/\/gazetaregionalna.com\/wp-content\/uploads\/2021\/05\/CKM-Sparta-6-1536x830.jpg 1536w, https:\/\/gazetaregionalna.com\/wp-content\/uploads\/2021\/05\/CKM-Sparta-6-2048x1107.jpg 2048w, https:\/\/gazetaregionalna.com\/wp-content\/uploads\/2021\/05\/CKM-Sparta-6-696x376.jpg 696w, https:\/\/gazetaregionalna.com\/wp-content\/uploads\/2021\/05\/CKM-Sparta-6-1068x577.jpg 1068w, https:\/\/gazetaregionalna.com\/wp-content\/uploads\/2021\/05\/CKM-Sparta-6-1920x1037.jpg 1920w, https:\/\/gazetaregionalna.com\/wp-content\/uploads\/2021\/05\/CKM-Sparta-6-777x420.jpg 777w, https:\/\/gazetaregionalna.com\/wp-content\/uploads\/2021\/05\/CKM-Sparta-6-scaled.jpg 1200w\" data-sizes=\"(max-width: 1024px) 100vw, 1024px\" src=\"data:image\/svg+xml;base64,PHN2ZyB3aWR0aD0iMSIgaGVpZ2h0PSIxIiB4bWxucz0iaHR0cDovL3d3dy53My5vcmcvMjAwMC9zdmciPjwvc3ZnPg==\" style=\"--smush-placeholder-width: 1024px; --smush-placeholder-aspect-ratio: 1024\/553;\" \/><\/figure>\n\n\n\n<figure class=\"wp-block-image size-large\"><img decoding=\"async\" width=\"300\" height=\"250\" data-src=\"https:\/\/gazetaregionalna.com\/wp-content\/uploads\/2022\/04\/DMK-4.jpg\" alt=\"\" class=\"wp-image-77212 lazyload\" src=\"data:image\/svg+xml;base64,PHN2ZyB3aWR0aD0iMSIgaGVpZ2h0PSIxIiB4bWxucz0iaHR0cDovL3d3dy53My5vcmcvMjAwMC9zdmciPjwvc3ZnPg==\" style=\"--smush-placeholder-width: 300px; --smush-placeholder-aspect-ratio: 300\/250;\"><\/figure>\n\n\n\n<figure class=\"wp-block-image size-large\"><img decoding=\"async\" width=\"1024\" height=\"672\" data-src=\"https:\/\/gazetaregionalna.com\/wp-content\/uploads\/2021\/05\/CKM-Sparta-12-1024x672.jpg\" alt=\"\" class=\"wp-image-41017 lazyload\" data-srcset=\"https:\/\/gazetaregionalna.com\/wp-content\/uploads\/2021\/05\/CKM-Sparta-12-1024x672.jpg 1024w, https:\/\/gazetaregionalna.com\/wp-content\/uploads\/2021\/05\/CKM-Sparta-12-300x197.jpg 300w, https:\/\/gazetaregionalna.com\/wp-content\/uploads\/2021\/05\/CKM-Sparta-12-768x504.jpg 768w, https:\/\/gazetaregionalna.com\/wp-content\/uploads\/2021\/05\/CKM-Sparta-12-1536x1008.jpg 1536w, https:\/\/gazetaregionalna.com\/wp-content\/uploads\/2021\/05\/CKM-Sparta-12-2048x1344.jpg 2048w, https:\/\/gazetaregionalna.com\/wp-content\/uploads\/2021\/05\/CKM-Sparta-12-696x457.jpg 696w, https:\/\/gazetaregionalna.com\/wp-content\/uploads\/2021\/05\/CKM-Sparta-12-1068x701.jpg 1068w, https:\/\/gazetaregionalna.com\/wp-content\/uploads\/2021\/05\/CKM-Sparta-12-1920x1260.jpg 1920w, https:\/\/gazetaregionalna.com\/wp-content\/uploads\/2021\/05\/CKM-Sparta-12-640x420.jpg 640w, https:\/\/gazetaregionalna.com\/wp-content\/uploads\/2021\/05\/CKM-Sparta-12-741x486.jpg 741w, https:\/\/gazetaregionalna.com\/wp-content\/uploads\/2021\/05\/CKM-Sparta-12-scaled.jpg 1200w\" data-sizes=\"(max-width: 1024px) 100vw, 1024px\" src=\"data:image\/svg+xml;base64,PHN2ZyB3aWR0aD0iMSIgaGVpZ2h0PSIxIiB4bWxucz0iaHR0cDovL3d3dy53My5vcmcvMjAwMC9zdmciPjwvc3ZnPg==\" style=\"--smush-placeholder-width: 1024px; --smush-placeholder-aspect-ratio: 1024\/672;\" \/><\/figure>\n\n\n\n<figure class=\"wp-block-image size-large\"><img decoding=\"async\" width=\"300\" height=\"250\" data-src=\"https:\/\/gazetaregionalna.com\/wp-content\/uploads\/2022\/04\/DMK-3.jpg\" alt=\"\" class=\"wp-image-77211 lazyload\" src=\"data:image\/svg+xml;base64,PHN2ZyB3aWR0aD0iMSIgaGVpZ2h0PSIxIiB4bWxucz0iaHR0cDovL3d3dy53My5vcmcvMjAwMC9zdmciPjwvc3ZnPg==\" style=\"--smush-placeholder-width: 300px; --smush-placeholder-aspect-ratio: 300\/250;\"><\/figure>\n\n\n\n<figure class=\"wp-block-image size-large\"><img decoding=\"async\" width=\"1024\" height=\"416\" data-src=\"https:\/\/gazetaregionalna.com\/wp-content\/uploads\/2021\/05\/CKM-Sparta-9-1024x416.jpg\" alt=\"\" class=\"wp-image-41016 lazyload\" data-srcset=\"https:\/\/gazetaregionalna.com\/wp-content\/uploads\/2021\/05\/CKM-Sparta-9-1024x416.jpg 1024w, https:\/\/gazetaregionalna.com\/wp-content\/uploads\/2021\/05\/CKM-Sparta-9-300x122.jpg 300w, https:\/\/gazetaregionalna.com\/wp-content\/uploads\/2021\/05\/CKM-Sparta-9-768x312.jpg 768w, https:\/\/gazetaregionalna.com\/wp-content\/uploads\/2021\/05\/CKM-Sparta-9-1536x625.jpg 1536w, https:\/\/gazetaregionalna.com\/wp-content\/uploads\/2021\/05\/CKM-Sparta-9-2048x833.jpg 2048w, https:\/\/gazetaregionalna.com\/wp-content\/uploads\/2021\/05\/CKM-Sparta-9-696x283.jpg 696w, https:\/\/gazetaregionalna.com\/wp-content\/uploads\/2021\/05\/CKM-Sparta-9-1068x434.jpg 1068w, https:\/\/gazetaregionalna.com\/wp-content\/uploads\/2021\/05\/CKM-Sparta-9-1920x781.jpg 1920w, https:\/\/gazetaregionalna.com\/wp-content\/uploads\/2021\/05\/CKM-Sparta-9-1033x420.jpg 1033w, https:\/\/gazetaregionalna.com\/wp-content\/uploads\/2021\/05\/CKM-Sparta-9-scaled.jpg 1200w\" data-sizes=\"(max-width: 1024px) 100vw, 1024px\" src=\"data:image\/svg+xml;base64,PHN2ZyB3aWR0aD0iMSIgaGVpZ2h0PSIxIiB4bWxucz0iaHR0cDovL3d3dy53My5vcmcvMjAwMC9zdmciPjwvc3ZnPg==\" style=\"--smush-placeholder-width: 1024px; --smush-placeholder-aspect-ratio: 1024\/416;\" \/><\/figure>\n\n\n\n<figure class=\"wp-block-image size-large\"><img decoding=\"async\" width=\"300\" height=\"250\" data-src=\"https:\/\/gazetaregionalna.com\/wp-content\/uploads\/2022\/04\/DMK-1.jpg\" alt=\"\" class=\"wp-image-77209 lazyload\" src=\"data:image\/svg+xml;base64,PHN2ZyB3aWR0aD0iMSIgaGVpZ2h0PSIxIiB4bWxucz0iaHR0cDovL3d3dy53My5vcmcvMjAwMC9zdmciPjwvc3ZnPg==\" style=\"--smush-placeholder-width: 300px; --smush-placeholder-aspect-ratio: 300\/250;\"><\/figure>\n\n\n\n<figure class=\"wp-block-image size-large\"><img decoding=\"async\" width=\"1024\" height=\"683\" data-src=\"https:\/\/gazetaregionalna.com\/wp-content\/uploads\/2022\/04\/CKM-Unia-2-1024x683.jpg\" alt=\"\" class=\"wp-image-75667 lazyload\" data-srcset=\"https:\/\/gazetaregionalna.com\/wp-content\/uploads\/2022\/04\/CKM-Unia-2-1024x683.jpg 1024w, https:\/\/gazetaregionalna.com\/wp-content\/uploads\/2022\/04\/CKM-Unia-2-300x200.jpg 300w, https:\/\/gazetaregionalna.com\/wp-content\/uploads\/2022\/04\/CKM-Unia-2-768x512.jpg 768w, https:\/\/gazetaregionalna.com\/wp-content\/uploads\/2022\/04\/CKM-Unia-2-1536x1024.jpg 1536w, https:\/\/gazetaregionalna.com\/wp-content\/uploads\/2022\/04\/CKM-Unia-2-2048x1366.jpg 2048w, https:\/\/gazetaregionalna.com\/wp-content\/uploads\/2022\/04\/CKM-Unia-2-696x464.jpg 696w, https:\/\/gazetaregionalna.com\/wp-content\/uploads\/2022\/04\/CKM-Unia-2-1068x712.jpg 1068w, https:\/\/gazetaregionalna.com\/wp-content\/uploads\/2022\/04\/CKM-Unia-2-1920x1280.jpg 1920w, https:\/\/gazetaregionalna.com\/wp-content\/uploads\/2022\/04\/CKM-Unia-2-630x420.jpg 630w, https:\/\/gazetaregionalna.com\/wp-content\/uploads\/2022\/04\/CKM-Unia-2-scaled.jpg 1600w\" data-sizes=\"(max-width: 1024px) 100vw, 1024px\" src=\"data:image\/svg+xml;base64,PHN2ZyB3aWR0aD0iMSIgaGVpZ2h0PSIxIiB4bWxucz0iaHR0cDovL3d3dy53My5vcmcvMjAwMC9zdmciPjwvc3ZnPg==\" style=\"--smush-placeholder-width: 1024px; --smush-placeholder-aspect-ratio: 1024\/683;\" \/><\/figure>\n\n\n\n<figure class=\"wp-block-image size-large\"><img decoding=\"async\" width=\"1024\" height=\"683\" data-src=\"https:\/\/gazetaregionalna.com\/wp-content\/uploads\/2022\/04\/CKM-Unia-0-1024x683.jpg\" alt=\"\" class=\"wp-image-75665 lazyload\" data-srcset=\"https:\/\/gazetaregionalna.com\/wp-content\/uploads\/2022\/04\/CKM-Unia-0-1024x683.jpg 1024w, https:\/\/gazetaregionalna.com\/wp-content\/uploads\/2022\/04\/CKM-Unia-0-300x200.jpg 300w, https:\/\/gazetaregionalna.com\/wp-content\/uploads\/2022\/04\/CKM-Unia-0-768x512.jpg 768w, https:\/\/gazetaregionalna.com\/wp-content\/uploads\/2022\/04\/CKM-Unia-0-1536x1024.jpg 1536w, https:\/\/gazetaregionalna.com\/wp-content\/uploads\/2022\/04\/CKM-Unia-0-2048x1365.jpg 2048w, https:\/\/gazetaregionalna.com\/wp-content\/uploads\/2022\/04\/CKM-Unia-0-696x464.jpg 696w, https:\/\/gazetaregionalna.com\/wp-content\/uploads\/2022\/04\/CKM-Unia-0-1068x712.jpg 1068w, https:\/\/gazetaregionalna.com\/wp-content\/uploads\/2022\/04\/CKM-Unia-0-1920x1280.jpg 1920w, https:\/\/gazetaregionalna.com\/wp-content\/uploads\/2022\/04\/CKM-Unia-0-630x420.jpg 630w, https:\/\/gazetaregionalna.com\/wp-content\/uploads\/2022\/04\/CKM-Unia-0-scaled.jpg 1600w\" data-sizes=\"(max-width: 1024px) 100vw, 1024px\" src=\"data:image\/svg+xml;base64,PHN2ZyB3aWR0aD0iMSIgaGVpZ2h0PSIxIiB4bWxucz0iaHR0cDovL3d3dy53My5vcmcvMjAwMC9zdmciPjwvc3ZnPg==\" style=\"--smush-placeholder-width: 1024px; --smush-placeholder-aspect-ratio: 1024\/683;\" \/><\/figure>\n\n\n\n<figure class=\"wp-block-image size-large\"><img decoding=\"async\" width=\"1024\" height=\"683\" data-src=\"https:\/\/gazetaregionalna.com\/wp-content\/uploads\/2022\/04\/CKM-Wlokniarz-druzyna-1024x683.jpg\" alt=\"\" class=\"wp-image-76432 lazyload\" data-srcset=\"https:\/\/gazetaregionalna.com\/wp-content\/uploads\/2022\/04\/CKM-Wlokniarz-druzyna-1024x683.jpg 1024w, https:\/\/gazetaregionalna.com\/wp-content\/uploads\/2022\/04\/CKM-Wlokniarz-druzyna-300x200.jpg 300w, https:\/\/gazetaregionalna.com\/wp-content\/uploads\/2022\/04\/CKM-Wlokniarz-druzyna-768x512.jpg 768w, https:\/\/gazetaregionalna.com\/wp-content\/uploads\/2022\/04\/CKM-Wlokniarz-druzyna-1536x1024.jpg 1536w, https:\/\/gazetaregionalna.com\/wp-content\/uploads\/2022\/04\/CKM-Wlokniarz-druzyna-2048x1365.jpg 2048w, https:\/\/gazetaregionalna.com\/wp-content\/uploads\/2022\/04\/CKM-Wlokniarz-druzyna-696x464.jpg 696w, https:\/\/gazetaregionalna.com\/wp-content\/uploads\/2022\/04\/CKM-Wlokniarz-druzyna-1068x712.jpg 1068w, https:\/\/gazetaregionalna.com\/wp-content\/uploads\/2022\/04\/CKM-Wlokniarz-druzyna-1920x1280.jpg 1920w, https:\/\/gazetaregionalna.com\/wp-content\/uploads\/2022\/04\/CKM-Wlokniarz-druzyna-630x420.jpg 630w, https:\/\/gazetaregionalna.com\/wp-content\/uploads\/2022\/04\/CKM-Wlokniarz-druzyna-scaled.jpg 1600w\" data-sizes=\"(max-width: 1024px) 100vw, 1024px\" src=\"data:image\/svg+xml;base64,PHN2ZyB3aWR0aD0iMSIgaGVpZ2h0PSIxIiB4bWxucz0iaHR0cDovL3d3dy53My5vcmcvMjAwMC9zdmciPjwvc3ZnPg==\" style=\"--smush-placeholder-width: 1024px; --smush-placeholder-aspect-ratio: 1024\/683;\" \/><\/figure>\n\n\n\n<figure class=\"wp-block-image size-large\"><img decoding=\"async\" width=\"300\" height=\"250\" data-src=\"https:\/\/gazetaregionalna.com\/wp-content\/uploads\/2022\/04\/DMK-8.jpg\" alt=\"\" class=\"wp-image-77215 lazyload\" src=\"data:image\/svg+xml;base64,PHN2ZyB3aWR0aD0iMSIgaGVpZ2h0PSIxIiB4bWxucz0iaHR0cDovL3d3dy53My5vcmcvMjAwMC9zdmciPjwvc3ZnPg==\" style=\"--smush-placeholder-width: 300px; --smush-placeholder-aspect-ratio: 300\/250;\"><\/figure>\n","protected":false},"excerpt":{"rendered":"<p>W czwartej kolejce PGE Ekstraligi \u017cu\u017clowcy zielona-energia.com W\u0142\u00f3kniarz ugoszcz\u0105 w niedziel\u0119 1 maja aktualnego Mistrza Polski Betard Spart\u0119 Wroc\u0142aw. Cz\u0119stochowianie celuj\u0105 w drugie ligowe<\/p>\n","protected":false},"author":15,"featured_media":41014,"comment_status":"closed","ping_status":"open","sticky":false,"template":"","format":"standard","meta":{"_monsterinsights_skip_tracking":false,"_monsterinsights_sitenote_active":false,"_monsterinsights_sitenote_note":"","_monsterinsights_sitenote_category":0,"_uf_show_specific_survey":0,"_uf_disable_surveys":false,"footnotes":""},"categories":[94,5,7],"tags":[],"class_list":["post-78038","post","type-post","status-publish","format-standard","has-post-thumbnail","hentry","category-polecane","category-sport","category-zuzel"],"_links":{"self":[{"href":"https:\/\/gazetaregionalna.com\/index.php?rest_route=\/wp\/v2\/posts\/78038","targetHints":{"allow":["GET"]}}],"collection":[{"href":"https:\/\/gazetaregionalna.com\/index.php?rest_route=\/wp\/v2\/posts"}],"about":[{"href":"https:\/\/gazetaregionalna.com\/index.php?rest_route=\/wp\/v2\/types\/post"}],"author":[{"embeddable":true,"href":"https:\/\/gazetaregionalna.com\/index.php?rest_route=\/wp\/v2\/users\/15"}],"replies":[{"embeddable":true,"href":"https:\/\/gazetaregionalna.com\/index.php?rest_route=%2Fwp%2Fv2%2Fcomments&post=78038"}],"version-history":[{"count":1,"href":"https:\/\/gazetaregionalna.com\/index.php?rest_route=\/wp\/v2\/posts\/78038\/revisions"}],"predecessor-version":[{"id":78039,"href":"https:\/\/gazetaregionalna.com\/index.php?rest_route=\/wp\/v2\/posts\/78038\/revisions\/78039"}],"wp:featuredmedia":[{"embeddable":true,"href":"https:\/\/gazetaregionalna.com\/index.php?rest_route=\/wp\/v2\/media\/41014"}],"wp:attachment":[{"href":"https:\/\/gazetaregionalna.com\/index.php?rest_route=%2Fwp%2Fv2%2Fmedia&parent=78038"}],"wp:term":[{"taxonomy":"category","embeddable":true,"href":"https:\/\/gazetaregionalna.com\/index.php?rest_route=%2Fwp%2Fv2%2Fcategories&post=78038"},{"taxonomy":"post_tag","embeddable":true,"href":"https:\/\/gazetaregionalna.com\/index.php?rest_route=%2Fwp%2Fv2%2Ftags&post=78038"}],"curies":[{"name":"wp","href":"https:\/\/api.w.org\/{rel}","templated":true}]}}