{"id":77805,"date":"2022-04-28T07:40:39","date_gmt":"2022-04-28T07:40:39","guid":{"rendered":"https:\/\/gazetaregionalna.com\/?p=77805"},"modified":"2022-04-28T07:40:39","modified_gmt":"2022-04-28T07:40:39","slug":"godziny-funkcjonowania-mosiru-w-majowke","status":"publish","type":"post","link":"https:\/\/gazetaregionalna.com\/?p=77805","title":{"rendered":"Sprawd\u017a godziny funkcjonowania obiekt\u00f3w wodnych cz\u0119stochowskiego MOSiRu w maj\u00f3wk\u0119"},"content":{"rendered":"\n<p><strong>Je\u015bli my\u015blisz nad tym, by aktywnie sp\u0119dzi\u0107 tegoroczn\u0105 maj\u00f3wk\u0119, poni\u017cej przedstawiamy godziny funkcjonowania poszczeg\u00f3lnych obiekt\u00f3w MOSiRu. Z ma\u0142ymi wyj\u0105tkami, b\u0119dzie mo\u017cna korzysta\u0107 z cz\u0119stochowskich p\u0142ywalni w tym czasie.<\/strong><\/p>\n\n\n\n<p>Park Wodny Cz\u0119stochowa przy ul. Dekabryst\u00f3w 47 w sobot\u0119 (30 kwietnia), niedziel\u0119 (1 maja) i we wtorek (2 maja) b\u0119dzie otwarty tak, jak zwykle, czyli od godziny 10.00 do 22.00, a saunarium od godz. 12.00. W poniedzia\u0142ek (3 maja) natomiast cz\u0119stochowski aquapark r\u00f3wnie\u017c b\u0119dzie czynny od 10.00 do 22.00, ale saunarium b\u0119dzie otwarte 4 godziny p\u00f3\u017aniej, o 16.00.<\/p>\n\n\n\n<p>P\u0142ywalnia Kryta ,,Sienkiewicz Cz\u0119stochowa\u201d w sobot\u0119 (30 kwietnia) i niedziel\u0119 (1 maja) b\u0119dzie czynna od 8.00 do 19.30, wej\u015bcia odbywa\u0107 si\u0119 b\u0119d\u0105 zgodnie z harmonogramem. W poniedzia\u0142ek (2 maja) obiekt zostanie otwarty o godz. 6.00, a zamkni\u0119ty o 21.30. Godziny og\u00f3lnodost\u0119pne potrwaj\u0105 od 6.15 do 19.15 oraz od 20.00 do 21.30. Pozosta\u0142e godziny odb\u0119d\u0105 si\u0119 zgodnie z harmonogramem. We wtorek p\u0142ywalnia b\u0119dzie nieczynna.<\/p>\n\n\n\n<p>P\u0142ywalnia Kryta przy Al. Niepodleg\u0142o\u015bci r\u00f3wnie\u017c b\u0119dzie nieczynna we wtorek. W sobot\u0119 (30 kwietnia) zostanie otwarta o 8.00, a zamkni\u0119ta o 19.30, tak samo jak 1 maja, w\u00f3wczas jednak w niedzie\u0119 b\u0119d\u0105 godziny og\u00f3lnodost\u0119pne, kt\u00f3re potrwaj\u0105 od 8.00 do 17.15. Pozosta\u0142e wej\u015bcia b\u0119d\u0105 odbywa\u0107 si\u0119 zgodnie z harmonogramem. W poniedzia\u0142ek (2 maja) p\u0142ywalnia zostanie otwarta ju\u017c o godz. 6.00, a zamkni\u0119ta o 21.45. Godziny og\u00f3lnodost\u0119pne b\u0119d\u0105 od 6.15 do 15.00, a pozosta\u0142e odb\u0119d\u0105 si\u0119 zgodnie z harmonogramem.<\/p>\n\n\n\n<p>Aktualne harmonogramy P\u0142ywalni Krytej \u201eSienkiewicz Cz\u0119stochowa\u201d i P\u0142ywalni Krytej przy Al. Niepodleg\u0142o\u015bci dost\u0119pne na <a href=\"http:\/\/www.mosir.pl\" target=\"_blank\" rel=\"noopener\">stronie MOSiRu<\/a> w zak\u0142adce Obiekty.<\/p>\n\n\n\n<p><strong>LN\u015a\/MOSiR Cz\u0119stochowa<\/strong><\/p>\n","protected":false},"excerpt":{"rendered":"<p>Je\u015bli my\u015blisz nad tym, by aktywnie sp\u0119dzi\u0107 tegoroczn\u0105 maj\u00f3wk\u0119, poni\u017cej przedstawiamy godziny funkcjonowania poszczeg\u00f3lnych obiekt\u00f3w MOSiRu. Z ma\u0142ymi wyj\u0105tkami, b\u0119dzie mo\u017cna korzysta\u0107 z cz\u0119stochowskich<\/p>\n","protected":false},"author":26,"featured_media":44563,"comment_status":"closed","ping_status":"open","sticky":false,"template":"","format":"standard","meta":{"_monsterinsights_skip_tracking":false,"_monsterinsights_sitenote_active":false,"_monsterinsights_sitenote_note":"","_monsterinsights_sitenote_category":0,"_uf_show_specific_survey":0,"_uf_disable_surveys":false,"footnotes":""},"categories":[2,3],"tags":[4452,1184,2127,4457,4458],"class_list":["post-77805","post","type-post","status-publish","format-standard","has-post-thumbnail","hentry","category-wiadomosci","category-czestochowa-informacje","tag-majowka","tag-mosir","tag-park-wodny-czestochowa","tag-plywalnia","tag-plywalnia-kryta"],"_links":{"self":[{"href":"https:\/\/gazetaregionalna.com\/index.php?rest_route=\/wp\/v2\/posts\/77805","targetHints":{"allow":["GET"]}}],"collection":[{"href":"https:\/\/gazetaregionalna.com\/index.php?rest_route=\/wp\/v2\/posts"}],"about":[{"href":"https:\/\/gazetaregionalna.com\/index.php?rest_route=\/wp\/v2\/types\/post"}],"author":[{"embeddable":true,"href":"https:\/\/gazetaregionalna.com\/index.php?rest_route=\/wp\/v2\/users\/26"}],"replies":[{"embeddable":true,"href":"https:\/\/gazetaregionalna.com\/index.php?rest_route=%2Fwp%2Fv2%2Fcomments&post=77805"}],"version-history":[{"count":1,"href":"https:\/\/gazetaregionalna.com\/index.php?rest_route=\/wp\/v2\/posts\/77805\/revisions"}],"predecessor-version":[{"id":77806,"href":"https:\/\/gazetaregionalna.com\/index.php?rest_route=\/wp\/v2\/posts\/77805\/revisions\/77806"}],"wp:featuredmedia":[{"embeddable":true,"href":"https:\/\/gazetaregionalna.com\/index.php?rest_route=\/wp\/v2\/media\/44563"}],"wp:attachment":[{"href":"https:\/\/gazetaregionalna.com\/index.php?rest_route=%2Fwp%2Fv2%2Fmedia&parent=77805"}],"wp:term":[{"taxonomy":"category","embeddable":true,"href":"https:\/\/gazetaregionalna.com\/index.php?rest_route=%2Fwp%2Fv2%2Fcategories&post=77805"},{"taxonomy":"post_tag","embeddable":true,"href":"https:\/\/gazetaregionalna.com\/index.php?rest_route=%2Fwp%2Fv2%2Ftags&post=77805"}],"curies":[{"name":"wp","href":"https:\/\/api.w.org\/{rel}","templated":true}]}}