{"id":77573,"date":"2022-04-26T10:13:24","date_gmt":"2022-04-26T10:13:24","guid":{"rendered":"https:\/\/gazetaregionalna.com\/?p=77573"},"modified":"2022-04-26T10:13:25","modified_gmt":"2022-04-26T10:13:25","slug":"obchody-swieta-narodowego-3-maja-w-zarkach","status":"publish","type":"post","link":"https:\/\/gazetaregionalna.com\/?p=77573","title":{"rendered":"Obchody \u015awi\u0119ta Narodowego 3 maja w \u017barkach"},"content":{"rendered":"\n<h2 class=\"wp-block-heading\">Organizatorzy zapraszaj\u0105 na Obchody z okazji \u015awi\u0119ta Narodowego 3 maja, kt\u00f3re rozpoczn\u0105 si\u0119 Uroczyst\u0105 Msz\u0105 \u015awi\u0119ta w ko\u015bciele parafialnym w \u017barkach.<\/h2>\n\n\n\n<p><strong>Msza <\/strong>rozpocznie si\u0119 o godzinie <strong>10.00<\/strong>. Po Mszy odb\u0119dzie si\u0119 przemarsz pod pomnik b\u0142ogos\u0142awionego <strong>ks. Gietyngiera<\/strong> oraz pod pomnik <strong>T. Ko\u015bciuszki<\/strong> przy akompaniamencie <strong>Orkiestry D\u0119tej OSP<\/strong> z <strong>\u017barek <\/strong>i <strong>Przybynowa<\/strong>.<\/p>\n\n\n\n<p>B\u0119d\u0105 mia\u0142y miejsce r\u00f3wnie\u017c okoliczno\u015bciowe <strong>przem\u00f3wienia<\/strong> oraz <strong>z\u0142o\u017cenie kwiat\u00f3w<\/strong>.<\/p>\n\n\n\n<figure class=\"wp-block-image size-large\"><img decoding=\"async\" width=\"707\" height=\"1000\" data-src=\"https:\/\/gazetaregionalna.com\/wp-content\/uploads\/2022\/04\/1-50.jpg\" alt=\"\" class=\"wp-image-77574 lazyload\" data-srcset=\"https:\/\/gazetaregionalna.com\/wp-content\/uploads\/2022\/04\/1-50.jpg 707w, https:\/\/gazetaregionalna.com\/wp-content\/uploads\/2022\/04\/1-50-212x300.jpg 212w, https:\/\/gazetaregionalna.com\/wp-content\/uploads\/2022\/04\/1-50-696x984.jpg 696w, https:\/\/gazetaregionalna.com\/wp-content\/uploads\/2022\/04\/1-50-297x420.jpg 297w\" data-sizes=\"(max-width: 707px) 100vw, 707px\" src=\"data:image\/svg+xml;base64,PHN2ZyB3aWR0aD0iMSIgaGVpZ2h0PSIxIiB4bWxucz0iaHR0cDovL3d3dy53My5vcmcvMjAwMC9zdmciPjwvc3ZnPg==\" style=\"--smush-placeholder-width: 707px; --smush-placeholder-aspect-ratio: 707\/1000;\" \/><figcaption>mat. UMiG \u017barki <\/figcaption><\/figure>\n\n\n\n<p><strong>K KIK <\/strong><\/p>\n","protected":false},"excerpt":{"rendered":"<p>Organizatorzy zapraszaj\u0105 na Obchody z okazji \u015awi\u0119ta Narodowego 3 maja, kt\u00f3re rozpoczn\u0105 si\u0119 Uroczyst\u0105 Msz\u0105 \u015awi\u0119ta w ko\u015bciele parafialnym w \u017barkach. Msza rozpocznie si\u0119<\/p>\n","protected":false},"author":21,"featured_media":77575,"comment_status":"closed","ping_status":"open","sticky":false,"template":"","format":"standard","meta":{"_monsterinsights_skip_tracking":false,"_monsterinsights_sitenote_active":false,"_monsterinsights_sitenote_note":"","_monsterinsights_sitenote_category":0,"_uf_show_specific_survey":0,"_uf_disable_surveys":false,"footnotes":""},"categories":[2,26,4],"tags":[4608,2496,175],"class_list":["post-77573","post","type-post","status-publish","format-standard","has-post-thumbnail","hentry","category-wiadomosci","category-myszkow","category-region","tag-3-maja","tag-obchody","tag-zarki"],"_links":{"self":[{"href":"https:\/\/gazetaregionalna.com\/index.php?rest_route=\/wp\/v2\/posts\/77573","targetHints":{"allow":["GET"]}}],"collection":[{"href":"https:\/\/gazetaregionalna.com\/index.php?rest_route=\/wp\/v2\/posts"}],"about":[{"href":"https:\/\/gazetaregionalna.com\/index.php?rest_route=\/wp\/v2\/types\/post"}],"author":[{"embeddable":true,"href":"https:\/\/gazetaregionalna.com\/index.php?rest_route=\/wp\/v2\/users\/21"}],"replies":[{"embeddable":true,"href":"https:\/\/gazetaregionalna.com\/index.php?rest_route=%2Fwp%2Fv2%2Fcomments&post=77573"}],"version-history":[{"count":1,"href":"https:\/\/gazetaregionalna.com\/index.php?rest_route=\/wp\/v2\/posts\/77573\/revisions"}],"predecessor-version":[{"id":77576,"href":"https:\/\/gazetaregionalna.com\/index.php?rest_route=\/wp\/v2\/posts\/77573\/revisions\/77576"}],"wp:featuredmedia":[{"embeddable":true,"href":"https:\/\/gazetaregionalna.com\/index.php?rest_route=\/wp\/v2\/media\/77575"}],"wp:attachment":[{"href":"https:\/\/gazetaregionalna.com\/index.php?rest_route=%2Fwp%2Fv2%2Fmedia&parent=77573"}],"wp:term":[{"taxonomy":"category","embeddable":true,"href":"https:\/\/gazetaregionalna.com\/index.php?rest_route=%2Fwp%2Fv2%2Fcategories&post=77573"},{"taxonomy":"post_tag","embeddable":true,"href":"https:\/\/gazetaregionalna.com\/index.php?rest_route=%2Fwp%2Fv2%2Ftags&post=77573"}],"curies":[{"name":"wp","href":"https:\/\/api.w.org\/{rel}","templated":true}]}}