{"id":77195,"date":"2022-04-23T18:43:31","date_gmt":"2022-04-23T18:43:31","guid":{"rendered":"https:\/\/gazetaregionalna.com\/?p=77195"},"modified":"2022-04-23T19:17:59","modified_gmt":"2022-04-23T19:17:59","slug":"druga-przegrana-siatkarzy-azs-czestochowa-podczas-turnieju-barazowego-w-toruniu","status":"publish","type":"post","link":"https:\/\/gazetaregionalna.com\/?p=77195","title":{"rendered":"Druga przegrana siatkarzy AZS Cz\u0119stochowa podczas turnieju bara\u017cowego w Toruniu"},"content":{"rendered":"\n<p>Siatkarze AZS Cz\u0119stochowa doznali w sobot\u0119 drugiej pora\u017cki podczas p\u00f3\u0142fina\u0142owego turnieju bara\u017cowego w Toruniu. W niedziel\u0119 zagraj\u0105 z Anio\u0142ami Toru\u0144. Awans do turnieju fina\u0142owego wywalczy\u0142 BAS Bia\u0142ystok, a w niedziel\u0119 oka\u017ce si\u0119, kto b\u0119dzie drugi. <\/p>\n\n\n\n<p>Siatkarze AZS Cz\u0119stochowa \u017ale rozpocz\u0119li sobotni mecz z MCKiS-em Jaworzno. By\u0107 mo\u017ce my\u015bleli jeszcze o pi\u0105tkowej pora\u017cce z BAS Bia\u0142ystok 0:3. Zawodnicy trenera Rafa\u0142a Legienia przegrali inauguracyjn\u0105 parti\u0119 21:25. W drugiej by\u0142o jeszcze gorzej, bo AZS przegra\u0142 do 16 i w meczu by\u0142o 2:0 w setach dla MCKiS Jaworzno.<\/p>\n\n\n\n<p>Ale cz\u0119stochowianie nie poddawali si\u0119 tylko walczyli o wygran\u0105. Bo wiedzieli, \u017ce wygrana z MCKiS-em da im szans\u0119 na awans do turnieju fina\u0142owego. Cz\u0119stochowianie wygrali 3 seta 25:22 i zmniejszyli straty na 1:2.<\/p>\n\n\n\n<p>W czwartym secie AZS prowadzi\u0142 10:7 i kibice bia\u0142o-zielonych mieli nadziej\u0119, \u017ce cz\u0119stochowianie doprowadz\u0105 do tie-breaka. Cho\u0107 w ko\u0144c\u00f3wce seta by\u0142o jeszcze 23:22 dla AZS to ostatecznie triumfowali jaworzanie, kt\u00f3rzy wygrali 25:23 i ca\u0142y mecz 3:1.<\/p>\n\n\n\n<p>Po dw\u00f3ch dniach turnieju BAS Bia\u0142ystok ma 2 zwyci\u0119stwa i zapewni\u0142 sobie awans do turnieju fina\u0142owego. W niedziel\u0119 BAS zagra z MCKiS-em Jaworzno, kt\u00f3ry ma na koncie zwyci\u0119stwo i pora\u017ck\u0119, a AZS zmierzy si\u0119 z Anio\u0142ami Toru\u0144, kt\u00f3re te\u017c maj\u0105 na koncie zwyci\u0119stwo i pora\u017ck\u0119&#8230;<\/p>\n\n\n\n<p>AK, foto: MK<\/p>\n\n\n\n<figure class=\"wp-block-image size-large\"><img decoding=\"async\" width=\"1024\" height=\"461\" data-src=\"https:\/\/gazetaregionalna.com\/wp-content\/uploads\/2022\/04\/AZS-Torun-1-1024x461.jpg\" alt=\"\" class=\"wp-image-77196 lazyload\" data-srcset=\"https:\/\/gazetaregionalna.com\/wp-content\/uploads\/2022\/04\/AZS-Torun-1-1024x461.jpg 1024w, https:\/\/gazetaregionalna.com\/wp-content\/uploads\/2022\/04\/AZS-Torun-1-300x135.jpg 300w, https:\/\/gazetaregionalna.com\/wp-content\/uploads\/2022\/04\/AZS-Torun-1-768x346.jpg 768w, https:\/\/gazetaregionalna.com\/wp-content\/uploads\/2022\/04\/AZS-Torun-1-696x313.jpg 696w, https:\/\/gazetaregionalna.com\/wp-content\/uploads\/2022\/04\/AZS-Torun-1-1068x481.jpg 1068w, https:\/\/gazetaregionalna.com\/wp-content\/uploads\/2022\/04\/AZS-Torun-1-933x420.jpg 933w, https:\/\/gazetaregionalna.com\/wp-content\/uploads\/2022\/04\/AZS-Torun-1.jpg 1469w\" data-sizes=\"(max-width: 1024px) 100vw, 1024px\" src=\"data:image\/svg+xml;base64,PHN2ZyB3aWR0aD0iMSIgaGVpZ2h0PSIxIiB4bWxucz0iaHR0cDovL3d3dy53My5vcmcvMjAwMC9zdmciPjwvc3ZnPg==\" style=\"--smush-placeholder-width: 1024px; --smush-placeholder-aspect-ratio: 1024\/461;\" \/><\/figure>\n\n\n\n<figure class=\"wp-block-image size-large\"><img decoding=\"async\" width=\"300\" height=\"250\" data-src=\"https:\/\/gazetaregionalna.com\/wp-content\/uploads\/2021\/10\/DMKInvest2.jpg\" alt=\"\" class=\"wp-image-58380 lazyload\" src=\"data:image\/svg+xml;base64,PHN2ZyB3aWR0aD0iMSIgaGVpZ2h0PSIxIiB4bWxucz0iaHR0cDovL3d3dy53My5vcmcvMjAwMC9zdmciPjwvc3ZnPg==\" style=\"--smush-placeholder-width: 300px; --smush-placeholder-aspect-ratio: 300\/250;\"><\/figure>\n","protected":false},"excerpt":{"rendered":"<p>Siatkarze AZS Cz\u0119stochowa doznali w sobot\u0119 drugiej pora\u017cki podczas p\u00f3\u0142fina\u0142owego turnieju bara\u017cowego w Toruniu. W niedziel\u0119 zagraj\u0105 z Anio\u0142ami Toru\u0144. Awans do turnieju fina\u0142owego<\/p>\n","protected":false},"author":15,"featured_media":77196,"comment_status":"closed","ping_status":"open","sticky":false,"template":"","format":"standard","meta":{"_monsterinsights_skip_tracking":false,"_monsterinsights_sitenote_active":false,"_monsterinsights_sitenote_note":"","_monsterinsights_sitenote_category":0,"_uf_show_specific_survey":0,"_uf_disable_surveys":false,"footnotes":""},"categories":[5,8],"tags":[],"class_list":["post-77195","post","type-post","status-publish","format-standard","has-post-thumbnail","hentry","category-sport","category-siatkowka"],"_links":{"self":[{"href":"https:\/\/gazetaregionalna.com\/index.php?rest_route=\/wp\/v2\/posts\/77195","targetHints":{"allow":["GET"]}}],"collection":[{"href":"https:\/\/gazetaregionalna.com\/index.php?rest_route=\/wp\/v2\/posts"}],"about":[{"href":"https:\/\/gazetaregionalna.com\/index.php?rest_route=\/wp\/v2\/types\/post"}],"author":[{"embeddable":true,"href":"https:\/\/gazetaregionalna.com\/index.php?rest_route=\/wp\/v2\/users\/15"}],"replies":[{"embeddable":true,"href":"https:\/\/gazetaregionalna.com\/index.php?rest_route=%2Fwp%2Fv2%2Fcomments&post=77195"}],"version-history":[{"count":2,"href":"https:\/\/gazetaregionalna.com\/index.php?rest_route=\/wp\/v2\/posts\/77195\/revisions"}],"predecessor-version":[{"id":77200,"href":"https:\/\/gazetaregionalna.com\/index.php?rest_route=\/wp\/v2\/posts\/77195\/revisions\/77200"}],"wp:featuredmedia":[{"embeddable":true,"href":"https:\/\/gazetaregionalna.com\/index.php?rest_route=\/wp\/v2\/media\/77196"}],"wp:attachment":[{"href":"https:\/\/gazetaregionalna.com\/index.php?rest_route=%2Fwp%2Fv2%2Fmedia&parent=77195"}],"wp:term":[{"taxonomy":"category","embeddable":true,"href":"https:\/\/gazetaregionalna.com\/index.php?rest_route=%2Fwp%2Fv2%2Fcategories&post=77195"},{"taxonomy":"post_tag","embeddable":true,"href":"https:\/\/gazetaregionalna.com\/index.php?rest_route=%2Fwp%2Fv2%2Ftags&post=77195"}],"curies":[{"name":"wp","href":"https:\/\/api.w.org\/{rel}","templated":true}]}}