{"id":77091,"date":"2022-04-22T08:53:22","date_gmt":"2022-04-22T08:53:22","guid":{"rendered":"https:\/\/gazetaregionalna.com\/?p=77091"},"modified":"2022-04-22T08:53:23","modified_gmt":"2022-04-22T08:53:23","slug":"coraz-wiecej-wypadkow-z-udzialem-pieszych","status":"publish","type":"post","link":"https:\/\/gazetaregionalna.com\/?p=77091","title":{"rendered":"W Cz\u0119stochowie i powiecie coraz wi\u0119cej wypadk\u00f3w z udzia\u0142em pieszych. Od stycznia dosz\u0142o do 46 zdarze\u0144"},"content":{"rendered":"\n<p><strong>W ostatnich dniach dosz\u0142o do 2 wypadk\u00f3w z udzia\u0142em pieszych. Niechronieni uczestnicy z obra\u017ceniami trafili do szpitala. Do wypadk\u00f3w dosz\u0142o z winy kieruj\u0105cych<\/strong>.<\/p>\n\n\n\n<p>Od stycznia na drogach miasta i powiatu cz\u0119stochowskiego dosz\u0142o do 46 zdarze\u0144 z udzia\u0142em pieszych uczestnik\u00f3w ruchu drogowego, w kt\u00f3rych 21 os\u00f3b zosta\u0142o rannych, a 3 ponios\u0142y \u015bmier\u0107. Z policyjnych danych wynika, \u017ce sprawcami zdecydowanej wi\u0119kszo\u015bci zdarze\u0144 drogowych s\u0105 kieruj\u0105cy pojazdami.<\/p>\n\n\n\n<p>W ubieg\u0142\u0105 \u015brod\u0119 w Cz\u0119stochowie na ul. Augustyna dosz\u0142o do potr\u0105cenia pieszej przez kieruj\u0105cego audi, kt\u00f3ry wyje\u017cd\u017caj\u0105c z posesji nie ust\u0105pi\u0142 jej pierwsze\u0144stwa. W czwartek przy skrzy\u017cowaniu ulic Waszyngtona i Nowowiejskiego, kieruj\u0105cy oplem potr\u0105ci\u0142 przechodz\u0105cego przez przej\u015bcie pieszego, kt\u00f3ry z obra\u017ceniami trafi\u0142 do szpitala. Za spowodowanie wypadku w komunikacji sprawcom grozi do 3 lat pozbawienia wolno\u015bci.<\/p>\n\n\n\n<p>Policjanci z cz\u0119stochowskiej drog\u00f3wki, w ramach codziennej s\u0142u\u017cby, zdecydowanie reaguj\u0105 na wykroczenia, pope\u0142niane przez kierowc\u00f3w wzgl\u0119dem pieszych. Warto przypomnie\u0107, \u017ce mandat karny za nieust\u0105pienie pierwsze\u0144stwa pieszemu, znajduj\u0105cemu si\u0119 na przej\u015bciu dla pieszych lub wchodz\u0105cemu na to przej\u015bcie, wynosi 1500 z\u0142otych.<\/p>\n\n\n\n<p>Taka sama kara grzywny grozi kieruj\u0105cym, kt\u00f3rzy omin\u0105 pojazd ust\u0119puj\u0105cy pierwsze\u0144stwa pieszym na przej\u015bciu albo wyprzedzaj\u0105 na przej\u015bciu dla pieszych lub bezpo\u015brednio przed nim. Nale\u017cy jednak pami\u0119ta\u0107, \u017ce konsekwencje tych narusze\u0144 mog\u0105 by\u0107 o wiele powa\u017cniejsze.<\/p>\n\n\n\n<p>Policja przypomina, \u017ce w strefie zamieszkania pieszy mo\u017ce si\u0119 porusza\u0107 swobodnie po ca\u0142ej przestrzeni i ma pierwsze\u0144stwo przed pojazdami (kieruj\u0105cy musi ust\u0105pi\u0107 pieszemu w ka\u017cdym wypadku). Ponadto, pieszy ma pierwsze\u0144stwo znajduj\u0105c si\u0119 na przej\u015bciu dla pieszych lub wchodz\u0105c na nie.<\/p>\n\n\n\n<p>Niechroniony uczestnik ruchu drogowego powinien pami\u0119ta\u0107, \u017ce przechodz\u0105c przez ulic\u0119, gdy nie ma sygnalizacji \u015bwietlnej mo\u017ce przej\u015b\u0107 tylko w miejscach oznaczonych pasami. Wyj\u0105tkiem jest sytuacja, gdy odleg\u0142o\u015b\u0107 od przej\u015bcia dla pieszych przekracza 100 m.<\/p>\n\n\n\n<p>Poza tym pieszy zanim przejdzie przez pasy powinien zatrzyma\u0107 si\u0119, a nast\u0119pnie rozejrze\u0107 si\u0119 i upewni\u0107,czy mo\u017ce bezpiecznie przej\u015b\u0107 na drug\u0105 stron\u0119. Przechodz\u0105c przez ulic\u0119 nie wolno traci\u0107 pojazd\u00f3w z oczu i by\u0107 czujnym.<\/p>\n\n\n\n<p>Przez jezdni\u0119 trzeba przechodzi\u0107 pewnym krokiem i zachowa\u0107 ostro\u017cno\u015b\u0107, nie korzystaj\u0107 w tym czasie ze smartfona i skupi\u0107 swoj\u0105 uwag\u0119 na tym, co si\u0119 dzieje na drodze. Nie wolno wbiega\u0107 na jezdni\u0119 i przebiega\u0107 przez ni\u0105.<\/p>\n\n\n\n<p>Niedawno, bo 4 kwietnia, mia\u0142 miejsce wypadek przy ul. Szajnowicza-Iwanowa, w kt\u00f3rym ucierpia\u0142a kobieta, potr\u0105cona przez Gruzina w\u0142a\u015bnie na przej\u015bciu dla pieszych. Szczeg\u00f3\u0142y poznasz <a href=\"https:\/\/gazetaregionalna.com\/potracenie-57-latki\/\">tutaj<\/a>.<\/p>\n\n\n\n<p><strong>LN\u015a\/KMP Cz\u0119stochowa<\/strong><\/p>\n","protected":false},"excerpt":{"rendered":"<p>W ostatnich dniach dosz\u0142o do 2 wypadk\u00f3w z udzia\u0142em pieszych. Niechronieni uczestnicy z obra\u017ceniami trafili do szpitala. Do wypadk\u00f3w dosz\u0142o z winy kieruj\u0105cych. Od<\/p>\n","protected":false},"author":26,"featured_media":46833,"comment_status":"closed","ping_status":"open","sticky":false,"template":"","format":"standard","meta":{"_monsterinsights_skip_tracking":false,"_monsterinsights_sitenote_active":false,"_monsterinsights_sitenote_note":"","_monsterinsights_sitenote_category":0,"_uf_show_specific_survey":0,"_uf_disable_surveys":false,"footnotes":""},"categories":[44,3,2],"tags":[4561,1742,2673],"class_list":["post-77091","post","type-post","status-publish","format-standard","has-post-thumbnail","hentry","category-bezpieczenstwo","category-czestochowa-informacje","category-wiadomosci","tag-niechronieni-uczestnicy-ruchu-drogowego","tag-przejscie-dla-pieszych","tag-wypadki-drogowe"],"_links":{"self":[{"href":"https:\/\/gazetaregionalna.com\/index.php?rest_route=\/wp\/v2\/posts\/77091","targetHints":{"allow":["GET"]}}],"collection":[{"href":"https:\/\/gazetaregionalna.com\/index.php?rest_route=\/wp\/v2\/posts"}],"about":[{"href":"https:\/\/gazetaregionalna.com\/index.php?rest_route=\/wp\/v2\/types\/post"}],"author":[{"embeddable":true,"href":"https:\/\/gazetaregionalna.com\/index.php?rest_route=\/wp\/v2\/users\/26"}],"replies":[{"embeddable":true,"href":"https:\/\/gazetaregionalna.com\/index.php?rest_route=%2Fwp%2Fv2%2Fcomments&post=77091"}],"version-history":[{"count":1,"href":"https:\/\/gazetaregionalna.com\/index.php?rest_route=\/wp\/v2\/posts\/77091\/revisions"}],"predecessor-version":[{"id":77093,"href":"https:\/\/gazetaregionalna.com\/index.php?rest_route=\/wp\/v2\/posts\/77091\/revisions\/77093"}],"wp:featuredmedia":[{"embeddable":true,"href":"https:\/\/gazetaregionalna.com\/index.php?rest_route=\/wp\/v2\/media\/46833"}],"wp:attachment":[{"href":"https:\/\/gazetaregionalna.com\/index.php?rest_route=%2Fwp%2Fv2%2Fmedia&parent=77091"}],"wp:term":[{"taxonomy":"category","embeddable":true,"href":"https:\/\/gazetaregionalna.com\/index.php?rest_route=%2Fwp%2Fv2%2Fcategories&post=77091"},{"taxonomy":"post_tag","embeddable":true,"href":"https:\/\/gazetaregionalna.com\/index.php?rest_route=%2Fwp%2Fv2%2Ftags&post=77091"}],"curies":[{"name":"wp","href":"https:\/\/api.w.org\/{rel}","templated":true}]}}