{"id":7696,"date":"2019-11-06T11:01:19","date_gmt":"2019-11-06T11:01:19","guid":{"rendered":"https:\/\/gazetaregionalna.com\/?p=7696"},"modified":"2019-11-06T11:01:37","modified_gmt":"2019-11-06T11:01:37","slug":"mlodzi-radni-rozpoczeli-prace","status":"publish","type":"post","link":"https:\/\/gazetaregionalna.com\/?p=7696","title":{"rendered":"M\u0142odzi radni rozpocz\u0119li prac\u0119"},"content":{"rendered":"\n<h2 class=\"wp-block-heading\"> Za nami pierwsze posiedzenie drugiej kadencji M\u0142odzie\u017cowej Rady Miasta Radomska. Podczas obrad m\u0142odzi radni wybrali przewodnicz\u0105cego, zast\u0119pc\u00f3w przewodnicz\u0105cego oraz sekretarzy rady. <\/h2>\n\n\n\n<figure class=\"wp-block-image\"><img decoding=\"async\" width=\"1024\" height=\"683\" data-src=\"https:\/\/gazetaregionalna.com\/wp-content\/uploads\/2019\/11\/rada-radomsko2-1024x683.jpg\" alt=\"\" class=\"wp-image-7697 lazyload\" data-srcset=\"https:\/\/gazetaregionalna.com\/wp-content\/uploads\/2019\/11\/rada-radomsko2.jpg 1024w, https:\/\/gazetaregionalna.com\/wp-content\/uploads\/2019\/11\/rada-radomsko2-300x200.jpg 300w, https:\/\/gazetaregionalna.com\/wp-content\/uploads\/2019\/11\/rada-radomsko2-768x512.jpg 768w, https:\/\/gazetaregionalna.com\/wp-content\/uploads\/2019\/11\/rada-radomsko2-696x464.jpg 696w, https:\/\/gazetaregionalna.com\/wp-content\/uploads\/2019\/11\/rada-radomsko2-630x420.jpg 630w\" data-sizes=\"(max-width: 1024px) 100vw, 1024px\" src=\"data:image\/svg+xml;base64,PHN2ZyB3aWR0aD0iMSIgaGVpZ2h0PSIxIiB4bWxucz0iaHR0cDovL3d3dy53My5vcmcvMjAwMC9zdmciPjwvc3ZnPg==\" style=\"--smush-placeholder-width: 1024px; --smush-placeholder-aspect-ratio: 1024\/683;\" \/><\/figure>\n\n\n\n<p>W trakcie pierwszych obrad m\u0142odych rajc\u00f3w odwiedzi\u0142 prezydent Radomska Jaros\u0142aw Ferenc. Otworzy\u0142 on sesj\u0119, \u017cycz\u0105c m\u0142odym radnym samych sukces\u00f3w w nadchodz\u0105cej kadencji oraz zapewni\u0142 ich o swoim wsparciu, na kt\u00f3re mog\u0105 liczy\u0107 wszyscy cz\u0142onkowie M\u0142odzie\u017cowej Rady Miasta.<br> M\u0142odzi radni rozpocz\u0119li obrady od z\u0142o\u017cenia uroczystego \u015blubowania, a nast\u0119pnie powo\u0142ali komisj\u0119 skrutacyjn\u0105, kt\u00f3ra poprowadzi\u0142a g\u0142osowania na poszczeg\u00f3lne stanowiska prezydium rady.<br> Wybrano prezydium rady, kt\u00f3re przedstawia si\u0119 nast\u0119puj\u0105co:<br> &#8211; Przewodnicz\u0105cy \u2013 Roch Rochowski<br> &#8211; Zast\u0119pca Przewodnicz\u0105cego &#8211; Marcin Bare\u0142a<br> &#8211; Zast\u0119pca Przewodnicz\u0105cego &#8211; Maciej Bielas<br> &#8211; Sekretarz &#8211; Mateusz Patalan<br> &#8211; Sekretarz &#8211; Natalia Michalska<br> &#8211; Skarbnik &#8211; Weronika Obst<\/p>\n\n\n\n<p>(\u0179r\u00f3d\u0142o:\nUM Radomsko)<\/p>\n","protected":false},"excerpt":{"rendered":"<p>Za nami pierwsze posiedzenie drugiej kadencji M\u0142odzie\u017cowej Rady Miasta Radomska. Podczas obrad m\u0142odzi radni wybrali przewodnicz\u0105cego, zast\u0119pc\u00f3w przewodnicz\u0105cego oraz sekretarzy rady. W trakcie pierwszych<\/p>\n","protected":false},"author":7,"featured_media":7698,"comment_status":"open","ping_status":"open","sticky":false,"template":"","format":"standard","meta":{"_monsterinsights_skip_tracking":false,"_monsterinsights_sitenote_active":false,"_monsterinsights_sitenote_note":"","_monsterinsights_sitenote_category":0,"_uf_show_specific_survey":0,"_uf_disable_surveys":false,"footnotes":""},"categories":[94,28,2],"tags":[],"class_list":["post-7696","post","type-post","status-publish","format-standard","has-post-thumbnail","hentry","category-polecane","category-radomsko","category-wiadomosci"],"_links":{"self":[{"href":"https:\/\/gazetaregionalna.com\/index.php?rest_route=\/wp\/v2\/posts\/7696","targetHints":{"allow":["GET"]}}],"collection":[{"href":"https:\/\/gazetaregionalna.com\/index.php?rest_route=\/wp\/v2\/posts"}],"about":[{"href":"https:\/\/gazetaregionalna.com\/index.php?rest_route=\/wp\/v2\/types\/post"}],"author":[{"embeddable":true,"href":"https:\/\/gazetaregionalna.com\/index.php?rest_route=\/wp\/v2\/users\/7"}],"replies":[{"embeddable":true,"href":"https:\/\/gazetaregionalna.com\/index.php?rest_route=%2Fwp%2Fv2%2Fcomments&post=7696"}],"version-history":[{"count":1,"href":"https:\/\/gazetaregionalna.com\/index.php?rest_route=\/wp\/v2\/posts\/7696\/revisions"}],"predecessor-version":[{"id":7699,"href":"https:\/\/gazetaregionalna.com\/index.php?rest_route=\/wp\/v2\/posts\/7696\/revisions\/7699"}],"wp:featuredmedia":[{"embeddable":true,"href":"https:\/\/gazetaregionalna.com\/index.php?rest_route=\/wp\/v2\/media\/7698"}],"wp:attachment":[{"href":"https:\/\/gazetaregionalna.com\/index.php?rest_route=%2Fwp%2Fv2%2Fmedia&parent=7696"}],"wp:term":[{"taxonomy":"category","embeddable":true,"href":"https:\/\/gazetaregionalna.com\/index.php?rest_route=%2Fwp%2Fv2%2Fcategories&post=7696"},{"taxonomy":"post_tag","embeddable":true,"href":"https:\/\/gazetaregionalna.com\/index.php?rest_route=%2Fwp%2Fv2%2Ftags&post=7696"}],"curies":[{"name":"wp","href":"https:\/\/api.w.org\/{rel}","templated":true}]}}