{"id":76917,"date":"2022-04-21T06:12:28","date_gmt":"2022-04-21T06:12:28","guid":{"rendered":"https:\/\/gazetaregionalna.com\/?p=76917"},"modified":"2022-04-21T06:12:29","modified_gmt":"2022-04-21T06:12:29","slug":"7-osob-zatrzymanych-za-skladowanie-odpadow-niebezpiecznych","status":"publish","type":"post","link":"https:\/\/gazetaregionalna.com\/?p=76917","title":{"rendered":"7 os\u00f3b zatrzymanych za sk\u0142adowanie 1 mln litr\u00f3w substancji niebezpiecznych w woj. \u015bl\u0105skim i opolskim"},"content":{"rendered":"\n<p><a href=\"https:\/\/czestochowa.policja.gov.pl\/\" target=\"_blank\" rel=\"noopener\">Policjanci<\/a> z cz\u0119stochowskiego wydzia\u0142u zwalczaj\u0105cego przest\u0119pczo\u015b\u0107 gospodarcz\u0105 zatrzymali 7 os\u00f3b, zwi\u0105zanych z grup\u0105 przest\u0119pcz\u0105, kt\u00f3ra sk\u0142adowa\u0142a substancje niebezpieczne na terenie woj. \u015bl\u0105skiego i opolskiego.<\/p>\n\n\n\n<p>4 m\u0119\u017cczyzn trafi\u0142o do aresztu, a 3 zosta\u0142y obj\u0119te policyjnym dozorem. \u0141\u0105cznie policjanci ujawnili oko\u0142o 1 mln litr\u00f3w niebezpiecznych substancji. Za sprowadzenie zdarzenia, kt\u00f3re zagra\u017ca \u017cyciu lub zdrowiu wielu os\u00f3b, grozi im teraz do 10 lat wi\u0119zienia.<\/p>\n\n\n\n<p>Grupa \u015bledczych z Cz\u0119stochowy zajmuj\u0105ca si\u0119 zwalczaniem gro\u017anego procederu sk\u0142adowania odpad\u00f3w niebezpiecznych zosta\u0142a powo\u0142ana przez Komendanta Wojew\u00f3dzkiego Policji w Katowicach pod koniec 2019 roku.<\/p>\n\n\n\n<figure class=\"wp-block-image size-large\"><img decoding=\"async\" width=\"1024\" height=\"666\" data-src=\"https:\/\/gazetaregionalna.com\/wp-content\/uploads\/2022\/04\/42-702363-1024x666.jpg\" alt=\"7 osob skazanych\" class=\"wp-image-76919 lazyload\" data-srcset=\"https:\/\/gazetaregionalna.com\/wp-content\/uploads\/2022\/04\/42-702363-1024x666.jpg 1024w, https:\/\/gazetaregionalna.com\/wp-content\/uploads\/2022\/04\/42-702363-300x195.jpg 300w, https:\/\/gazetaregionalna.com\/wp-content\/uploads\/2022\/04\/42-702363-768x499.jpg 768w, https:\/\/gazetaregionalna.com\/wp-content\/uploads\/2022\/04\/42-702363-696x452.jpg 696w, https:\/\/gazetaregionalna.com\/wp-content\/uploads\/2022\/04\/42-702363-1068x694.jpg 1068w, https:\/\/gazetaregionalna.com\/wp-content\/uploads\/2022\/04\/42-702363-646x420.jpg 646w, https:\/\/gazetaregionalna.com\/wp-content\/uploads\/2022\/04\/42-702363.jpg 1200w\" data-sizes=\"(max-width: 1024px) 100vw, 1024px\" src=\"data:image\/svg+xml;base64,PHN2ZyB3aWR0aD0iMSIgaGVpZ2h0PSIxIiB4bWxucz0iaHR0cDovL3d3dy53My5vcmcvMjAwMC9zdmciPjwvc3ZnPg==\" style=\"--smush-placeholder-width: 1024px; --smush-placeholder-aspect-ratio: 1024\/666;\" \/><figcaption>\u017ar\u00f3d\u0142o: KMP Cz\u0119stochowa<\/figcaption><\/figure>\n\n\n\n<p>Czynno\u015bci operacyjno-rozpoznawcze podejmowane s\u0105 w ramach post\u0119powania prowadzonego pod nadzorem Prokuratury Regionalnej w Katowicach. Do tej pory \u015bledczy zatrzymali 58 podejrzanych, 27 z nich trafi\u0142o do aresztu.<\/p>\n\n\n\n<p>W ubieg\u0142\u0105 \u015brod\u0119 cz\u0119stochowscy str\u00f3\u017ce prawa zatrzymali 7 os\u00f3b z wojew\u00f3dztwa \u015bl\u0105skiego w wieku od 29 do 58 lat w zwi\u0105zku ze sk\u0142adowaniem odpad\u00f3w niebezpiecznych zagra\u017caj\u0105cych \u017cyciu i zdrowiu wielu os\u00f3b.<\/p>\n\n\n\n<p>W 2017 roku na terenie K\u0119dzierzyna \u2013 Ko\u017ala (woj. opolskie) przest\u0119pcy zgromadzili oko\u0142o 700 tysi\u0119cy litr\u00f3w truj\u0105cych \u015bmieci, a w Pasiece (woj. \u015bl\u0105skie) oko\u0142o 300 tysi\u0119cy litr\u00f3w niebezpiecznych substancji.<\/p>\n\n\n\n<p>Truj\u0105ce \u015bmieci sk\u0142adowane by\u0142y w plastikowych mauzerach oraz w beczkach. Badania laboratoryjne wykaza\u0142y, \u017ce znajdowa\u0142y si\u0119 w nich substancje wysoko \u0142atwopalne, mutagenne i o w\u0142a\u015bciwo\u015bciach dra\u017cni\u0105cych i \u017cr\u0105cych. W zwi\u0105zku z tym, \u017ce by\u0142y one niew\u0142a\u015bciwie przechowywane, stanowi\u0142y realne zagro\u017cenie dla \u017cycia i zdrowia ludzi.<\/p>\n\n\n\n<figure class=\"wp-block-image size-large\"><img decoding=\"async\" width=\"1024\" height=\"668\" data-src=\"https:\/\/gazetaregionalna.com\/wp-content\/uploads\/2022\/04\/42-702361-1024x668.jpg\" alt=\"7 osob skazanych\" class=\"wp-image-76920 lazyload\" data-srcset=\"https:\/\/gazetaregionalna.com\/wp-content\/uploads\/2022\/04\/42-702361-1024x668.jpg 1024w, https:\/\/gazetaregionalna.com\/wp-content\/uploads\/2022\/04\/42-702361-300x196.jpg 300w, https:\/\/gazetaregionalna.com\/wp-content\/uploads\/2022\/04\/42-702361-768x501.jpg 768w, https:\/\/gazetaregionalna.com\/wp-content\/uploads\/2022\/04\/42-702361-696x454.jpg 696w, https:\/\/gazetaregionalna.com\/wp-content\/uploads\/2022\/04\/42-702361-1068x697.jpg 1068w, https:\/\/gazetaregionalna.com\/wp-content\/uploads\/2022\/04\/42-702361-644x420.jpg 644w, https:\/\/gazetaregionalna.com\/wp-content\/uploads\/2022\/04\/42-702361.jpg 1200w\" data-sizes=\"(max-width: 1024px) 100vw, 1024px\" src=\"data:image\/svg+xml;base64,PHN2ZyB3aWR0aD0iMSIgaGVpZ2h0PSIxIiB4bWxucz0iaHR0cDovL3d3dy53My5vcmcvMjAwMC9zdmciPjwvc3ZnPg==\" style=\"--smush-placeholder-width: 1024px; --smush-placeholder-aspect-ratio: 1024\/668;\" \/><figcaption>\u017ar\u00f3d\u0142o: KMP Cz\u0119stochowa<\/figcaption><\/figure>\n\n\n\n<p>Wszystkie zatrzymane osoby odpowiedz\u0105 za sprowadzenie zdarzenia powszechnie niebezpiecznego, kt\u00f3re zagra\u017ca \u017cyciu lub zdrowiu wielu os\u00f3b, a 6 dodatkowo us\u0142ysza\u0142o zarzut udzia\u0142u w zorganizowanej grupie przest\u0119pczej.<\/p>\n\n\n\n<p>Na wniosek prokuratora z Prokuratury Regionalnej w Katowicach, 4 m\u0119\u017cczyzn w wieku 58, 37, 42 i 44 lat trafi\u0142o do aresztu, a 3 osoby w wieku 50, 46 i 29 lat zosta\u0142y obj\u0119te policyjnym dozorem i maj\u0105 zakaz opuszczania kraju.<br><br>Ka\u017cdy, kto jest \u015bwiadkiem sk\u0142adowania odpad\u00f3w, powinien zawiadomi\u0107 odpowiednie s\u0142u\u017cby. Apel szczeg\u00f3lnie dotyczy os\u00f3b, kt\u00f3re mieszkaj\u0105 w pobli\u017cu ma\u0142o ucz\u0119szczanych miejsc, obiekt\u00f3w le\u015bnych, opuszczonych hal czy magazyn\u00f3w, o zwracanie uwagi na wzmo\u017cony ruch pojazd\u00f3w ci\u0119\u017carowych oraz os\u00f3b w takich miejscach.<\/p>\n\n\n\n<p>Swoje spostrze\u017cenia mo\u017cna zg\u0142asza\u0107 pod numerem alarmowym 997 lub 112, a tak\u017ce przez Internet \u2013 za pomoc\u0105 strony Krajowa Mapa Zagro\u017ce\u0144. Tylko wsp\u00f3lne dzia\u0142ania pozwol\u0105 na wykrycie przest\u0119pstw pope\u0142nianych przeciwko \u015brodowisku naturalnemu.<\/p>\n\n\n\n<p>W Wielkanoc natomiast cz\u0119stochowscy kryminalni schwytali 22-letniego dilera, tu\u017c po tym, jak ten sprzeda\u0142 16-latkowi kilkana\u015bcie tabletek ekstazy i kilka dzia\u0142ek marihuany. O szczeg\u00f3\u0142ach dzia\u0142a\u0144 policjant\u00f3w w tej sprawie przeczytasz <a href=\"https:\/\/gazetaregionalna.com\/lsd-ekstazy-amfetamina-tym-handlowal-ujety-diler\/\">tutaj<\/a>.<\/p>\n\n\n\n<p><strong>LN\u015a\/KMP Cz\u0119stochowa<\/strong><\/p>\n","protected":false},"excerpt":{"rendered":"<p>Policjanci z cz\u0119stochowskiego wydzia\u0142u zwalczaj\u0105cego przest\u0119pczo\u015b\u0107 gospodarcz\u0105 zatrzymali 7 os\u00f3b, zwi\u0105zanych z grup\u0105 przest\u0119pcz\u0105, kt\u00f3ra sk\u0142adowa\u0142a substancje niebezpieczne na terenie woj. \u015bl\u0105skiego i opolskiego.<\/p>\n","protected":false},"author":26,"featured_media":76921,"comment_status":"closed","ping_status":"open","sticky":false,"template":"","format":"standard","meta":{"_monsterinsights_skip_tracking":false,"_monsterinsights_sitenote_active":false,"_monsterinsights_sitenote_note":"","_monsterinsights_sitenote_category":0,"_uf_show_specific_survey":0,"_uf_disable_surveys":false,"footnotes":""},"categories":[44,94,2],"tags":[1600,4536,3495,4537],"class_list":["post-76917","post","type-post","status-publish","format-standard","has-post-thumbnail","hentry","category-bezpieczenstwo","category-polecane","category-wiadomosci","tag-czestochowska-policja","tag-odpady-niebezpieczne","tag-przestepcy","tag-srodowisko"],"_links":{"self":[{"href":"https:\/\/gazetaregionalna.com\/index.php?rest_route=\/wp\/v2\/posts\/76917","targetHints":{"allow":["GET"]}}],"collection":[{"href":"https:\/\/gazetaregionalna.com\/index.php?rest_route=\/wp\/v2\/posts"}],"about":[{"href":"https:\/\/gazetaregionalna.com\/index.php?rest_route=\/wp\/v2\/types\/post"}],"author":[{"embeddable":true,"href":"https:\/\/gazetaregionalna.com\/index.php?rest_route=\/wp\/v2\/users\/26"}],"replies":[{"embeddable":true,"href":"https:\/\/gazetaregionalna.com\/index.php?rest_route=%2Fwp%2Fv2%2Fcomments&post=76917"}],"version-history":[{"count":2,"href":"https:\/\/gazetaregionalna.com\/index.php?rest_route=\/wp\/v2\/posts\/76917\/revisions"}],"predecessor-version":[{"id":76923,"href":"https:\/\/gazetaregionalna.com\/index.php?rest_route=\/wp\/v2\/posts\/76917\/revisions\/76923"}],"wp:featuredmedia":[{"embeddable":true,"href":"https:\/\/gazetaregionalna.com\/index.php?rest_route=\/wp\/v2\/media\/76921"}],"wp:attachment":[{"href":"https:\/\/gazetaregionalna.com\/index.php?rest_route=%2Fwp%2Fv2%2Fmedia&parent=76917"}],"wp:term":[{"taxonomy":"category","embeddable":true,"href":"https:\/\/gazetaregionalna.com\/index.php?rest_route=%2Fwp%2Fv2%2Fcategories&post=76917"},{"taxonomy":"post_tag","embeddable":true,"href":"https:\/\/gazetaregionalna.com\/index.php?rest_route=%2Fwp%2Fv2%2Ftags&post=76917"}],"curies":[{"name":"wp","href":"https:\/\/api.w.org\/{rel}","templated":true}]}}