{"id":76909,"date":"2022-04-20T20:26:24","date_gmt":"2022-04-20T20:26:24","guid":{"rendered":"https:\/\/gazetaregionalna.com\/?p=76909"},"modified":"2022-04-20T20:36:06","modified_gmt":"2022-04-20T20:36:06","slug":"radosne-wiesci-ze-szczecina-rakow-wygral-w-srode-kluczowe-starcie-z-pogonia-i-walczy-o-mistrza-polski","status":"publish","type":"post","link":"https:\/\/gazetaregionalna.com\/?p=76909","title":{"rendered":"Radosne wie\u015bci ze Szczecina! Rak\u00f3w wygra\u0142 w \u015brod\u0119 kluczowe starcie z Pogoni\u0105, wywalczy\u0142 fotel lidera i walczy o mistrza Polski!"},"content":{"rendered":"\n<p>W rozegranym awansem meczu 31. kolejki PKO BP Ekstraklasy Rak\u00f3w wygra\u0142 w \u015brod\u0119 wieczorem bardzo wa\u017cny mecz w Szczecinie z Pogoni\u0105 i awansowa\u0142 na pozycj\u0119 lidera! Rak\u00f3w ma ju\u017c 3 punkty przewagi nad 3. dru\u017cyn\u0105 ze Szczecina i tyle samo punkt\u00f3w co wicelider Lech Pozna\u0144. Do zako\u0144czenia sezonu zosta\u0142y tylko cztery mecze&#8230;<\/p>\n\n\n\n<p>&#8211; Czeka nas wyzwanie, ale po to te\u017c walczyli\u015bmy przez ca\u0142y sezon, aby do takiej sytuacji doprowadzi\u0107. Jeste\u015bmy \u015bwiadomi rangi meczu i zrobimy wszystko, aby w Szczecinie wygra\u0107 \u2013 m\u00f3wi\u0142 we wtorek trener Rakowa Marek Papszun.<\/p>\n\n\n\n<p>Przed meczem jedno by\u0142o pewne. Ten zesp\u00f3\u0142, kt\u00f3ry wygra b\u0119dzie blisko mistrzostwa Polski, a pora\u017cka sprawi, \u017ce kto\u015b spadnie na 3. miejsce i b\u0119dzie mia\u0142 tylko teoretyczne szanse na z\u0142oto i mistrzostwo Polski. Cho\u0107 waga meczu by\u0142a ogromna, to trenerzy pr\u00f3bowali tonowa\u0107 nastroje&#8230;<\/p>\n\n\n\n<p>Rak\u00f3w zremisowa\u0142 w rundzie jesiennej w Cz\u0119stochowie z Pogoni\u0105 dlatego, aby przy r\u00f3wnej ilo\u015bci punkt\u00f3w aby by\u0107 lepszym od Pogoni, musia\u0142 po prostu wygra\u0107 w Szczecinie. Pogo\u0144 przed meczem z Rakowem mia\u0142a lepszy bilans bramek i przy kolejnym remisie to Pogo\u0144 by\u0142aby wy\u017cej w tabeli PKO BP Ekstraklasy&#8230;<\/p>\n\n\n\n<p>Pi\u0142karze Rakowa zas\u0142u\u017cyli na medal i du\u017ce brawa. Po raz kolejny udowodnili sobie i swoim kibicom, \u017ce potrafi\u0105 gra\u0107 i wygrywa\u0107 w bardzo trudnych spotkaniach. Tak przecie\u017c by\u0142o w Poznaniu gdy wygrali z Lechem 1:0 czy w Radomiu, kiedy jako pierwsi pokonali silnego Radomiaka 1:0&#8230;<\/p>\n\n\n\n<p>Pocz\u0105tek spotkania to szybka gra Pogoni i Rakowa. Rak\u00f3w by\u0142 cz\u0119\u015bciej przy pi\u0142ce i pr\u00f3bowa\u0142 r\u00f3\u017cnymi kombinacyjnymi akcjami zaskoczy\u0107 bramkarza gospodarzy. Pogo\u0144 te\u017c odpowiada\u0142a swoimi akcjami, ale nic z tego nie wysz\u0142o. W 25. minucie gospodarze przeprowadzili szybk\u0105 kontr\u0119. Pi\u0142k\u0119 na lewej stronie otrzyma\u0142 Kamil Grosicki. Reprezentant Polski wbieg\u0142 w pole karne Rakowa, min\u0105\u0142 interweniuj\u0105cego w\u015blizgiem Tomasa Petraska i mocnym strza\u0142em z bliskiej odleg\u0142o\u015bci wbi\u0142 pi\u0142k\u0119 do bramki Rakowa&#8230; Pogo\u0144 utrzyma\u0142a prowadzenie do ko\u0144ca pierwszej cz\u0119\u015bci spotkania.<\/p>\n\n\n\n<p>W przerwie w szatni Rakowa musia\u0142y pa\u015b\u0107 powa\u017cne rozmowy. Trener Rakowa Marek Papszun przed rozpocz\u0119ciem drugiej cz\u0119\u015bci spotkania zdecydowa\u0142 si\u0119 a\u017c na 3 zmiany. Z boiska zeszli: Szymon Czy\u017c, Fabio Sturgeon i Sebastian Musiolik, a weszli Ben Lederman, Wiktor D\u0142ugosz i Vladislavs Gotkovskis. I w\u0142a\u015bnie Gutkovskis ju\u017c w 47. minucie pi\u0119knym strza\u0142em doprowadzi\u0142 do wyr\u00f3wnania na 1:1!<\/p>\n\n\n\n<p>Rak\u00f3w po zdobyciu bramki odzyska\u0142 wiar\u0119 w zwyci\u0119stwo i ponownie zacz\u0105\u0142 gro\u017anie atakowa\u0107 gospodarzy. Ale te\u017c w kilku sytuacjach musia\u0142 si\u0119 umiej\u0119tnie broni\u0107&#8230; A\u017c do 78. minuty. Lider w klasyfikacji na kr\u00f3la strzelc\u00f3w PKO BP Ekstraklasy Hiszpan Ivi Lopez otrzyma\u0142 pi\u0142k\u0119 na lewym skrzydle. Min\u0105\u0142 dw\u00f3ch rywali i precyzyjnym strza\u0142em wyprowadzi\u0142 Rak\u00f3w na prowadzenie 2:1! To ju\u017c 17 gol \u201eIviego\u201d w obecnym sezonie!<\/p>\n\n\n\n<p>Rak\u00f3w utrzyma\u0142 prowadzenie do ko\u0144ca meczu i wywi\u00f3z\u0142 ze Szczecina bardzo cenne 3 punkty&#8230;<\/p>\n\n\n\n<p><strong>MR-K<\/strong>, <strong>AK<\/strong>, foto: <strong>Jakub Ziemianin<\/strong> &#8211; rakow.com\/ twitter.com\/Rakow1921<\/p>\n\n\n\n<p><strong>Pogo\u0144 Szczecin \u2013 Rak\u00f3w Cz\u0119stochowa 1:2 (1:0)<\/strong><\/p>\n\n\n\n<p><strong>Bramki:<\/strong> 1:0 Grosicki (25.), 1:1 Gutkovskis (47.), 1:2 Ivi Lopez (78.)<\/p>\n\n\n\n<p><strong>Rak\u00f3w:<\/strong> Kovacevi\u0107 \u2013 Petrasek, Rundi\u0107, Tudor, Czy\u017c (46. Lederman), Papanikolau, Sturgeon (46. D\u0142ugosz), Sorescu, Wdowiak (73. Cebula), Ivi Lopez (90. Arak), Musiolik (46. Gutkovskis).<\/p>\n\n\n\n<figure class=\"wp-block-image size-large\"><img decoding=\"async\" width=\"1024\" height=\"683\" data-src=\"https:\/\/gazetaregionalna.com\/wp-content\/uploads\/2022\/04\/Szczecin-Rakow-1-1024x683.jpg\" alt=\"\" class=\"wp-image-76906 lazyload\" data-srcset=\"https:\/\/gazetaregionalna.com\/wp-content\/uploads\/2022\/04\/Szczecin-Rakow-1-1024x683.jpg 1024w, https:\/\/gazetaregionalna.com\/wp-content\/uploads\/2022\/04\/Szczecin-Rakow-1-300x200.jpg 300w, https:\/\/gazetaregionalna.com\/wp-content\/uploads\/2022\/04\/Szczecin-Rakow-1-768x512.jpg 768w, https:\/\/gazetaregionalna.com\/wp-content\/uploads\/2022\/04\/Szczecin-Rakow-1-1536x1024.jpg 1536w, https:\/\/gazetaregionalna.com\/wp-content\/uploads\/2022\/04\/Szczecin-Rakow-1-696x464.jpg 696w, https:\/\/gazetaregionalna.com\/wp-content\/uploads\/2022\/04\/Szczecin-Rakow-1-1068x712.jpg 1068w, https:\/\/gazetaregionalna.com\/wp-content\/uploads\/2022\/04\/Szczecin-Rakow-1-1920x1280.jpg 1920w, https:\/\/gazetaregionalna.com\/wp-content\/uploads\/2022\/04\/Szczecin-Rakow-1-630x420.jpg 630w, https:\/\/gazetaregionalna.com\/wp-content\/uploads\/2022\/04\/Szczecin-Rakow-1.jpg 1600w\" data-sizes=\"(max-width: 1024px) 100vw, 1024px\" src=\"data:image\/svg+xml;base64,PHN2ZyB3aWR0aD0iMSIgaGVpZ2h0PSIxIiB4bWxucz0iaHR0cDovL3d3dy53My5vcmcvMjAwMC9zdmciPjwvc3ZnPg==\" style=\"--smush-placeholder-width: 1024px; --smush-placeholder-aspect-ratio: 1024\/683;\" \/><\/figure>\n\n\n\n<figure class=\"wp-block-image size-large\"><img decoding=\"async\" width=\"300\" height=\"250\" data-src=\"https:\/\/gazetaregionalna.com\/wp-content\/uploads\/2021\/10\/DMKInvest2.jpg\" alt=\"\" class=\"wp-image-58380 lazyload\" src=\"data:image\/svg+xml;base64,PHN2ZyB3aWR0aD0iMSIgaGVpZ2h0PSIxIiB4bWxucz0iaHR0cDovL3d3dy53My5vcmcvMjAwMC9zdmciPjwvc3ZnPg==\" style=\"--smush-placeholder-width: 300px; --smush-placeholder-aspect-ratio: 300\/250;\"><\/figure>\n\n\n\n<figure class=\"wp-block-image size-large\"><img decoding=\"async\" width=\"1024\" height=\"683\" data-src=\"https:\/\/gazetaregionalna.com\/wp-content\/uploads\/2022\/04\/Szczecin-Rakow-2-1024x683.jpg\" alt=\"\" class=\"wp-image-76907 lazyload\" data-srcset=\"https:\/\/gazetaregionalna.com\/wp-content\/uploads\/2022\/04\/Szczecin-Rakow-2-1024x683.jpg 1024w, https:\/\/gazetaregionalna.com\/wp-content\/uploads\/2022\/04\/Szczecin-Rakow-2-300x200.jpg 300w, https:\/\/gazetaregionalna.com\/wp-content\/uploads\/2022\/04\/Szczecin-Rakow-2-768x512.jpg 768w, https:\/\/gazetaregionalna.com\/wp-content\/uploads\/2022\/04\/Szczecin-Rakow-2-1536x1024.jpg 1536w, https:\/\/gazetaregionalna.com\/wp-content\/uploads\/2022\/04\/Szczecin-Rakow-2-696x464.jpg 696w, https:\/\/gazetaregionalna.com\/wp-content\/uploads\/2022\/04\/Szczecin-Rakow-2-1068x712.jpg 1068w, https:\/\/gazetaregionalna.com\/wp-content\/uploads\/2022\/04\/Szczecin-Rakow-2-1920x1280.jpg 1920w, https:\/\/gazetaregionalna.com\/wp-content\/uploads\/2022\/04\/Szczecin-Rakow-2-630x420.jpg 630w, https:\/\/gazetaregionalna.com\/wp-content\/uploads\/2022\/04\/Szczecin-Rakow-2.jpg 1600w\" data-sizes=\"(max-width: 1024px) 100vw, 1024px\" src=\"data:image\/svg+xml;base64,PHN2ZyB3aWR0aD0iMSIgaGVpZ2h0PSIxIiB4bWxucz0iaHR0cDovL3d3dy53My5vcmcvMjAwMC9zdmciPjwvc3ZnPg==\" style=\"--smush-placeholder-width: 1024px; --smush-placeholder-aspect-ratio: 1024\/683;\" \/><\/figure>\n","protected":false},"excerpt":{"rendered":"<p>W rozegranym awansem meczu 31. kolejki PKO BP Ekstraklasy Rak\u00f3w wygra\u0142 w \u015brod\u0119 wieczorem bardzo wa\u017cny mecz w Szczecinie z Pogoni\u0105 i awansowa\u0142 na<\/p>\n","protected":false},"author":15,"featured_media":76907,"comment_status":"closed","ping_status":"open","sticky":false,"template":"","format":"standard","meta":{"_monsterinsights_skip_tracking":false,"_monsterinsights_sitenote_active":false,"_monsterinsights_sitenote_note":"","_monsterinsights_sitenote_category":0,"_uf_show_specific_survey":0,"_uf_disable_surveys":false,"footnotes":""},"categories":[94,6,5],"tags":[],"class_list":["post-76909","post","type-post","status-publish","format-standard","has-post-thumbnail","hentry","category-polecane","category-pilka-nozna","category-sport"],"_links":{"self":[{"href":"https:\/\/gazetaregionalna.com\/index.php?rest_route=\/wp\/v2\/posts\/76909","targetHints":{"allow":["GET"]}}],"collection":[{"href":"https:\/\/gazetaregionalna.com\/index.php?rest_route=\/wp\/v2\/posts"}],"about":[{"href":"https:\/\/gazetaregionalna.com\/index.php?rest_route=\/wp\/v2\/types\/post"}],"author":[{"embeddable":true,"href":"https:\/\/gazetaregionalna.com\/index.php?rest_route=\/wp\/v2\/users\/15"}],"replies":[{"embeddable":true,"href":"https:\/\/gazetaregionalna.com\/index.php?rest_route=%2Fwp%2Fv2%2Fcomments&post=76909"}],"version-history":[{"count":3,"href":"https:\/\/gazetaregionalna.com\/index.php?rest_route=\/wp\/v2\/posts\/76909\/revisions"}],"predecessor-version":[{"id":76916,"href":"https:\/\/gazetaregionalna.com\/index.php?rest_route=\/wp\/v2\/posts\/76909\/revisions\/76916"}],"wp:featuredmedia":[{"embeddable":true,"href":"https:\/\/gazetaregionalna.com\/index.php?rest_route=\/wp\/v2\/media\/76907"}],"wp:attachment":[{"href":"https:\/\/gazetaregionalna.com\/index.php?rest_route=%2Fwp%2Fv2%2Fmedia&parent=76909"}],"wp:term":[{"taxonomy":"category","embeddable":true,"href":"https:\/\/gazetaregionalna.com\/index.php?rest_route=%2Fwp%2Fv2%2Fcategories&post=76909"},{"taxonomy":"post_tag","embeddable":true,"href":"https:\/\/gazetaregionalna.com\/index.php?rest_route=%2Fwp%2Fv2%2Ftags&post=76909"}],"curies":[{"name":"wp","href":"https:\/\/api.w.org\/{rel}","templated":true}]}}