{"id":76908,"date":"2022-04-20T20:25:51","date_gmt":"2022-04-20T20:25:51","guid":{"rendered":"https:\/\/gazetaregionalna.com\/?p=76908"},"modified":"2022-04-20T20:25:52","modified_gmt":"2022-04-20T20:25:52","slug":"w-czestochowskich-szkolach-trwa-zbiorka-elektroodpadow","status":"publish","type":"post","link":"https:\/\/gazetaregionalna.com\/?p=76908","title":{"rendered":"W cz\u0119stochowskich szko\u0142ach podstawowych trwa \u201eWielka zbi\u00f3rka elektroodpad\u00f3w\u201d"},"content":{"rendered":"\n<h2 class=\"wp-block-heading\"><strong>Konkurs \u201eWielka zbi\u00f3rka elektroodpad\u00f3w\u201d zako\u0144czy si\u0119 3 czerwca. Bior\u0105 w nim udzia\u0142 uczniowie szk\u00f3\u0142 podstawowych, a trzy najlepsze szko\u0142y otrzymaj\u0105 nagrody finansowe.<\/strong><\/h2>\n\n\n\n<p>Zbierany jest zar\u00f3wno elektroniczny sprz\u0119t RTV i AGD (monitory, zmywarki, telefony) \u2013 tu przyda si\u0119 pomoc doros\u0142ych, jak i drobne rzeczy, takie jak np. zu\u017cyte baterie.<\/p>\n\n\n\n<p>Konkurs zorganizowa\u0142a cz\u0119stochowska firma Stala Group, a do wzi\u0119cia udzia\u0142u w tej ekologicznej i elektronicznej rywalizacji zach\u0119ca Centrum Us\u0142ug Komunalnych.<\/p>\n\n\n\n<p>Zainteresowane konkursem szko\u0142y nadal mog\u0105 zg\u0142asza\u0107 sw\u00f3j udzia\u0142, jednak na pewno im szybciej to zrobi\u0105, tym wi\u0119cej elektro\u015bmieci uda si\u0119 nazbiera\u0107. Zg\u0142oszenia trzeba przysy\u0142a\u0107 na adres: konkurs@stalagroup.pl<\/p>\n\n\n\n<p>Uczestnicy konkursu b\u0119d\u0105 mogli r\u00f3wnie\u017c obejrze\u0107 film edukacyjny, z kt\u00f3rego dowiedz\u0105 si\u0119 w jaki spos\u00f3b chroni\u0107 \u015brodowisko przez w\u0142a\u015bciw\u0105 segregacj\u0119 \u015bmieci.<\/p>\n\n\n\n<p>Termin zako\u0144czenia zbi\u00f3rki przewidziany jest na 3 czerwca, a og\u0142oszenie wynik\u00f3w odb\u0119dzie si\u0119 6 czerwca.<br><br><br><\/p>\n","protected":false},"excerpt":{"rendered":"<p>Konkurs \u201eWielka zbi\u00f3rka elektroodpad\u00f3w\u201d zako\u0144czy si\u0119 3 czerwca. Bior\u0105 w nim udzia\u0142 uczniowie szk\u00f3\u0142 podstawowych, a trzy najlepsze szko\u0142y otrzymaj\u0105 nagrody finansowe. Zbierany jest<\/p>\n","protected":false},"author":24,"featured_media":76911,"comment_status":"closed","ping_status":"open","sticky":false,"template":"","format":"standard","meta":{"_monsterinsights_skip_tracking":false,"_monsterinsights_sitenote_active":false,"_monsterinsights_sitenote_note":"","_monsterinsights_sitenote_category":0,"_uf_show_specific_survey":0,"_uf_disable_surveys":false,"footnotes":""},"categories":[29,3],"tags":[],"class_list":["post-76908","post","type-post","status-publish","format-standard","has-post-thumbnail","hentry","category-ekologia","category-czestochowa-informacje"],"_links":{"self":[{"href":"https:\/\/gazetaregionalna.com\/index.php?rest_route=\/wp\/v2\/posts\/76908","targetHints":{"allow":["GET"]}}],"collection":[{"href":"https:\/\/gazetaregionalna.com\/index.php?rest_route=\/wp\/v2\/posts"}],"about":[{"href":"https:\/\/gazetaregionalna.com\/index.php?rest_route=\/wp\/v2\/types\/post"}],"author":[{"embeddable":true,"href":"https:\/\/gazetaregionalna.com\/index.php?rest_route=\/wp\/v2\/users\/24"}],"replies":[{"embeddable":true,"href":"https:\/\/gazetaregionalna.com\/index.php?rest_route=%2Fwp%2Fv2%2Fcomments&post=76908"}],"version-history":[{"count":2,"href":"https:\/\/gazetaregionalna.com\/index.php?rest_route=\/wp\/v2\/posts\/76908\/revisions"}],"predecessor-version":[{"id":76912,"href":"https:\/\/gazetaregionalna.com\/index.php?rest_route=\/wp\/v2\/posts\/76908\/revisions\/76912"}],"wp:featuredmedia":[{"embeddable":true,"href":"https:\/\/gazetaregionalna.com\/index.php?rest_route=\/wp\/v2\/media\/76911"}],"wp:attachment":[{"href":"https:\/\/gazetaregionalna.com\/index.php?rest_route=%2Fwp%2Fv2%2Fmedia&parent=76908"}],"wp:term":[{"taxonomy":"category","embeddable":true,"href":"https:\/\/gazetaregionalna.com\/index.php?rest_route=%2Fwp%2Fv2%2Fcategories&post=76908"},{"taxonomy":"post_tag","embeddable":true,"href":"https:\/\/gazetaregionalna.com\/index.php?rest_route=%2Fwp%2Fv2%2Ftags&post=76908"}],"curies":[{"name":"wp","href":"https:\/\/api.w.org\/{rel}","templated":true}]}}