{"id":76849,"date":"2022-04-20T08:23:00","date_gmt":"2022-04-20T08:23:00","guid":{"rendered":"https:\/\/gazetaregionalna.com\/?p=76849"},"modified":"2022-04-20T08:23:01","modified_gmt":"2022-04-20T08:23:01","slug":"lsd-ekstazy-amfetamina-tym-handlowal-ujety-diler","status":"publish","type":"post","link":"https:\/\/gazetaregionalna.com\/?p=76849","title":{"rendered":"LSD, ekstazy i amfetamina \u2013 tym mi\u0119dzy innymi handlowa\u0142 uj\u0119ty przez cz\u0119stochowsk\u0105 policj\u0119 22-latek"},"content":{"rendered":"\n<p><strong>W Wielkanoc cz\u0119stochowscy kryminalni zatrzymali 22-letniego dilera w momencie, gdy ten przekaza\u0142 16-latkowi kilkana\u015bcie tabletek ekstazy i kilka dzia\u0142ek marihuany.<\/strong><\/p>\n\n\n\n<p>Kryminalni opr\u00f3cz pozyskiwania informacji, gromadzenia danych i poddawania ich analizie, codziennie zatrzymuj\u0105 osoby, kt\u00f3re maj\u0105 zwi\u0105zek z przest\u0119pczo\u015bci\u0105 narkotykow\u0105. W ostatnim czasie w ich r\u0119ce wpad\u0142o ju\u017c kilku diler\u00f3w, kt\u00f3rzy posiadali spore ilo\u015bci \u015brodk\u00f3w odurzaj\u0105cych. Wi\u0119cej na ten temat przeczytasz m.in. <a href=\"https:\/\/gazetaregionalna.com\/22-latek-mial-przy-sobie-1500-dzialek-amfetaminy-i-mefedronu\/\">tutaj<\/a>.<\/p>\n\n\n\n<p>W niedziel\u0119 wielkanocn\u0105 zatrzymali 22-letniego cz\u0119stochowianina, kt\u00f3ry posiada\u0142 1150 dzia\u0142ek dilerskich amfetaminy, prawie 60 porcji marihuany oraz ponad 100 tabletek ekstazy i 65 znaczk\u00f3w LSD.<\/p>\n\n\n\n<p>Nieumundurowani str\u00f3\u017ce prawa zatrzymali dilera na gor\u0105cym uczynku zaraz po tym, jak wr\u0119czy\u0142 kilkana\u015bcie sztuk tabletek ekstazy i kilka dzia\u0142ek dilerskich zielonego suszu ma\u0142oletniemu mieszka\u0144cowi Cz\u0119stochowy.<\/p>\n\n\n\n<p>Prokurator z cz\u0119stochowskiej prokuratury skierowa\u0142 do s\u0105du wniosek o zastosowanie wzgl\u0119dem 22-latka tymczasowego aresztu. S\u0105d zdecydowa\u0142, \u017ce cz\u0119stochowianin sp\u0119dzi tam 3 miesi\u0105ce. Teraz grozi mu nawet do 10 lat pozbawienia wolno\u015bci.<\/p>\n\n\n\n<p>Je\u015bli wiesz, ze Twoje dziecko ma kontakt z substancjami psychoaktywnymi i w zwi\u0105zku z tym potrzebujesz wsparcia lub informacji w zakresie pomocy psychologicznej dla os\u00f3b niepe\u0142noletnich, przyjmuj\u0105cych \u015brodki odurzaj\u0105ce, zadzwo\u0144 na bezp\u0142atn\u0105 i anonimow\u0105 infolini\u0119 pod numer 800 100 100 lub skontaktuj si\u0119 ze swoim dzielnicowym.<\/p>\n\n\n\n<p>Je\u015bli nie znasz numeru telefonu do swojego dzielnicowego, warto w\u00f3wczas skorzysta\u0107 z aplikacji Moja Komenda, kt\u00f3r\u0105 mo\u017cna pobra\u0107 zar\u00f3wno na <a href=\"https:\/\/play.google.com\/store\/apps\/details?id=com.altconnect.android.mk\" target=\"_blank\" rel=\"noopener\">Androida<\/a>, jak i <a href=\"https:\/\/apps.apple.com\/pl\/app\/moja-komenda\/id919504159\" target=\"_blank\" rel=\"noopener\">iOS<\/a>. Wi\u0119cej o aplikacji przeczytasz pod tym <a href=\"https:\/\/gazetaregionalna.com\/aplikacja-moja-komenda\/\">linkiem<\/a>.<\/p>\n\n\n\n<p><strong>LN\u015a\/KMP Cz\u0119stochowa<\/strong><\/p>\n","protected":false},"excerpt":{"rendered":"<p>W Wielkanoc cz\u0119stochowscy kryminalni zatrzymali 22-letniego dilera w momencie, gdy ten przekaza\u0142 16-latkowi kilkana\u015bcie tabletek ekstazy i kilka dzia\u0142ek marihuany. Kryminalni opr\u00f3cz pozyskiwania informacji,<\/p>\n","protected":false},"author":26,"featured_media":76852,"comment_status":"closed","ping_status":"open","sticky":false,"template":"","format":"standard","meta":{"_monsterinsights_skip_tracking":false,"_monsterinsights_sitenote_active":false,"_monsterinsights_sitenote_note":"","_monsterinsights_sitenote_category":0,"_uf_show_specific_survey":0,"_uf_disable_surveys":false,"footnotes":""},"categories":[44,3,2],"tags":[144,4466,4381,178],"class_list":["post-76849","post","type-post","status-publish","format-standard","has-post-thumbnail","hentry","category-bezpieczenstwo","category-czestochowa-informacje","category-wiadomosci","tag-czestochowa","tag-czestochowscy-kryminalni","tag-diler","tag-narkotyki"],"_links":{"self":[{"href":"https:\/\/gazetaregionalna.com\/index.php?rest_route=\/wp\/v2\/posts\/76849","targetHints":{"allow":["GET"]}}],"collection":[{"href":"https:\/\/gazetaregionalna.com\/index.php?rest_route=\/wp\/v2\/posts"}],"about":[{"href":"https:\/\/gazetaregionalna.com\/index.php?rest_route=\/wp\/v2\/types\/post"}],"author":[{"embeddable":true,"href":"https:\/\/gazetaregionalna.com\/index.php?rest_route=\/wp\/v2\/users\/26"}],"replies":[{"embeddable":true,"href":"https:\/\/gazetaregionalna.com\/index.php?rest_route=%2Fwp%2Fv2%2Fcomments&post=76849"}],"version-history":[{"count":1,"href":"https:\/\/gazetaregionalna.com\/index.php?rest_route=\/wp\/v2\/posts\/76849\/revisions"}],"predecessor-version":[{"id":76853,"href":"https:\/\/gazetaregionalna.com\/index.php?rest_route=\/wp\/v2\/posts\/76849\/revisions\/76853"}],"wp:featuredmedia":[{"embeddable":true,"href":"https:\/\/gazetaregionalna.com\/index.php?rest_route=\/wp\/v2\/media\/76852"}],"wp:attachment":[{"href":"https:\/\/gazetaregionalna.com\/index.php?rest_route=%2Fwp%2Fv2%2Fmedia&parent=76849"}],"wp:term":[{"taxonomy":"category","embeddable":true,"href":"https:\/\/gazetaregionalna.com\/index.php?rest_route=%2Fwp%2Fv2%2Fcategories&post=76849"},{"taxonomy":"post_tag","embeddable":true,"href":"https:\/\/gazetaregionalna.com\/index.php?rest_route=%2Fwp%2Fv2%2Ftags&post=76849"}],"curies":[{"name":"wp","href":"https:\/\/api.w.org\/{rel}","templated":true}]}}